{"id":652838,"date":"2025-12-04T11:54:53","date_gmt":"2025-12-04T15:54:53","guid":{"rendered":"https:\/\/diariodominicano.com\/?p=652838"},"modified":"2025-12-04T17:32:45","modified_gmt":"2025-12-04T21:32:45","slug":"grupos-solidarios-espanoles-denuncian-escalada-contra-venezuela-fotos","status":"publish","type":"post","link":"https:\/\/diariodominicano.com\/?p=652838","title":{"rendered":"Grupos solidarios espa\u00f1oles denuncian escalada contra Venezuela"},"content":{"rendered":"\n<p>Madrid, 4 dic (Prensa Latina) Grupos de amistad y solidaridad con Venezuela en Espa\u00f1a denunciaron hoy la escalada militarista y agresiva de Estados Unidos, al tiempo que reiteraron su apoyo al Gobierno de Nicol\u00e1s Maduro.<\/p>\n\n\n\n<p><a href=\"https:\/\/www.prensa-latina.cu\/2025\/12\/04\/\"><time>diciembre 4, 2025 | <\/time><\/a><\/p>\n\n\n\n<p>Bajo el enunciado Am\u00e9rica Latina Zona de Paz, el Movimiento de Solidaridad con Venezuela en Espa\u00f1a realiz\u00f3 un mitin en esta capital, donde diversos oradores expusieron la realidad actual en el Caribe y los anhelos de dominio en la regi\u00f3n de la administraci\u00f3n de Donald Trump.<\/p>\n\n\n\n<p>Desde la \u00f3ptima de la Internacional Antifascista, Cap\u00edtulo Madrid y con amplia participaci\u00f3n, la activista Aracelis Escudero remarc\u00f3 el espaldarazo al pueblo y gobierno venezolanos y el rechazo a las maniobras de EEUU para asfixiar a la naci\u00f3n sudamericana.<\/p>\n\n\n\n<figure class=\"wp-block-image\"><img decoding=\"async\" src=\"https:\/\/www.prensa-latina.cu\/wp-content\/uploads\/2025\/12\/venezuela-espana-2.jpeg\" alt=\"\" class=\"wp-image-1674827\"\/><\/figure>\n\n\n\n<p>Entre los aspectos abordados en el encuentro, se detall\u00f3 que desde agosto pasado, Washington mantiene desplegada una fuerza militar de mucha importancia, justific\u00e1ndola como parte de la lucha antidrogas.<\/p>\n\n\n\n<p>Asimismo, anunci\u00f3 la operaci\u00f3n Lanza del Sur, con el supuesto prop\u00f3sito oficial de eliminar a los narcos y proteger a Estados Unidos de las drogas. El objetivo real es un cambio de r\u00e9gimen para apoderarse del petr\u00f3leo y de las riquezas de Venezuela, acot\u00f3.<\/p>\n\n\n\n<p>Durante las intervenciones efectuadas en la actividad se explic\u00f3 que d\u00edas atr\u00e1s la naci\u00f3n norte\u00f1a anunci\u00f3 el cierre del espacio a\u00e9reo de Venezuela, \u201cnuevo acto agresivo para el que ning\u00fan estado tiene autoridad fuera de sus fronteras nacionales, lo que deber\u00eda convocar el m\u00e1s firme rechazo de la comunidad internacional\u201d.<\/p>\n\n\n\n<p>Constituye una grav\u00edsima amenaza al derecho internacional y un incremento en la escalada de la agresi\u00f3n militar, con consecuencias incalculables para la paz y la estabilidad en Am\u00e9rica Latina y el Caribe, sentenciaron.<\/p>\n\n\n\n<figure class=\"wp-block-image\"><img decoding=\"async\" src=\"https:\/\/www.prensa-latina.cu\/wp-content\/uploads\/2025\/12\/VENEZUELA.jpg\" alt=\"\" class=\"wp-image-1674828\"\/><\/figure>\n\n\n\n<p>Consideraron que la agresi\u00f3n contra Venezuela es una guerra multidimensional, econ\u00f3mica, financiera y comunicacional.<\/p>\n\n\n\n<p>\u201cAll\u00ed se est\u00e1 jugando una partida global y su derrota ser\u00eda una derrota para todos los pueblos que luchan contra la explotaci\u00f3n y por su soberan\u00eda y su victoria demuestra que ya se est\u00e1 forjando un nuevo mundo\u201d, recalcaron.<\/p>\n\n\n\n<p>Desde aqu\u00ed hacemos un llamamiento a la movilizaci\u00f3n popular en defensa de la soberan\u00eda y la paz de Venezuela y de la regi\u00f3n, porque los pueblos sin paz no se pueden desarrollar y Venezuela es una zona de paz y as\u00ed queremos que siga siendo, concluyeron.<\/p>\n\n\n\n<p>En el acto tom\u00f3 parte, adem\u00e1s, la embajadora de Venezuela en Espa\u00f1a, Gladys Guti\u00e9rrez.<\/p>\n\n\n\n<p>npg\/ft<\/p>\n\n\n\n<ul class=\"wp-block-list\">\n<li>#<a href=\"https:\/\/www.prensa-latina.cu\/etiqueta\/solidaridad\/\">solidaridad<\/a>&nbsp;#<a href=\"https:\/\/www.prensa-latina.cu\/etiqueta\/venezuela\/\">Venezuela<\/a><\/li>\n<\/ul>\n","protected":false},"excerpt":{"rendered":"<p>Madrid, 4 dic (Prensa Latina) Grupos de amistad y solidaridad con Venezuela en Espa\u00f1a denunciaron hoy la escalada militarista y agresiva de Estados Unidos, al tiempo que reiteraron su apoyo al Gobierno de Nicol\u00e1s Maduro. diciembre 4, 2025 | Bajo el enunciado Am\u00e9rica Latina Zona de Paz, el Movimiento de Solidaridad con Venezuela en Espa\u00f1a [&hellip;]<\/p>\n","protected":false},"author":2,"featured_media":652839,"comment_status":"closed","ping_status":"closed","sticky":true,"template":"","format":"standard","meta":{"footnotes":""},"categories":[23,27],"tags":[1375],"class_list":["post-652838","post","type-post","status-publish","format-standard","has-post-thumbnail","hentry","category-internacional","category-portada","tag-venezuela"],"_links":{"self":[{"href":"https:\/\/diariodominicano.com\/index.php?rest_route=\/wp\/v2\/posts\/652838","targetHints":{"allow":["GET"]}}],"collection":[{"href":"https:\/\/diariodominicano.com\/index.php?rest_route=\/wp\/v2\/posts"}],"about":[{"href":"https:\/\/diariodominicano.com\/index.php?rest_route=\/wp\/v2\/types\/post"}],"author":[{"embeddable":true,"href":"https:\/\/diariodominicano.com\/index.php?rest_route=\/wp\/v2\/users\/2"}],"replies":[{"embeddable":true,"href":"https:\/\/diariodominicano.com\/index.php?rest_route=%2Fwp%2Fv2%2Fcomments&post=652838"}],"version-history":[{"count":2,"href":"https:\/\/diariodominicano.com\/index.php?rest_route=\/wp\/v2\/posts\/652838\/revisions"}],"predecessor-version":[{"id":652949,"href":"https:\/\/diariodominicano.com\/index.php?rest_route=\/wp\/v2\/posts\/652838\/revisions\/652949"}],"wp:featuredmedia":[{"embeddable":true,"href":"https:\/\/diariodominicano.com\/index.php?rest_route=\/wp\/v2\/media\/652839"}],"wp:attachment":[{"href":"https:\/\/diariodominicano.com\/index.php?rest_route=%2Fwp%2Fv2%2Fmedia&parent=652838"}],"wp:term":[{"taxonomy":"category","embeddable":true,"href":"https:\/\/diariodominicano.com\/index.php?rest_route=%2Fwp%2Fv2%2Fcategories&post=652838"},{"taxonomy":"post_tag","embeddable":true,"href":"https:\/\/diariodominicano.com\/index.php?rest_route=%2Fwp%2Fv2%2Ftags&post=652838"}],"curies":[{"name":"wp","href":"https:\/\/api.w.org\/{rel}","templated":true}]}}