{"id":652773,"date":"2025-12-04T02:59:54","date_gmt":"2025-12-04T06:59:54","guid":{"rendered":"https:\/\/diariodominicano.com\/?p=652773"},"modified":"2025-12-04T03:46:51","modified_gmt":"2025-12-04T07:46:51","slug":"el-conep-y-pnud-reconocen-19-iniciativas-empresariales-en-la-quinta-edicion-del-catalogo-de-practicas-prometedoras","status":"publish","type":"post","link":"https:\/\/diariodominicano.com\/?p=652773","title":{"rendered":"El CONEP y PNUD reconocen 19 iniciativas empresariales en la quinta edici\u00f3n del Cat\u00e1logo de Pr\u00e1cticas Prometedoras"},"content":{"rendered":"\n<p>Santo Domingo, 3 de diciembre de 2025. \u2013 El Consejo Nacional de la Empresa Privada (CONEP) y el Programa de las Naciones Unidas para el Desarrollo (PNUD) presentaron la quinta edici\u00f3n del Cat\u00e1logo de Pr\u00e1cticas Prometedoras, reconociendo 19 iniciativas empresariales que elevan el est\u00e1ndar nacional en sostenibilidad, innovaci\u00f3n y desarrollo humano.<\/p>\n\n\n\n<p>Durante el acto, el presidente del CONEP, Celso J. Marranzini, resalt\u00f3 que \u201cla sostenibilidad no es un complemento en la agenda empresarial, sino el coraz\u00f3n de la competitividad moderna\u201d, y que el cat\u00e1logo evidencia que \u201cel sector privado dominicano es m\u00e1s que un motor econ\u00f3mico: es un agente de transformaci\u00f3n capaz de generar cambios reales en la vida de las personas\u201d.<\/p>\n\n\n\n<p>En tanto que, la representante residente del PNUD, Ana Mar\u00eda D\u00edaz, destac\u00f3: \u201cLas pr\u00e1cticas prometedoras reconocidas a lo largo de las cinco ediciones representan una contribuci\u00f3n acumulada de 4,500 millones de d\u00f3lares, colocando a la Rep\u00fablica Dominicana a la vanguardia de la gesti\u00f3n empresarial orientada al impacto y el desarrollo sostenible en la regi\u00f3n de Am\u00e9rica Latina y el Caribe\u201d.<\/p>\n\n\n\n<p>En el \u00e1mbito de Modelo de Negocio fueron reconocidas las iniciativas: Programa de inclusi\u00f3n financiera para bancarizar a poblaci\u00f3n vulnerable de la Asociaci\u00f3n Cibao de Ahorros y Pr\u00e9stamos; Fomenta Pymes Banreservas del Banco de Reservas; Bienestar Integral del Banco Popular; Colmado Verde de la Cervecer\u00eda Nacional Dominicana.<\/p>\n\n\n\n<p>Adem\u00e1s, Programa para la Gesti\u00f3n Integral de Residuos El\u00e9ctricos y Electr\u00f3nicos de Claro Dominicana;&nbsp; Aumento de la Eficiencia Energ\u00e9tica mediante la instalaci\u00f3n del Sistema Fogging de Compa\u00f1\u00eda de Electricidad de San Pedro de Macor\u00eds (Energas);&nbsp; Sistema Integrado de vigilancia y control fitosanitario de la ca\u00f1a de az\u00facar de Consorcio Azucarero de Empresas Industriales (CAEI); CEPM Zero del Consorcio Energ\u00e9tico Punta Cana Macao (CEPM); Parque Solar Esperanza de Empresa Generadora de Electricidad Haina (EGE Haina) y&nbsp; Energ\u00eda Renovable y Producci\u00f3n Sostenible: El modelo innovador de Hacienda Rivera.<\/p>\n\n\n\n<p>Asimismo, en la categor\u00eda de Micro y Peque\u00f1as Empresas fueron reconocidas: Greenfeed Bypass Protein: Innovaci\u00f3n en Nutrici\u00f3n Animal sostenible de Greenfeed Dominicana; Ruta Verde de Ingenieros y Asociados Arq. Francisco Veras; Feria Financiera: Finanzas con Cucharitas de Economics Data KGLC, SRL y Our Flavour Snacks de Four-Union.<\/p>\n\n\n\n<p>En la categor\u00eda de Responsabilidad Social Corporativa se reconocieron Fabricaci\u00f3n de Mantas de coco para rehabilitaci\u00f3n de suelo de Barrick Pueblo Viejo; EducaSID, para un mejor futuro de Grupo SID; Proyecto de Protecci\u00f3n y conservaci\u00f3n de tortugas marinas de HIT Puerto R\u00edo Haina; Alerta Rosada de Mapfre Rep\u00fablica Dominicana y el Programa de reproducci\u00f3n de plantas nativas y end\u00e9micas amenazadas de Fundaci\u00f3n Cap Cana.<\/p>\n\n\n\n<p>Al finalizar, Cesar Dargam, vicepresidente ejecutivo del CONEP, destac\u00f3 que, al sumar esfuerzos y apostar por un desarrollo responsable y planificado, adem\u00e1s de avanzar hacia los ODS, se construye una Rep\u00fablica Dominicana m\u00e1s fuerte, justa, competitiva y resiliente ante los desaf\u00edos y oportunidades del siglo XXI.<\/p>\n\n\n\n<p><\/p>\n\n\n\n<p>La presentaci\u00f3n de esta nueva edici\u00f3n tambi\u00e9n sirvi\u00f3 de espacio para la firma de un nuevo memor\u00e1ndum de entendimiento donde PNUD y CONEP renuevan su alianza estrat\u00e9gica.<\/p>\n\n\n\n<p>PNUD Rep\u00fablica Dominicana <a href=\"mailto:julia.ramirez@undp.org\">julia.ramirez@undp.org<\/a><\/p>\n","protected":false},"excerpt":{"rendered":"<p>Santo Domingo, 3 de diciembre de 2025. \u2013 El Consejo Nacional de la Empresa Privada (CONEP) y el Programa de las Naciones Unidas para el Desarrollo (PNUD) presentaron la quinta edici\u00f3n del Cat\u00e1logo de Pr\u00e1cticas Prometedoras, reconociendo 19 iniciativas empresariales que elevan el est\u00e1ndar nacional en sostenibilidad, innovaci\u00f3n y desarrollo humano. Durante el acto, el [&hellip;]<\/p>\n","protected":false},"author":7,"featured_media":652778,"comment_status":"closed","ping_status":"closed","sticky":false,"template":"","format":"standard","meta":{"footnotes":""},"categories":[36,27],"tags":[377,2244],"class_list":["post-652773","post","type-post","status-publish","format-standard","has-post-thumbnail","hentry","category-hombresmujeresycosas","category-portada","tag-conep","tag-pnud"],"_links":{"self":[{"href":"https:\/\/diariodominicano.com\/index.php?rest_route=\/wp\/v2\/posts\/652773","targetHints":{"allow":["GET"]}}],"collection":[{"href":"https:\/\/diariodominicano.com\/index.php?rest_route=\/wp\/v2\/posts"}],"about":[{"href":"https:\/\/diariodominicano.com\/index.php?rest_route=\/wp\/v2\/types\/post"}],"author":[{"embeddable":true,"href":"https:\/\/diariodominicano.com\/index.php?rest_route=\/wp\/v2\/users\/7"}],"replies":[{"embeddable":true,"href":"https:\/\/diariodominicano.com\/index.php?rest_route=%2Fwp%2Fv2%2Fcomments&post=652773"}],"version-history":[{"count":1,"href":"https:\/\/diariodominicano.com\/index.php?rest_route=\/wp\/v2\/posts\/652773\/revisions"}],"predecessor-version":[{"id":652782,"href":"https:\/\/diariodominicano.com\/index.php?rest_route=\/wp\/v2\/posts\/652773\/revisions\/652782"}],"wp:featuredmedia":[{"embeddable":true,"href":"https:\/\/diariodominicano.com\/index.php?rest_route=\/wp\/v2\/media\/652778"}],"wp:attachment":[{"href":"https:\/\/diariodominicano.com\/index.php?rest_route=%2Fwp%2Fv2%2Fmedia&parent=652773"}],"wp:term":[{"taxonomy":"category","embeddable":true,"href":"https:\/\/diariodominicano.com\/index.php?rest_route=%2Fwp%2Fv2%2Fcategories&post=652773"},{"taxonomy":"post_tag","embeddable":true,"href":"https:\/\/diariodominicano.com\/index.php?rest_route=%2Fwp%2Fv2%2Ftags&post=652773"}],"curies":[{"name":"wp","href":"https:\/\/api.w.org\/{rel}","templated":true}]}}