{"id":652690,"date":"2025-12-03T15:20:00","date_gmt":"2025-12-03T19:20:00","guid":{"rendered":"https:\/\/diariodominicano.com\/?p=652690"},"modified":"2025-12-03T15:20:10","modified_gmt":"2025-12-03T19:20:10","slug":"netanyahu-envia-representante-para-primeros-contactos-economicos-con-libano","status":"publish","type":"post","link":"https:\/\/diariodominicano.com\/?p=652690","title":{"rendered":"Netanyahu env\u00eda representante para primeros contactos econ\u00f3micos con L\u00edbano"},"content":{"rendered":"\n<p>diariodominicano.com<\/p>\n\n\n\n<p>JERUSAL\u00c9N, 3 dic (Xinhua) &#8212; El primer ministro israel\u00ed, Benjamin Netanyahu, ha ordenado un env\u00edo que viaje al L\u00edbano para reunirse con \u00abfuncionarios econ\u00f3micos\u00bb de ese pa\u00eds. \u00abEste es un primer intento de sentar las bases para las relaciones y la cooperaci\u00f3n econ\u00f3mica entre Israel y el L\u00edbano\u00bb, inform\u00f3 hoy mi\u00e9rcoles la oficina de Netanyahu en un comunicado. No se facilitaron detalles sobre la fecha y el lugar del encuentro, ni tampoco de las cuestiones a tratar. La medida se produce en medio de los ataques casi diarios de Israel contra el sur del L\u00edbano, a pesar del alto el fuego, vigente desde noviembre de 2024 y que puso fin a meses de combates transfronterizos entre Israel e Hizbul\u00e1. Israel y el L\u00edbano, que t\u00e9cnicamente siguen en guerra, no tienen lazos diplom\u00e1ticos y durante mucho tiempo se han comunicado solo de forma indirecta, normalmente a trav\u00e9s de la ONU o con mediadores extranjeros. Los dos pa\u00edses alcanzaron en 2022 un acuerdo bajo la mediaci\u00f3n de Estados Unidos, el cual demarca su frontera mar\u00edtima, abriendo la puerta a la exploraci\u00f3n energ\u00e9tica en alto mar. Sin embargo, las tensiones pol\u00edticas y de seguridad han persistido, particularmente a lo largo de la frontera com\u00fan.<\/p>\n","protected":false},"excerpt":{"rendered":"<p>diariodominicano.com JERUSAL\u00c9N, 3 dic (Xinhua) &#8212; El primer ministro israel\u00ed, Benjamin Netanyahu, ha ordenado un env\u00edo que viaje al L\u00edbano para reunirse con \u00abfuncionarios econ\u00f3micos\u00bb de ese pa\u00eds. \u00abEste es un primer intento de sentar las bases para las relaciones y la cooperaci\u00f3n econ\u00f3mica entre Israel y el L\u00edbano\u00bb, inform\u00f3 hoy mi\u00e9rcoles la oficina de [&hellip;]<\/p>\n","protected":false},"author":5,"featured_media":500295,"comment_status":"closed","ping_status":"closed","sticky":true,"template":"","format":"standard","meta":{"footnotes":""},"categories":[23,27],"tags":[],"class_list":["post-652690","post","type-post","status-publish","format-standard","has-post-thumbnail","hentry","category-internacional","category-portada"],"_links":{"self":[{"href":"https:\/\/diariodominicano.com\/index.php?rest_route=\/wp\/v2\/posts\/652690","targetHints":{"allow":["GET"]}}],"collection":[{"href":"https:\/\/diariodominicano.com\/index.php?rest_route=\/wp\/v2\/posts"}],"about":[{"href":"https:\/\/diariodominicano.com\/index.php?rest_route=\/wp\/v2\/types\/post"}],"author":[{"embeddable":true,"href":"https:\/\/diariodominicano.com\/index.php?rest_route=\/wp\/v2\/users\/5"}],"replies":[{"embeddable":true,"href":"https:\/\/diariodominicano.com\/index.php?rest_route=%2Fwp%2Fv2%2Fcomments&post=652690"}],"version-history":[{"count":1,"href":"https:\/\/diariodominicano.com\/index.php?rest_route=\/wp\/v2\/posts\/652690\/revisions"}],"predecessor-version":[{"id":652691,"href":"https:\/\/diariodominicano.com\/index.php?rest_route=\/wp\/v2\/posts\/652690\/revisions\/652691"}],"wp:featuredmedia":[{"embeddable":true,"href":"https:\/\/diariodominicano.com\/index.php?rest_route=\/wp\/v2\/media\/500295"}],"wp:attachment":[{"href":"https:\/\/diariodominicano.com\/index.php?rest_route=%2Fwp%2Fv2%2Fmedia&parent=652690"}],"wp:term":[{"taxonomy":"category","embeddable":true,"href":"https:\/\/diariodominicano.com\/index.php?rest_route=%2Fwp%2Fv2%2Fcategories&post=652690"},{"taxonomy":"post_tag","embeddable":true,"href":"https:\/\/diariodominicano.com\/index.php?rest_route=%2Fwp%2Fv2%2Ftags&post=652690"}],"curies":[{"name":"wp","href":"https:\/\/api.w.org\/{rel}","templated":true}]}}