{"id":652688,"date":"2025-12-03T15:15:26","date_gmt":"2025-12-03T19:15:26","guid":{"rendered":"https:\/\/diariodominicano.com\/?p=652688"},"modified":"2025-12-03T15:15:36","modified_gmt":"2025-12-03T19:15:36","slug":"pandilleros-en-haiti-matan-a-20-personas-y-queman-500-casas","status":"publish","type":"post","link":"https:\/\/diariodominicano.com\/?p=652688","title":{"rendered":"Pandilleros en Hait\u00ed matan a 20 personas y queman 500 casas"},"content":{"rendered":"\n<p>diariodominicano.com<\/p>\n\n\n\n<p>Puerto Pr\u00edncipe, 3 dic (Prensa Latina) La organizaci\u00f3n de derechos humanos Collectif Defenders Plus inform\u00f3 hoy que 20 personas perdieron la vida y un n\u00famero indeterminado resultaron heridas, por un ataque de la banda Gran Grif que aterroriza el territorio de Pont-Sond\u00e9.<\/p>\n\n\n\n<p>Los bandidos, como ya tiene en su actuar delictivo, prendieron fuego a 500 casas, sembrando el miedo en esa poblaci\u00f3n, asentada a 110 kil\u00f3metros de esta capital.<\/p>\n\n\n\n<p>La organizaci\u00f3n de derechos humanos Collectif Defenders Plus tambi\u00e9n denunci\u00f3 el silencio de las autoridades p\u00fablicas, seg\u00fan el diario digital Hait\u00ed Libre.<\/p>\n\n\n\n<p>Hace pocas horas, el Sindicato de la Polic\u00eda Nacional de Hait\u00ed-17 dio la voz de alarma, pues varios territorios est\u00e1n hundi\u00e9ndose ante los ojos del Consejo Presidencial de Transici\u00f3n y el gobierno del primer ministro provisional, Alix Didier.<\/p>\n\n\n\n<p>\u201cDejen de observar la destrucci\u00f3n del pa\u00eds y lancen una gran operaci\u00f3n coordinada con todos los medios t\u00e1cticos existentes\u201d, subraya el comunicado.<\/p>\n\n\n\n<p>La m\u00e1xima direcci\u00f3n del gremio exige la presencia de helic\u00f3pteros para atacar las bases de las bandas; embarcaciones para asegurar la costa desde Montrouis hasta L\u2019Est\u00e8re; unidades especiales para liberar Pont Sond\u00e9, Gona\u00efves, Gros Morne, Montrouis y otras zonas bloqueadas que viven aterrorizadas.<\/p>\n\n\n\n<p>ft\/joe<\/p>\n","protected":false},"excerpt":{"rendered":"<p>diariodominicano.com Puerto Pr\u00edncipe, 3 dic (Prensa Latina) La organizaci\u00f3n de derechos humanos Collectif Defenders Plus inform\u00f3 hoy que 20 personas perdieron la vida y un n\u00famero indeterminado resultaron heridas, por un ataque de la banda Gran Grif que aterroriza el territorio de Pont-Sond\u00e9. Los bandidos, como ya tiene en su actuar delictivo, prendieron fuego a [&hellip;]<\/p>\n","protected":false},"author":5,"featured_media":639483,"comment_status":"closed","ping_status":"closed","sticky":true,"template":"","format":"standard","meta":{"footnotes":""},"categories":[23,27],"tags":[],"class_list":["post-652688","post","type-post","status-publish","format-standard","has-post-thumbnail","hentry","category-internacional","category-portada"],"_links":{"self":[{"href":"https:\/\/diariodominicano.com\/index.php?rest_route=\/wp\/v2\/posts\/652688","targetHints":{"allow":["GET"]}}],"collection":[{"href":"https:\/\/diariodominicano.com\/index.php?rest_route=\/wp\/v2\/posts"}],"about":[{"href":"https:\/\/diariodominicano.com\/index.php?rest_route=\/wp\/v2\/types\/post"}],"author":[{"embeddable":true,"href":"https:\/\/diariodominicano.com\/index.php?rest_route=\/wp\/v2\/users\/5"}],"replies":[{"embeddable":true,"href":"https:\/\/diariodominicano.com\/index.php?rest_route=%2Fwp%2Fv2%2Fcomments&post=652688"}],"version-history":[{"count":1,"href":"https:\/\/diariodominicano.com\/index.php?rest_route=\/wp\/v2\/posts\/652688\/revisions"}],"predecessor-version":[{"id":652689,"href":"https:\/\/diariodominicano.com\/index.php?rest_route=\/wp\/v2\/posts\/652688\/revisions\/652689"}],"wp:featuredmedia":[{"embeddable":true,"href":"https:\/\/diariodominicano.com\/index.php?rest_route=\/wp\/v2\/media\/639483"}],"wp:attachment":[{"href":"https:\/\/diariodominicano.com\/index.php?rest_route=%2Fwp%2Fv2%2Fmedia&parent=652688"}],"wp:term":[{"taxonomy":"category","embeddable":true,"href":"https:\/\/diariodominicano.com\/index.php?rest_route=%2Fwp%2Fv2%2Fcategories&post=652688"},{"taxonomy":"post_tag","embeddable":true,"href":"https:\/\/diariodominicano.com\/index.php?rest_route=%2Fwp%2Fv2%2Ftags&post=652688"}],"curies":[{"name":"wp","href":"https:\/\/api.w.org\/{rel}","templated":true}]}}