{"id":652406,"date":"2025-12-02T13:30:43","date_gmt":"2025-12-02T17:30:43","guid":{"rendered":"https:\/\/diariodominicano.com\/?p=652406"},"modified":"2025-12-02T14:57:37","modified_gmt":"2025-12-02T18:57:37","slug":"autoferia-popular-inicia-trigesima-edicion-con-tasas-desde-7-25","status":"publish","type":"post","link":"https:\/\/diariodominicano.com\/?p=652406","title":{"rendered":"Autoferia Popular inicia trig\u00e9sima edici\u00f3n con tasas desde 7.25%"},"content":{"rendered":"\n<p> De izquierda a derecha, los se\u00f1ores Roberto Rodr\u00edguez, Leonte Brea, Claudia Jorge,<br>Francisco Ram\u00edrez, Luis E. Esp\u00ednola, Giselle Moreno, Chantall \u00c1vila y Jorge Luis Arias.<\/p>\n\n\n\n<p><strong>Clientes podr\u00e1n financiar hasta el 90 % del valor del veh\u00edculo&nbsp;<\/strong><\/p>\n\n\n\n<p>Santo Domingo, D.N. \u2013 El Banco Popular Dominicano inici\u00f3 la trig\u00e9sima edici\u00f3n de la Autoferia Popular, durante la cual los clientes podr\u00e1n adquirir sus veh\u00edculos con las tasas fijas m\u00e1s competitivas del mercado, desde 7.75% a 6 meses; 9.75% a 1 a\u00f1o; 11.75% a 2 a\u00f1os; 12.75% a 3 a\u00f1os;&nbsp;13.75% a 5 a\u00f1os y una tasa fija especial para veh\u00edculos h\u00edbridos y el\u00e9ctricos desde&nbsp;7.25% a 6 meses.&nbsp;El plazo para pagar es de hasta siete a\u00f1os, con la posibilidad de financiar hasta el 90 % del valor del veh\u00edculo.<\/p>\n\n\n\n<figure class=\"wp-block-image size-large\"><img loading=\"lazy\" decoding=\"async\" width=\"1024\" height=\"683\" src=\"https:\/\/diariodominicano.com\/wp-content\/uploads\/2025\/12\/AND01015-Los-clientes-podran-financiar-hasta-el-90-del-valor-del-vehic-1024x683.jpg\" alt=\"\" class=\"wp-image-652414\" srcset=\"https:\/\/diariodominicano.com\/wp-content\/uploads\/2025\/12\/AND01015-Los-clientes-podran-financiar-hasta-el-90-del-valor-del-vehic-1024x683.jpg 1024w, https:\/\/diariodominicano.com\/wp-content\/uploads\/2025\/12\/AND01015-Los-clientes-podran-financiar-hasta-el-90-del-valor-del-vehic-300x200.jpg 300w, https:\/\/diariodominicano.com\/wp-content\/uploads\/2025\/12\/AND01015-Los-clientes-podran-financiar-hasta-el-90-del-valor-del-vehic-768x512.jpg 768w, https:\/\/diariodominicano.com\/wp-content\/uploads\/2025\/12\/AND01015-Los-clientes-podran-financiar-hasta-el-90-del-valor-del-vehic-1536x1024.jpg 1536w, https:\/\/diariodominicano.com\/wp-content\/uploads\/2025\/12\/AND01015-Los-clientes-podran-financiar-hasta-el-90-del-valor-del-vehic-2048x1365.jpg 2048w, https:\/\/diariodominicano.com\/wp-content\/uploads\/2025\/12\/AND01015-Los-clientes-podran-financiar-hasta-el-90-del-valor-del-vehic-816x544.jpg 816w\" sizes=\"auto, (max-width: 1024px) 100vw, 1024px\" \/><\/figure>\n\n\n\n<p>Los clientes podr\u00e1n financiar hasta el 90 % del valor del veh\u00edculo y disfrutar de<br>plazos de pago de hasta siete a\u00f1os.<\/p>\n\n\n\n<p>Esta edici\u00f3n 2025 cuenta con un amplio inventario disponible, que incluye 76 modelos h\u00edbridos y 65 el\u00e9ctricos, para un total de 141 veh\u00edculos clasificados como sostenibles.<\/p>\n\n\n\n<p>Tambi\u00e9n se han dispuesto descuentos en el seguro vehicular y la opci\u00f3n de adquirir veh\u00edculos a trav\u00e9s del producto Leasing Popular. Esta herramienta financiera permite a profesionales, pymes y empresas adquirir veh\u00edculos o flotillas nuevas bajo esquemas con beneficio fiscal. Para veh\u00edculos el\u00e9ctricos e h\u00edbridos, el Leasing Verde Popular incluye condiciones diferenciadas dentro del portafolio Hazte Eco.<\/p>\n\n\n\n<p><strong>Proceso de solicitudes<\/strong><\/p>\n\n\n\n<p>Los clientes podr\u00e1n gestionar sus solicitudes de manera digital, a trav\u00e9s del sitio web Autoferiapopular.com, donde encontrar\u00e1n herramientas como simuladores de pr\u00e9stamos y el cat\u00e1logo completo de veh\u00edculos disponibles.<\/p>\n\n\n\n<figure class=\"wp-block-image size-large\"><img loading=\"lazy\" decoding=\"async\" width=\"1024\" height=\"683\" src=\"https:\/\/diariodominicano.com\/wp-content\/uploads\/2025\/12\/AND00850-Los-interesados-pueden-gestionar-sus-solicitudes-a-traves-de-Au-1024x683.jpg\" alt=\"\" class=\"wp-image-652420\" srcset=\"https:\/\/diariodominicano.com\/wp-content\/uploads\/2025\/12\/AND00850-Los-interesados-pueden-gestionar-sus-solicitudes-a-traves-de-Au-1024x683.jpg 1024w, https:\/\/diariodominicano.com\/wp-content\/uploads\/2025\/12\/AND00850-Los-interesados-pueden-gestionar-sus-solicitudes-a-traves-de-Au-300x200.jpg 300w, https:\/\/diariodominicano.com\/wp-content\/uploads\/2025\/12\/AND00850-Los-interesados-pueden-gestionar-sus-solicitudes-a-traves-de-Au-768x512.jpg 768w, https:\/\/diariodominicano.com\/wp-content\/uploads\/2025\/12\/AND00850-Los-interesados-pueden-gestionar-sus-solicitudes-a-traves-de-Au-1536x1024.jpg 1536w, https:\/\/diariodominicano.com\/wp-content\/uploads\/2025\/12\/AND00850-Los-interesados-pueden-gestionar-sus-solicitudes-a-traves-de-Au-2048x1365.jpg 2048w, https:\/\/diariodominicano.com\/wp-content\/uploads\/2025\/12\/AND00850-Los-interesados-pueden-gestionar-sus-solicitudes-a-traves-de-Au-816x544.jpg 816w\" sizes=\"auto, (max-width: 1024px) 100vw, 1024px\" \/><\/figure>\n\n\n\n<p>Los interesados pueden gestionar sus solicitudes a trav\u00e9s de Autoferiapopular.com<\/p>\n\n\n\n<p>Tambi\u00e9n tendr\u00e1n la opci\u00f3n de asistir presencialmente a los 32 concesionarios y m\u00e1s de 250 distribuidores autorizados en todo el pa\u00eds que participan en esta edici\u00f3n o acudir a cualquier sucursal del Banco Popular.<\/p>\n\n\n\n<p>Esta modalidad h\u00edbrida de la Autoferia Popular facilita la participaci\u00f3n de los clientes, quienes pueden gestionar todo el proceso de forma presencial, digital o combinada, seg\u00fan sus preferencias.<\/p>\n\n\n\n<p><strong>Inventario ampliado y promociones comerciales<\/strong><\/p>\n\n\n\n<p>En la Autoferia Popular 2025, la cual se realizar\u00e1 hasta el domingo 7 de diciembre, participan las principales casas importadoras del pa\u00eds integradas en&nbsp;la Asociaci\u00f3n de Concesionarios de Fabricantes de Veh\u00edculos (ACOFAVE) y el Grupo Unido de la Industria Automotriz de la Rep\u00fablica Dominicana (GUIA), que en conjunto realizaron&nbsp;18 lanzamientos de nuevas unidades durante la feria, lo cual ampl\u00eda las opciones disponibles para los clientes durante estos d\u00edas.<\/p>\n\n\n\n<p>Tambi\u00e9n se incluir\u00e1n veh\u00edculos usados certificados por concesionarios aliados. Estas unidades contar\u00e1n con tasas preferenciales durante el evento, con condiciones que permitir\u00e1n acceder a opciones de financiamiento desde una tasa fija a un a\u00f1o, procurando con ello ampliar las oportunidades de montarse en veh\u00edculos con garant\u00eda certificada, en l\u00ednea con las expectativas del mercado.<\/p>\n\n\n\n<p>En tanto, como parte de las acciones promocionales de la feria, los clientes que adquieran su veh\u00edculo participan autom\u00e1ticamente en sorteos organizados por el Popular. En esta edici\u00f3n, se contempla la entrega del inicial de hasta RD$500,000 para tres ganadores. Adem\u00e1s, otros cinco ganadores recibir\u00e1n combustible Shell por un a\u00f1o.<\/p>\n\n\n\n<p><strong>Innovaci\u00f3n y sostenibilidad<\/strong><\/p>\n\n\n\n<p>Los detalles fueron dados a conocer durante un encuentro con medios de comunicaci\u00f3n, encabezado por el se\u00f1or Francisco Ram\u00edrez, vicepresidente ejecutivo de Negocios Personales y Sucursales del Popular.<\/p>\n\n\n\n<p>En la actividad, el ejecutivo destac\u00f3 que esta trig\u00e9sima edici\u00f3n representa un paso firme hacia el futuro del sector automotriz nacional, al integrar m\u00e1s opciones de movilidad sostenible, mayor flexibilidad en el acceso al financiamiento y una experiencia h\u00edbrida que responde a las nuevas expectativas de los consumidores.<\/p>\n\n\n\n<p>\u201cEsta trig\u00e9sima edici\u00f3n de la Autoferia Popular refleja nuestro compromiso constante con la innovaci\u00f3n financiera y la movilidad sostenible, ofreciendo a los dominicanos m\u00e1s opciones, mejores condiciones y un acceso m\u00e1s flexible a veh\u00edculos que responden a las nuevas demandas del mercado\u201d, expres\u00f3 el se\u00f1or Ram\u00edrez.<\/p>\n\n\n\n<p>ROCIO MICHELLE MEJIA RODRIGUEZ<\/p>\n\n\n\n<p><a target=\"_blank\" href=\"mailto:rmmejia@bpd.com.do\" rel=\"noreferrer noopener\">rmmejia@bpd.com.do<\/a><\/p>\n\n\n\n<p><strong>Vicepresidencia Ejecutiva<br>Comunicaciones Corporativas, Reputaci\u00f3n y Banca Responsable<\/strong><\/p>\n\n\n\n<p><strong>Grupo Popular, S. A.<\/strong><\/p>\n","protected":false},"excerpt":{"rendered":"<p>De izquierda a derecha, los se\u00f1ores Roberto Rodr\u00edguez, Leonte Brea, Claudia Jorge,Francisco Ram\u00edrez, Luis E. Esp\u00ednola, Giselle Moreno, Chantall \u00c1vila y Jorge Luis Arias. Clientes podr\u00e1n financiar hasta el 90 % del valor del veh\u00edculo&nbsp; Santo Domingo, D.N. \u2013 El Banco Popular Dominicano inici\u00f3 la trig\u00e9sima edici\u00f3n de la Autoferia Popular, durante la cual los [&hellip;]<\/p>\n","protected":false},"author":2,"featured_media":652411,"comment_status":"closed","ping_status":"closed","sticky":true,"template":"","format":"standard","meta":{"footnotes":""},"categories":[36,18,27],"tags":[667],"class_list":["post-652406","post","type-post","status-publish","format-standard","has-post-thumbnail","hentry","category-hombresmujeresycosas","category-economia","category-portada","tag-autoferia-popular"],"_links":{"self":[{"href":"https:\/\/diariodominicano.com\/index.php?rest_route=\/wp\/v2\/posts\/652406","targetHints":{"allow":["GET"]}}],"collection":[{"href":"https:\/\/diariodominicano.com\/index.php?rest_route=\/wp\/v2\/posts"}],"about":[{"href":"https:\/\/diariodominicano.com\/index.php?rest_route=\/wp\/v2\/types\/post"}],"author":[{"embeddable":true,"href":"https:\/\/diariodominicano.com\/index.php?rest_route=\/wp\/v2\/users\/2"}],"replies":[{"embeddable":true,"href":"https:\/\/diariodominicano.com\/index.php?rest_route=%2Fwp%2Fv2%2Fcomments&post=652406"}],"version-history":[{"count":6,"href":"https:\/\/diariodominicano.com\/index.php?rest_route=\/wp\/v2\/posts\/652406\/revisions"}],"predecessor-version":[{"id":652461,"href":"https:\/\/diariodominicano.com\/index.php?rest_route=\/wp\/v2\/posts\/652406\/revisions\/652461"}],"wp:featuredmedia":[{"embeddable":true,"href":"https:\/\/diariodominicano.com\/index.php?rest_route=\/wp\/v2\/media\/652411"}],"wp:attachment":[{"href":"https:\/\/diariodominicano.com\/index.php?rest_route=%2Fwp%2Fv2%2Fmedia&parent=652406"}],"wp:term":[{"taxonomy":"category","embeddable":true,"href":"https:\/\/diariodominicano.com\/index.php?rest_route=%2Fwp%2Fv2%2Fcategories&post=652406"},{"taxonomy":"post_tag","embeddable":true,"href":"https:\/\/diariodominicano.com\/index.php?rest_route=%2Fwp%2Fv2%2Ftags&post=652406"}],"curies":[{"name":"wp","href":"https:\/\/api.w.org\/{rel}","templated":true}]}}