{"id":652398,"date":"2025-12-02T13:07:44","date_gmt":"2025-12-02T17:07:44","guid":{"rendered":"https:\/\/diariodominicano.com\/?p=652398"},"modified":"2025-12-02T14:56:55","modified_gmt":"2025-12-02T18:56:55","slug":"chile-y-peru-preven-patrullajes-conjuntos-en-la-frontera-comun-foto","status":"publish","type":"post","link":"https:\/\/diariodominicano.com\/?p=652398","title":{"rendered":"Chile y Per\u00fa prev\u00e9n patrullajes conjuntos en la frontera com\u00fan (+Foto)"},"content":{"rendered":"\n<p>Santiago de Chile, 2 dic (Prensa Latina) Chile y Per\u00fa prev\u00e9n hoy avanzar en la implementaci\u00f3n de patrullajes conjuntos en la frontera com\u00fan, en virtud de un acuerdo adoptado durante la primera reuni\u00f3n del Comit\u00e9 Binacional de Cooperaci\u00f3n Migratoria.<\/p>\n\n\n\n<p><a href=\"https:\/\/www.prensa-latina.cu\/2025\/12\/02\/\"><time>diciembre 2, 2025 | <\/time><\/a><\/p>\n\n\n\n<p>La cita, encabezada por el ministro de Relaciones Exteriores, Alberto van Klaveren, y su par del vecino pa\u00eds, Hugo de Zela, tuvo lugar despu\u00e9s de movimientos de personas en la l\u00ednea de demarcaci\u00f3n que el gobierno califica como normales y la oposici\u00f3n como una crisis.<\/p>\n\n\n\n<p>Ambos pa\u00edses abogaron por mecanismos de coordinaci\u00f3n entre Carabineros y la Polic\u00eda de Investigaciones de Chile con la Polic\u00eda Nacional de Per\u00fa que faciliten acciones conjuntas y una mejor gesti\u00f3n en materia migratoria y de control fronterizo.<\/p>\n\n\n\n<p>Las partes acordaron tambi\u00e9n llevar a cabo el 19 de diciembre una reuni\u00f3n de seguimiento del Comit\u00e9 Binacional para revisar los acuerdos alcanzados, se\u00f1ala una nota publicada en la p\u00e1gina de la Canciller\u00eda.<\/p>\n\n\n\n<p>El pasado viernes el gobierno peruano declar\u00f3 el estado de emergencia en la frontera con Chile y anunci\u00f3 el reforzamiento de la presencia militar all\u00ed para prevenir una posible oleada de migrantes.<\/p>\n\n\n\n<figure class=\"wp-block-image\"><img decoding=\"async\" src=\"https:\/\/www.prensa-latina.cu\/wp-content\/uploads\/2025\/12\/chacalluta-foto-de-archivo.jpg\" alt=\"\" class=\"wp-image-1673702\"\/><\/figure>\n\n\n\n<p>Sin embargo, autoridades chilenas descartaron la existencia de una crisis fronteriza y dijeron que entre el complejo Santa Rosa y el de Chacalluta hay un problema concreto y puntual por gente que qued\u00f3 ah\u00ed y no logr\u00f3 transitar hacia el Per\u00fa.<\/p>\n\n\n\n<p>\u201cEn t\u00e9rminos migratorios no hay ninguna crisis, ni mucho menos\u201d, expres\u00f3 el director del Servicio Nacional de Migraciones, Luis Eduardo Thayer.<\/p>\n\n\n\n<p>Seg\u00fan Thayer lo que sucede all\u00ed no es algo distinto de lo ocurrido hist\u00f3ricamente y declar\u00f3 que por el complejo fronterizo circulan a diario entre seis mil y siete mil personas hacia Per\u00fa.<\/p>\n\n\n\n<p>La atenci\u00f3n medi\u00e1tica del tema de la frontera norte tiene como tel\u00f3n de fondo la campa\u00f1a con vistas a las elecciones presidenciales del pr\u00f3ximo 14 de diciembre.<\/p>\n\n\n\n<p>En d\u00edas recientes el candidato por el ultraderechista Partido Republicano, Jos\u00e9 Antonio Kast, dijo a los 350 mil migrantes irregulares que les quedan 104 d\u00edas para abandonar el pa\u00eds y, de no hacerlo, tendr\u00edan que salir con lo puesto.<\/p>\n\n\n\n<p>Excancilleres chilenos expresaron su m\u00e1s profunda preocupaci\u00f3n por las amenazas de Kast de expulsar masivamente y encarcelar a los migrantes, y advirtieron que la pol\u00edtica migratoria debe enmarcarse en el Estado de Derecho y en las obligaciones internacionales asumidas por el pa\u00eds.<\/p>\n\n\n\n<p>\u201cResulta inaceptable que, con fines electorales, se tensionen innecesariamente las relaciones bilaterales o se formulen propuestas que desconocen las limitaciones pr\u00e1cticas y jur\u00eddicas de eventuales procesos masivos de expulsi\u00f3n, as\u00ed como su costo humano y financiero\u201d, declararon.<\/p>\n\n\n\n<p>jcm\/car<\/p>\n\n\n\n<ul class=\"wp-block-list\">\n<li>#<a href=\"https:\/\/www.prensa-latina.cu\/etiqueta\/chile-peru-frontera-migrantes-patrullajes\/\">Chile Per\u00fa Frontera Migrantes Patrullajes<\/a><\/li>\n<\/ul>\n","protected":false},"excerpt":{"rendered":"<p>Santiago de Chile, 2 dic (Prensa Latina) Chile y Per\u00fa prev\u00e9n hoy avanzar en la implementaci\u00f3n de patrullajes conjuntos en la frontera com\u00fan, en virtud de un acuerdo adoptado durante la primera reuni\u00f3n del Comit\u00e9 Binacional de Cooperaci\u00f3n Migratoria. diciembre 2, 2025 | La cita, encabezada por el ministro de Relaciones Exteriores, Alberto van Klaveren, [&hellip;]<\/p>\n","protected":false},"author":2,"featured_media":652399,"comment_status":"closed","ping_status":"closed","sticky":true,"template":"","format":"standard","meta":{"footnotes":""},"categories":[23,27],"tags":[2849,3572],"class_list":["post-652398","post","type-post","status-publish","format-standard","has-post-thumbnail","hentry","category-internacional","category-portada","tag-chile","tag-peru"],"_links":{"self":[{"href":"https:\/\/diariodominicano.com\/index.php?rest_route=\/wp\/v2\/posts\/652398","targetHints":{"allow":["GET"]}}],"collection":[{"href":"https:\/\/diariodominicano.com\/index.php?rest_route=\/wp\/v2\/posts"}],"about":[{"href":"https:\/\/diariodominicano.com\/index.php?rest_route=\/wp\/v2\/types\/post"}],"author":[{"embeddable":true,"href":"https:\/\/diariodominicano.com\/index.php?rest_route=\/wp\/v2\/users\/2"}],"replies":[{"embeddable":true,"href":"https:\/\/diariodominicano.com\/index.php?rest_route=%2Fwp%2Fv2%2Fcomments&post=652398"}],"version-history":[{"count":2,"href":"https:\/\/diariodominicano.com\/index.php?rest_route=\/wp\/v2\/posts\/652398\/revisions"}],"predecessor-version":[{"id":652460,"href":"https:\/\/diariodominicano.com\/index.php?rest_route=\/wp\/v2\/posts\/652398\/revisions\/652460"}],"wp:featuredmedia":[{"embeddable":true,"href":"https:\/\/diariodominicano.com\/index.php?rest_route=\/wp\/v2\/media\/652399"}],"wp:attachment":[{"href":"https:\/\/diariodominicano.com\/index.php?rest_route=%2Fwp%2Fv2%2Fmedia&parent=652398"}],"wp:term":[{"taxonomy":"category","embeddable":true,"href":"https:\/\/diariodominicano.com\/index.php?rest_route=%2Fwp%2Fv2%2Fcategories&post=652398"},{"taxonomy":"post_tag","embeddable":true,"href":"https:\/\/diariodominicano.com\/index.php?rest_route=%2Fwp%2Fv2%2Ftags&post=652398"}],"curies":[{"name":"wp","href":"https:\/\/api.w.org\/{rel}","templated":true}]}}