{"id":652386,"date":"2025-12-02T12:34:52","date_gmt":"2025-12-02T16:34:52","guid":{"rendered":"https:\/\/diariodominicano.com\/?p=652386"},"modified":"2025-12-02T16:44:22","modified_gmt":"2025-12-02T20:44:22","slug":"turkiye-denuncia-ataque-contra-buque-en-mar-negro","status":"publish","type":"post","link":"https:\/\/diariodominicano.com\/?p=652386","title":{"rendered":"T\u00fcrkiye denuncia ataque contra buque en Mar Negro"},"content":{"rendered":"\n<p>Ankara, 2 dic (Prensa Latina) La Direcci\u00f3n General de Asuntos Mar\u00edtimos del Ministerio de Transporte e Infraestructura de T\u00fcrkiye inform\u00f3 hoy que el buque Medvolga-2 fue objeto de un ataque mientras navegaba en aguas internacionales del Mar Negro.<\/p>\n\n\n\n<p><a href=\"https:\/\/www.prensa-latina.cu\/2025\/12\/02\/\"><time>diciembre 2, 2025 | <\/time><\/a><\/p>\n\n\n\n<p>De acuerdo con una nota divulgada en la plataforma X, el nav\u00edo se encontraba en ruta hacia la provincia de Sinop, en el norte del pa\u00eds, a unas 80 millas de la costa turca.<\/p>\n\n\n\n<p>El carguero realizaba un trayecto entre Rusia y Georgia y transportaba aceite de girasol.<\/p>\n\n\n\n<p>La instituci\u00f3n precis\u00f3 que la embarcaci\u00f3n no solicit\u00f3 asistencia y confirm\u00f3 que los 13 tripulantes a bordo \u201cse encuentran en buen estado de salud\u201d.<\/p>\n\n\n\n<p>El suceso tiene lugar en un contexto de creciente tensi\u00f3n en la regi\u00f3n, tras un ataque similar registrado a finales de noviembre contra los buques Kairos y Firat, que navegaban desde Egipto hacia Rusia cuando fueron alcanzados tambi\u00e9n en aguas del Mar Negro.<\/p>\n\n\n\n<p>jha\/fm<\/p>\n\n\n\n<ul class=\"wp-block-list\">\n<li>#<a href=\"https:\/\/www.prensa-latina.cu\/etiqueta\/mar\/\">Mar<\/a>&nbsp;#<a href=\"https:\/\/www.prensa-latina.cu\/etiqueta\/negro\/\">Negro<\/a>&nbsp;#<a href=\"https:\/\/www.prensa-latina.cu\/etiqueta\/turkiye\/\">Turkiye<\/a><\/li>\n<\/ul>\n","protected":false},"excerpt":{"rendered":"<p>Ankara, 2 dic (Prensa Latina) La Direcci\u00f3n General de Asuntos Mar\u00edtimos del Ministerio de Transporte e Infraestructura de T\u00fcrkiye inform\u00f3 hoy que el buque Medvolga-2 fue objeto de un ataque mientras navegaba en aguas internacionales del Mar Negro. diciembre 2, 2025 | De acuerdo con una nota divulgada en la plataforma X, el nav\u00edo se [&hellip;]<\/p>\n","protected":false},"author":2,"featured_media":652491,"comment_status":"closed","ping_status":"closed","sticky":true,"template":"","format":"standard","meta":{"footnotes":""},"categories":[23],"tags":[3567,3568],"class_list":["post-652386","post","type-post","status-publish","format-standard","has-post-thumbnail","hentry","category-internacional","tag-mar-negro","tag-turkiye"],"_links":{"self":[{"href":"https:\/\/diariodominicano.com\/index.php?rest_route=\/wp\/v2\/posts\/652386","targetHints":{"allow":["GET"]}}],"collection":[{"href":"https:\/\/diariodominicano.com\/index.php?rest_route=\/wp\/v2\/posts"}],"about":[{"href":"https:\/\/diariodominicano.com\/index.php?rest_route=\/wp\/v2\/types\/post"}],"author":[{"embeddable":true,"href":"https:\/\/diariodominicano.com\/index.php?rest_route=\/wp\/v2\/users\/2"}],"replies":[{"embeddable":true,"href":"https:\/\/diariodominicano.com\/index.php?rest_route=%2Fwp%2Fv2%2Fcomments&post=652386"}],"version-history":[{"count":2,"href":"https:\/\/diariodominicano.com\/index.php?rest_route=\/wp\/v2\/posts\/652386\/revisions"}],"predecessor-version":[{"id":652453,"href":"https:\/\/diariodominicano.com\/index.php?rest_route=\/wp\/v2\/posts\/652386\/revisions\/652453"}],"wp:featuredmedia":[{"embeddable":true,"href":"https:\/\/diariodominicano.com\/index.php?rest_route=\/wp\/v2\/media\/652491"}],"wp:attachment":[{"href":"https:\/\/diariodominicano.com\/index.php?rest_route=%2Fwp%2Fv2%2Fmedia&parent=652386"}],"wp:term":[{"taxonomy":"category","embeddable":true,"href":"https:\/\/diariodominicano.com\/index.php?rest_route=%2Fwp%2Fv2%2Fcategories&post=652386"},{"taxonomy":"post_tag","embeddable":true,"href":"https:\/\/diariodominicano.com\/index.php?rest_route=%2Fwp%2Fv2%2Ftags&post=652386"}],"curies":[{"name":"wp","href":"https:\/\/api.w.org\/{rel}","templated":true}]}}