{"id":652245,"date":"2025-12-01T17:43:43","date_gmt":"2025-12-01T21:43:43","guid":{"rendered":"https:\/\/diariodominicano.com\/?p=652245"},"modified":"2025-12-01T17:43:46","modified_gmt":"2025-12-01T21:43:46","slug":"director-del-infotep-afirma-formacion-tecnico-profesional-impulsa-productividad-y-competitividad-de-las-mipymes","status":"publish","type":"post","link":"https:\/\/diariodominicano.com\/?p=652245","title":{"rendered":"Director del INFOTEP afirma Formaci\u00f3n T\u00e9cnico Profesional impulsa productividad y competitividad de las MIPYMES"},"content":{"rendered":"\n<p>\u00b7&nbsp;&nbsp;&nbsp;&nbsp;&nbsp;&nbsp;&nbsp; Rafael Santos Bad\u00eda destaca que la capacitaci\u00f3n, la asistencia t\u00e9cnica y el emprendimiento fortalecen el crecimiento econ\u00f3mico nacional.<\/p>\n\n\n\n<p>Santo Domingo. -La formaci\u00f3n t\u00e9cnico profesional se ha convertido en un factor decisivo para el crecimiento de las Mipymes y para el dinamismo econ\u00f3mico del pa\u00eds, afirm\u00f3 el director general del INFOTEP, Rafael Santos Bad\u00eda, al exponer en el almuerzo empresarial de la Expo feria Codopyme 2025.<\/p>\n\n\n\n<p>Santos Bad\u00eda explic\u00f3 que el impacto de la formaci\u00f3n t\u00e9cnico profesional en las MIPYMES es hoy medible y evidente en productividad, empleos y competitividad, citando que entre 2020 y 2025 el INFOTEP ha capacitado a 1.6 millones de trabajadores, incluidos 577 mil gerentes y mandos medios, reforzando la capacidad operativa de miles de negocios en todo el territorio nacional.<\/p>\n\n\n\n<figure class=\"wp-block-image size-large\"><img loading=\"lazy\" decoding=\"async\" width=\"1024\" height=\"683\" src=\"https:\/\/diariodominicano.com\/wp-content\/uploads\/2025\/12\/Durante-el-almurzo-empresarial-de-EXPO-FERIA-CODOPYME-2025-1024x683.jpg\" alt=\"\" class=\"wp-image-652259\" srcset=\"https:\/\/diariodominicano.com\/wp-content\/uploads\/2025\/12\/Durante-el-almurzo-empresarial-de-EXPO-FERIA-CODOPYME-2025-1024x683.jpg 1024w, https:\/\/diariodominicano.com\/wp-content\/uploads\/2025\/12\/Durante-el-almurzo-empresarial-de-EXPO-FERIA-CODOPYME-2025-300x200.jpg 300w, https:\/\/diariodominicano.com\/wp-content\/uploads\/2025\/12\/Durante-el-almurzo-empresarial-de-EXPO-FERIA-CODOPYME-2025-768x512.jpg 768w, https:\/\/diariodominicano.com\/wp-content\/uploads\/2025\/12\/Durante-el-almurzo-empresarial-de-EXPO-FERIA-CODOPYME-2025-816x544.jpg 816w, https:\/\/diariodominicano.com\/wp-content\/uploads\/2025\/12\/Durante-el-almurzo-empresarial-de-EXPO-FERIA-CODOPYME-2025.jpg 1056w\" sizes=\"auto, (max-width: 1024px) 100vw, 1024px\" \/><\/figure>\n\n\n\n<p>Agreg\u00f3 que el modelo de apoyo a emprendimiento ha beneficiado a m\u00e1s de 32 mil emprendedores, quienes han recibido herramientas para desarrollar ideas de negocio y generar nuevas oportunidades econ\u00f3micas.<\/p>\n\n\n\n<p>\u201cEl fortalecimiento de las MIPYMES es una prioridad nacional, porque constituyen la columna vertebral de la econom\u00eda dominicana. La formaci\u00f3n, la asesor\u00eda t\u00e9cnica y la certificaci\u00f3n de competencias no solo mejoran la eficiencia empresarial, sino que impulsan la movilidad social y la creaci\u00f3n de empleos formales\u201d, expres\u00f3 Santos Bad\u00eda.<\/p>\n\n\n\n<p>Destac\u00f3 adem\u00e1s que 1,718 j\u00f3venes han egresado de la Formaci\u00f3n Dual (ProDual) en sectores productivos estrat\u00e9gicos, integrando capacitaci\u00f3n pr\u00e1ctica, tecnolog\u00eda y vinculaci\u00f3n directa con las empresas.<\/p>\n\n\n\n<p>Santos Bad\u00eda asegur\u00f3 que el INFOTEP continuar\u00e1 ampliando sus servicios en todas las regiones del pa\u00eds para garantizar que las MIPYMES accedan a procesos de capacitaci\u00f3n continua, asistencia t\u00e9cnica especializada y programas de desarrollo que contribuyan a la innovaci\u00f3n, la modernizaci\u00f3n y la sostenibilidad econ\u00f3mica.<\/p>\n\n\n\n<p>\u201cCuando una Mipyme crece, el pa\u00eds crece, por eso nuestro compromiso es seguir formando talento humano que impulse el presente y el futuro del aparato productivo nacional\u201d, concluy\u00f3.<\/p>\n\n\n\n<p>El encuentro cont\u00f3 con la presencia de personalidades encabezadas por Fernando Pinales, presidente de la entidad, la directora ejecutiva de Codopyme, Isabel Puig, as\u00ed como autoridades del gobierno central y municipal, representantes de instituciones p\u00fablicas y privadas, los miembros del comit\u00e9 ejecutivo y presidentes de asociaciones afiliadas.<\/p>\n\n\n\n<p>Prensa INFOTEP <a href=\"mailto:prensainfotep@infotep.gob.do\">prensainfotep@infotep.gob.do<\/a><\/p>\n\n\n\n<p># #ProDual #INFOTEP #Mipyme<\/p>\n","protected":false},"excerpt":{"rendered":"<p>\u00b7&nbsp;&nbsp;&nbsp;&nbsp;&nbsp;&nbsp;&nbsp; Rafael Santos Bad\u00eda destaca que la capacitaci\u00f3n, la asistencia t\u00e9cnica y el emprendimiento fortalecen el crecimiento econ\u00f3mico nacional. Santo Domingo. -La formaci\u00f3n t\u00e9cnico profesional se ha convertido en un factor decisivo para el crecimiento de las Mipymes y para el dinamismo econ\u00f3mico del pa\u00eds, afirm\u00f3 el director general del INFOTEP, Rafael Santos Bad\u00eda, al [&hellip;]<\/p>\n","protected":false},"author":7,"featured_media":652260,"comment_status":"closed","ping_status":"closed","sticky":false,"template":"","format":"standard","meta":{"footnotes":""},"categories":[36],"tags":[94,2023],"class_list":["post-652245","post","type-post","status-publish","format-standard","has-post-thumbnail","hentry","category-hombresmujeresycosas","tag-infotep","tag-mipymes"],"_links":{"self":[{"href":"https:\/\/diariodominicano.com\/index.php?rest_route=\/wp\/v2\/posts\/652245","targetHints":{"allow":["GET"]}}],"collection":[{"href":"https:\/\/diariodominicano.com\/index.php?rest_route=\/wp\/v2\/posts"}],"about":[{"href":"https:\/\/diariodominicano.com\/index.php?rest_route=\/wp\/v2\/types\/post"}],"author":[{"embeddable":true,"href":"https:\/\/diariodominicano.com\/index.php?rest_route=\/wp\/v2\/users\/7"}],"replies":[{"embeddable":true,"href":"https:\/\/diariodominicano.com\/index.php?rest_route=%2Fwp%2Fv2%2Fcomments&post=652245"}],"version-history":[{"count":1,"href":"https:\/\/diariodominicano.com\/index.php?rest_route=\/wp\/v2\/posts\/652245\/revisions"}],"predecessor-version":[{"id":652261,"href":"https:\/\/diariodominicano.com\/index.php?rest_route=\/wp\/v2\/posts\/652245\/revisions\/652261"}],"wp:featuredmedia":[{"embeddable":true,"href":"https:\/\/diariodominicano.com\/index.php?rest_route=\/wp\/v2\/media\/652260"}],"wp:attachment":[{"href":"https:\/\/diariodominicano.com\/index.php?rest_route=%2Fwp%2Fv2%2Fmedia&parent=652245"}],"wp:term":[{"taxonomy":"category","embeddable":true,"href":"https:\/\/diariodominicano.com\/index.php?rest_route=%2Fwp%2Fv2%2Fcategories&post=652245"},{"taxonomy":"post_tag","embeddable":true,"href":"https:\/\/diariodominicano.com\/index.php?rest_route=%2Fwp%2Fv2%2Ftags&post=652245"}],"curies":[{"name":"wp","href":"https:\/\/api.w.org\/{rel}","templated":true}]}}