{"id":652215,"date":"2025-12-01T15:10:42","date_gmt":"2025-12-01T19:10:42","guid":{"rendered":"https:\/\/diariodominicano.com\/?p=652215"},"modified":"2025-12-01T15:10:45","modified_gmt":"2025-12-01T19:10:45","slug":"la-fuerza-del-inefi-se-consolida-con-el-respaldo-activo-de-los-maestros-que-lideran-el-cambio-en-la-educacion-fisica","status":"publish","type":"post","link":"https:\/\/diariodominicano.com\/?p=652215","title":{"rendered":"La fuerza del INEFI se consolida con el respaldo activo de los maestros que lideran el cambio en la educaci\u00f3n f\u00edsica"},"content":{"rendered":"\n<p>SANTO DOMINGO, R.D. \u2013 Un equipo de t\u00e9cnicos docentes del Instituto Nacional de Educaci\u00f3n F\u00edsica (INEFI) afirm\u00f3 su integraci\u00f3n de manera activa a la ejecuci\u00f3n y fortalecimiento de la agenda institucional, reafirmando su respaldo a la gesti\u00f3n que encabeza el director ejecutivo, Alberto Rodr\u00edguez Mella, y consolidando las bases del deporte escolar en todo el pa\u00eds.<\/p>\n\n\n\n<p>Estos profesionales forman parte de los equipos responsables de impulsar proyectos, programas y eventos de alto impacto para la educaci\u00f3n f\u00edsica escolar. Su trabajo t\u00e9cnico, operativo y de acompa\u00f1amiento territorial ha sido determinante en el crecimiento sostenido que ha experimentado la instituci\u00f3n en los \u00faltimos a\u00f1os.<\/p>\n\n\n\n<p>Rodr\u00edguez Mella destac\u00f3 el compromiso asumido por los docentes y valor\u00f3 el rol que desempe\u00f1an en cada proceso.<\/p>\n\n\n\n<p>\u201cLa fuerza del INEFI est\u00e1 en su gente. Estos maestros son columna vertebral de todo lo que logramos: desde la planificaci\u00f3n de nuestros programas formativos hasta la organizaci\u00f3n de eventos que mueven a miles de estudiantes. Su respaldo a esta gesti\u00f3n nos impulsa a seguir transformando la educaci\u00f3n f\u00edsica y el deporte escolar en la Rep\u00fablica Dominicana\u201d, afirm\u00f3.<\/p>\n\n\n\n<p>Los t\u00e9cnicos que participaron en el encuentro con Rodr\u00edguez fueron \u00c1lvaro Samboy, encargado del Departamento de CIDE; Yrlanda Yesenia M\u00e9ndez, coordinadora nacional de recreaci\u00f3n; Lisanny Tejada, coordinadora nacional de gimnasia; V\u00edctor Alexander Nova Payano, coordinador zonal en San Crist\u00f3bal (Regional 04); Delbin Antonio De Le\u00f3n, coordinador zonal Metropolitana II; Betzaida Ubri, directora de Clubes Deportivos Escolares; Varani Rafael De La Rosa, coordinador de enlace de CIDE, Clubes Deportivos Escolares y Deporte Escolar; Ram\u00f3n S\u00e1nchez Mej\u00eda, coordinador nacional de deporte escolar; Humber P\u00e9rez, enlace de clubes escolares; y Robert Alc\u00e1ntara, coordinador de eventos deportivos escolares.<\/p>\n\n\n\n<p>El equipo trabaja unido en \u00e1reas clave como recreaci\u00f3n, clubes deportivos escolares, gimnasia, deporte escolar, eventos masivos y los Centros de Iniciaci\u00f3n Deportiva Escolar (CIDE), estructura que sostiene gran parte de la estrategia nacional impulsada por la instituci\u00f3n.<\/p>\n\n\n\n<p>Rodr\u00edguez resalt\u00f3 que este reforzamiento t\u00e9cnico es coherente con la visi\u00f3n del Gobierno de continuar impulsando pol\u00edticas p\u00fablicas que garanticen m\u00e1s oportunidades, mayor inclusi\u00f3n y una educaci\u00f3n f\u00edsica de calidad en todos los centros escolares del pa\u00eds.<\/p>\n\n\n\n<p>\u201cLa transformaci\u00f3n del deporte escolar es tambi\u00e9n un compromiso de Estado. Con este equipo, el INEFI se alinea al prop\u00f3sito del gobierno de dignificar la educaci\u00f3n y asegurar que cada estudiante tenga acceso a instalaciones, programas y experiencias deportivas que impacten su formaci\u00f3n integral\u201d, agreg\u00f3.<\/p>\n\n\n\n<p>Prensa INEFI <a href=\"mailto:prensainefi@gmail.com\">prensainefi@gmail.com<\/a><\/p>\n","protected":false},"excerpt":{"rendered":"<p>SANTO DOMINGO, R.D. \u2013 Un equipo de t\u00e9cnicos docentes del Instituto Nacional de Educaci\u00f3n F\u00edsica (INEFI) afirm\u00f3 su integraci\u00f3n de manera activa a la ejecuci\u00f3n y fortalecimiento de la agenda institucional, reafirmando su respaldo a la gesti\u00f3n que encabeza el director ejecutivo, Alberto Rodr\u00edguez Mella, y consolidando las bases del deporte escolar en todo el [&hellip;]<\/p>\n","protected":false},"author":7,"featured_media":652221,"comment_status":"closed","ping_status":"closed","sticky":false,"template":"","format":"standard","meta":{"footnotes":""},"categories":[17],"tags":[491],"class_list":["post-652215","post","type-post","status-publish","format-standard","has-post-thumbnail","hentry","category-deportes","tag-inefi"],"_links":{"self":[{"href":"https:\/\/diariodominicano.com\/index.php?rest_route=\/wp\/v2\/posts\/652215","targetHints":{"allow":["GET"]}}],"collection":[{"href":"https:\/\/diariodominicano.com\/index.php?rest_route=\/wp\/v2\/posts"}],"about":[{"href":"https:\/\/diariodominicano.com\/index.php?rest_route=\/wp\/v2\/types\/post"}],"author":[{"embeddable":true,"href":"https:\/\/diariodominicano.com\/index.php?rest_route=\/wp\/v2\/users\/7"}],"replies":[{"embeddable":true,"href":"https:\/\/diariodominicano.com\/index.php?rest_route=%2Fwp%2Fv2%2Fcomments&post=652215"}],"version-history":[{"count":1,"href":"https:\/\/diariodominicano.com\/index.php?rest_route=\/wp\/v2\/posts\/652215\/revisions"}],"predecessor-version":[{"id":652222,"href":"https:\/\/diariodominicano.com\/index.php?rest_route=\/wp\/v2\/posts\/652215\/revisions\/652222"}],"wp:featuredmedia":[{"embeddable":true,"href":"https:\/\/diariodominicano.com\/index.php?rest_route=\/wp\/v2\/media\/652221"}],"wp:attachment":[{"href":"https:\/\/diariodominicano.com\/index.php?rest_route=%2Fwp%2Fv2%2Fmedia&parent=652215"}],"wp:term":[{"taxonomy":"category","embeddable":true,"href":"https:\/\/diariodominicano.com\/index.php?rest_route=%2Fwp%2Fv2%2Fcategories&post=652215"},{"taxonomy":"post_tag","embeddable":true,"href":"https:\/\/diariodominicano.com\/index.php?rest_route=%2Fwp%2Fv2%2Ftags&post=652215"}],"curies":[{"name":"wp","href":"https:\/\/api.w.org\/{rel}","templated":true}]}}