{"id":652180,"date":"2025-12-01T13:12:07","date_gmt":"2025-12-01T17:12:07","guid":{"rendered":"https:\/\/diariodominicano.com\/?p=652180"},"modified":"2025-12-01T16:22:54","modified_gmt":"2025-12-01T20:22:54","slug":"campana-america-latina-y-caribe-zona-de-paz-condena-militarizacion","status":"publish","type":"post","link":"https:\/\/diariodominicano.com\/?p=652180","title":{"rendered":"Campa\u00f1a \u201cAm\u00e9rica Latina y Caribe, zona de paz\u201d condena militarizaci\u00f3n"},"content":{"rendered":"\n<p>Bogot\u00e1, 1 dic (Prensa Latina) La campa\u00f1a \u201cAm\u00e9rica Latina y el Caribe, zona de paz\u201d es una iniciativa ciudadana que impulsa hoy la recolecci\u00f3n de firmas de organizaciones o de individuos comprometidos con la defensa del multilateralismo y el respeto estricto del derecho internacional.<\/p>\n\n\n\n<p><a href=\"https:\/\/www.prensa-latina.cu\/2025\/12\/01\/\"><time>diciembre 1, 2025 | <\/time><\/a><\/p>\n\n\n\n<p>Seg\u00fan coment\u00f3 a Prensa Latina uno de sus promotores, el analista pol\u00edtico Jaime G\u00f3mez, est\u00e1 impulsada por la Di\u00e1spora Latina\u2013Suecia, una plataforma plural de latinoamericanos comprometidos con la democracia, la justicia social y la defensa de la paz, en articulaci\u00f3n con grupos solidarios, acad\u00e9micos y movimientos defensores de los derechos humanos.<\/p>\n\n\n\n<p>\u201cLa iniciativa surgi\u00f3 como respuesta a la creciente preocupaci\u00f3n de comunidades latinoamericanas residentes en Suecia frente a la presencia de buques de guerra de Estados Unidos en el mar Caribe, un hecho que representa una grave amenaza para la estabilidad regional, la soberan\u00eda de nuestros pueblos y el derecho fundamental a vivir en paz\u201d, detall\u00f3.<\/p>\n\n\n\n<p>A\u00f1adi\u00f3 que, desde diversos espacios de reflexi\u00f3n y articulaci\u00f3n pol\u00edtica dentro de la di\u00e1spora, surgi\u00f3 la necesidad urgente de construir una voz colectiva que rechace la militarizaci\u00f3n y cualquier escalada b\u00e9lica en la regi\u00f3n.<\/p>\n\n\n\n<p>Especific\u00f3 que el prop\u00f3sito de la campa\u00f1a es generar presi\u00f3n p\u00fablica y pol\u00edtica para que la comunidad internacional, a trav\u00e9s de organismos multilaterales, asuma una postura clara en defensa del di\u00e1logo, la soluci\u00f3n pac\u00edfica de los conflictos y el respeto a la soberan\u00eda de Am\u00e9rica Latina y el Caribe.<\/p>\n\n\n\n<p>\u201cBuscamos que los organismos internacionales competentes condenen toda acci\u00f3n unilateral de fuerza y promuevan v\u00edas diplom\u00e1ticas y cooperativas como \u00fanica salida leg\u00edtima y responsable\u201d, afirm\u00f3.<\/p>\n\n\n\n<p>Record\u00f3 que la Comunidad de Estados Latinoamericanos y Caribe\u00f1os (Celac) declar\u00f3 a Am\u00e9rica Latina y el Caribe como Zona de Paz en 2014, y que el Tratado de Tlatelolco de 1967 proh\u00edbe el tr\u00e1nsito y la presencia de armas nucleares en la regi\u00f3n.<\/p>\n\n\n\n<p>\u201cLa instalaci\u00f3n de dispositivos b\u00e9licos externos constituye una violaci\u00f3n directa de estos compromisos, contradice los principios de la Carta de las Naciones Unidas y eleva innecesariamente el riesgo de confrontaciones armadas\u201d, sentenci\u00f3.<\/p>\n\n\n\n<p>G\u00f3mez remarc\u00f3 que a la iniciativa pueden sumarse todas las personas, organizaciones sociales, sindicales, estudiantiles, culturales, ambientales, pol\u00edticas y religiosas, as\u00ed como ciudadanos europeos y de cualquier nacionalidad que est\u00e9n dispuestos a actuar contra la militarizaci\u00f3n y la amenaza permanente a la autodeterminaci\u00f3n de los pueblos.<\/p>\n\n\n\n<p>\u201cEn s\u00edntesis, es un llamado abierto a todos los dem\u00f3cratas y amantes de la libertad para impedir que el Caribe y Am\u00e9rica Latina se conviertan nuevamente en escenario de tensiones militares y confrontaciones geopol\u00edticas\u201d, enfatiz\u00f3.<\/p>\n\n\n\n<p>Si bien reconoci\u00f3 que existen otros caminos para promover la paz, consider\u00f3 que la movilizaci\u00f3n internacional constituye hoy \u201cuna herramienta urgente, necesaria y profundamente \u00e9tica\u201d.<\/p>\n\n\n\n<p>Desde su arribo al Mar Caribe, las fuerzas militares de Estados Unidos, bombardearon 22 embarcaciones en esas aguas y en las del Pac\u00edfico con un saldo de al menos 83 muertos.<\/p>\n\n\n\n<p>mem\/ifs<\/p>\n\n\n\n<ul class=\"wp-block-list\">\n<li>#<a href=\"https:\/\/www.prensa-latina.cu\/etiqueta\/condena\/\">condena<\/a>&nbsp;#<a href=\"https:\/\/www.prensa-latina.cu\/etiqueta\/diaspora-latina\/\">di\u00e1spora latina<\/a>&nbsp;#<a href=\"https:\/\/www.prensa-latina.cu\/etiqueta\/milirtarizacion\/\">milirtarizaci\u00f3n<\/a>&nbsp;#<a href=\"https:\/\/www.prensa-latina.cu\/etiqueta\/recoleccion-de-firmas\/\">recolecci\u00f3n de firmas<\/a>&nbsp;#<a href=\"https:\/\/www.prensa-latina.cu\/etiqueta\/suecia\/\">Suecia<\/a><\/li>\n<\/ul>\n","protected":false},"excerpt":{"rendered":"<p>Bogot\u00e1, 1 dic (Prensa Latina) La campa\u00f1a \u201cAm\u00e9rica Latina y el Caribe, zona de paz\u201d es una iniciativa ciudadana que impulsa hoy la recolecci\u00f3n de firmas de organizaciones o de individuos comprometidos con la defensa del multilateralismo y el respeto estricto del derecho internacional. diciembre 1, 2025 | Seg\u00fan coment\u00f3 a Prensa Latina uno de [&hellip;]<\/p>\n","protected":false},"author":2,"featured_media":652233,"comment_status":"closed","ping_status":"closed","sticky":true,"template":"","format":"standard","meta":{"footnotes":""},"categories":[23],"tags":[3556],"class_list":["post-652180","post","type-post","status-publish","format-standard","has-post-thumbnail","hentry","category-internacional","tag-prensa-latina"],"_links":{"self":[{"href":"https:\/\/diariodominicano.com\/index.php?rest_route=\/wp\/v2\/posts\/652180","targetHints":{"allow":["GET"]}}],"collection":[{"href":"https:\/\/diariodominicano.com\/index.php?rest_route=\/wp\/v2\/posts"}],"about":[{"href":"https:\/\/diariodominicano.com\/index.php?rest_route=\/wp\/v2\/types\/post"}],"author":[{"embeddable":true,"href":"https:\/\/diariodominicano.com\/index.php?rest_route=\/wp\/v2\/users\/2"}],"replies":[{"embeddable":true,"href":"https:\/\/diariodominicano.com\/index.php?rest_route=%2Fwp%2Fv2%2Fcomments&post=652180"}],"version-history":[{"count":2,"href":"https:\/\/diariodominicano.com\/index.php?rest_route=\/wp\/v2\/posts\/652180\/revisions"}],"predecessor-version":[{"id":652234,"href":"https:\/\/diariodominicano.com\/index.php?rest_route=\/wp\/v2\/posts\/652180\/revisions\/652234"}],"wp:featuredmedia":[{"embeddable":true,"href":"https:\/\/diariodominicano.com\/index.php?rest_route=\/wp\/v2\/media\/652233"}],"wp:attachment":[{"href":"https:\/\/diariodominicano.com\/index.php?rest_route=%2Fwp%2Fv2%2Fmedia&parent=652180"}],"wp:term":[{"taxonomy":"category","embeddable":true,"href":"https:\/\/diariodominicano.com\/index.php?rest_route=%2Fwp%2Fv2%2Fcategories&post=652180"},{"taxonomy":"post_tag","embeddable":true,"href":"https:\/\/diariodominicano.com\/index.php?rest_route=%2Fwp%2Fv2%2Ftags&post=652180"}],"curies":[{"name":"wp","href":"https:\/\/api.w.org\/{rel}","templated":true}]}}