{"id":652169,"date":"2025-12-01T13:02:09","date_gmt":"2025-12-01T17:02:09","guid":{"rendered":"https:\/\/diariodominicano.com\/?p=652169"},"modified":"2025-12-01T16:25:48","modified_gmt":"2025-12-01T20:25:48","slug":"canciller-hungaro-afirma-que-rusia-es-clave-para-seguridad-global","status":"publish","type":"post","link":"https:\/\/diariodominicano.com\/?p=652169","title":{"rendered":"Canciller h\u00fangaro afirma que Rusia es clave para seguridad global"},"content":{"rendered":"\n<p>Budapest, 1 dic (Prensa Latina) El ministro de Relaciones Exteriores y Comercio Exterior h\u00fangaro, P\u00e9ter Szijj\u00e1rt\u00f3, se\u00f1al\u00f3 hoy que Rusia desempe\u00f1ar\u00e1 un papel determinante en la seguridad europea y mundial, por lo que su pa\u00eds mantendr\u00e1 el di\u00e1logo con Mosc\u00fa.<\/p>\n\n\n\n<ul class=\"wp-block-list\">\n<li><a href=\"https:\/\/www.prensa-latina.cu\/2025\/12\/01\/\"><time>diciembre 1, 2025 | 09:44<\/time><\/a><\/li>\n<\/ul>\n\n\n\n<ul class=\"wp-block-list\">\n<li><a href=\"https:\/\/www.prensa-latina.cu\/2025\/12\/01\/canciller-hungaro-afirma-que-rusia-es-clave-para-seguridad-global\/#\"><\/a><\/li>\n\n\n\n<li><a href=\"https:\/\/www.prensa-latina.cu\/2025\/12\/01\/canciller-hungaro-afirma-que-rusia-es-clave-para-seguridad-global\/#\"><\/a><\/li>\n\n\n\n<li><a href=\"https:\/\/www.prensa-latina.cu\/2025\/12\/01\/canciller-hungaro-afirma-que-rusia-es-clave-para-seguridad-global\/#\"><\/a><\/li>\n\n\n\n<li><a href=\"https:\/\/www.prensa-latina.cu\/2025\/12\/01\/canciller-hungaro-afirma-que-rusia-es-clave-para-seguridad-global\/#\"><\/a><\/li>\n<\/ul>\n\n\n\n<p>Durante declaraciones al programa \u00abLa Hora de la Verdad\u00bb, el canciller defendi\u00f3 la pol\u00edtica exterior soberana de su pa\u00eds y rechaz\u00f3 las presiones de La Uni\u00f3n Europea (UE).<\/p>\n\n\n\n<p>No podemos permitirnos renunciar a los contactos con un pa\u00eds que suministra una parte significativa de nuestra energ\u00eda y que, nos guste o no, ser\u00e1 un actor clave en el futuro sistema de seguridad, afirm\u00f3 Szijj\u00e1rt\u00f3.<\/p>\n\n\n\n<p>El ministro respald\u00f3 la reciente visita del primer ministro Viktor Orb\u00e1n a Mosc\u00fa, donde sostuvo conversaciones con el presidente ruso Vlad\u00edmir Putin, las cuales calific\u00f3 de exitosas al garantizar el suministro energ\u00e9tico para Hungr\u00eda.<\/p>\n\n\n\n<p>La tarea del primer ministro h\u00fangaro no es satisfacer los caprichos del mainstream liberal en Bruselas, sino representar los intereses del pueblo h\u00fangaro, subray\u00f3 el jefe de la diplomacia magiar.<\/p>\n\n\n\n<p>Analistas locales destacaron que la postura de Hungr\u00eda refleja una tendencia creciente en Europa a privilegiar la seguridad energ\u00e9tica y el pragmatismo sobre las presiones geopol\u00edticas alineadas con Washington.<\/p>\n\n\n\n<p>mem\/ehl\/amp<\/p>\n\n\n\n<ul class=\"wp-block-list\">\n<li>#<a href=\"https:\/\/www.prensa-latina.cu\/etiqueta\/hungria-rusia-seguridad-peter-szijjarto\/\">Hungr\u00eda Rusia Seguridad P\u00e9ter Szijj\u00e1rt\u00f3<\/a><\/li>\n<\/ul>\n","protected":false},"excerpt":{"rendered":"<p>Budapest, 1 dic (Prensa Latina) El ministro de Relaciones Exteriores y Comercio Exterior h\u00fangaro, P\u00e9ter Szijj\u00e1rt\u00f3, se\u00f1al\u00f3 hoy que Rusia desempe\u00f1ar\u00e1 un papel determinante en la seguridad europea y mundial, por lo que su pa\u00eds mantendr\u00e1 el di\u00e1logo con Mosc\u00fa. Durante declaraciones al programa \u00abLa Hora de la Verdad\u00bb, el canciller defendi\u00f3 la pol\u00edtica exterior [&hellip;]<\/p>\n","protected":false},"author":2,"featured_media":652170,"comment_status":"closed","ping_status":"closed","sticky":true,"template":"","format":"standard","meta":{"footnotes":""},"categories":[36,23],"tags":[3559,3560],"class_list":["post-652169","post","type-post","status-publish","format-standard","has-post-thumbnail","hentry","category-hombresmujeresycosas","category-internacional","tag-hungria","tag-rusia"],"_links":{"self":[{"href":"https:\/\/diariodominicano.com\/index.php?rest_route=\/wp\/v2\/posts\/652169","targetHints":{"allow":["GET"]}}],"collection":[{"href":"https:\/\/diariodominicano.com\/index.php?rest_route=\/wp\/v2\/posts"}],"about":[{"href":"https:\/\/diariodominicano.com\/index.php?rest_route=\/wp\/v2\/types\/post"}],"author":[{"embeddable":true,"href":"https:\/\/diariodominicano.com\/index.php?rest_route=\/wp\/v2\/users\/2"}],"replies":[{"embeddable":true,"href":"https:\/\/diariodominicano.com\/index.php?rest_route=%2Fwp%2Fv2%2Fcomments&post=652169"}],"version-history":[{"count":1,"href":"https:\/\/diariodominicano.com\/index.php?rest_route=\/wp\/v2\/posts\/652169\/revisions"}],"predecessor-version":[{"id":652171,"href":"https:\/\/diariodominicano.com\/index.php?rest_route=\/wp\/v2\/posts\/652169\/revisions\/652171"}],"wp:featuredmedia":[{"embeddable":true,"href":"https:\/\/diariodominicano.com\/index.php?rest_route=\/wp\/v2\/media\/652170"}],"wp:attachment":[{"href":"https:\/\/diariodominicano.com\/index.php?rest_route=%2Fwp%2Fv2%2Fmedia&parent=652169"}],"wp:term":[{"taxonomy":"category","embeddable":true,"href":"https:\/\/diariodominicano.com\/index.php?rest_route=%2Fwp%2Fv2%2Fcategories&post=652169"},{"taxonomy":"post_tag","embeddable":true,"href":"https:\/\/diariodominicano.com\/index.php?rest_route=%2Fwp%2Fv2%2Ftags&post=652169"}],"curies":[{"name":"wp","href":"https:\/\/api.w.org\/{rel}","templated":true}]}}