{"id":651937,"date":"2025-11-29T21:03:39","date_gmt":"2025-11-30T01:03:39","guid":{"rendered":"https:\/\/diariodominicano.com\/?p=651937"},"modified":"2025-11-29T21:08:33","modified_gmt":"2025-11-30T01:08:33","slug":"todo-listo-para-la-marcha-del-pueblo-de-este-domingo-30-que-encabezara-leonel-fernandez-en-la-capital","status":"publish","type":"post","link":"https:\/\/diariodominicano.com\/?p=651937","title":{"rendered":"Todo listo para la Marcha del Pueblo de este domingo 30 que encabezar\u00e1 Leonel Fern\u00e1ndez en la capital"},"content":{"rendered":"\n<p>La marcha iniciar\u00e1 a las 10:00 a.m. en la intersecci\u00f3n de la avenida Nicol\u00e1s de Ovando con Albert Thomas, y terminar\u00e1 en la avenida Duarte, esquina M\u00e9xico._<\/p>\n\n\n\n<p>Santo Domingo, D.N. \u2014 El secretario de Gesti\u00f3n Operativa del partido Fuerza del Pueblo (FP), Franklin Labour, inform\u00f3 este s\u00e1bado que todo est\u00e1 listo para la gran Marcha del Pueblo, convocada para este domingo 30 de noviembre, la cual estar\u00e1 encabezada por Leonel Fern\u00e1ndez, presidente y l\u00edder de esa organizaci\u00f3n pol\u00edtica.<\/p>\n\n\n\n<figure class=\"wp-block-image size-large\"><img loading=\"lazy\" decoding=\"async\" width=\"1024\" height=\"573\" src=\"https:\/\/diariodominicano.com\/wp-content\/uploads\/2025\/11\/IMG-20251129-WA0017-1024x573.jpg\" alt=\"\" class=\"wp-image-651942\" srcset=\"https:\/\/diariodominicano.com\/wp-content\/uploads\/2025\/11\/IMG-20251129-WA0017-1024x573.jpg 1024w, https:\/\/diariodominicano.com\/wp-content\/uploads\/2025\/11\/IMG-20251129-WA0017-300x168.jpg 300w, https:\/\/diariodominicano.com\/wp-content\/uploads\/2025\/11\/IMG-20251129-WA0017-768x430.jpg 768w, https:\/\/diariodominicano.com\/wp-content\/uploads\/2025\/11\/IMG-20251129-WA0017-816x457.jpg 816w, https:\/\/diariodominicano.com\/wp-content\/uploads\/2025\/11\/IMG-20251129-WA0017.jpg 1170w\" sizes=\"auto, (max-width: 1024px) 100vw, 1024px\" \/><\/figure>\n\n\n\n<p>Tras hacer un \u00faltimo recorrido de reconocimiento por la ruta, Labour, quien es miembro de la Direcci\u00f3n Pol\u00edtica de la FP destac\u00f3 que, aunque se trata de una convocatoria impulsada por la Fuerza del Pueblo, m\u00faltiples organizaciones de la sociedad dominicana ya han manifestado su respaldo a esta jornada de movilizaci\u00f3n ciudadana. \u201cMa\u00f1ana, todo el pa\u00eds podr\u00e1 ser testigo del respaldo amplio a las causas que representan las demandas del pueblo dominicano\u201d, expres\u00f3.<\/p>\n\n\n\n<p>La marcha ha sido organizada como respuesta a las situaciones que golpean el d\u00eda a d\u00eda de los dominicanos: el alto costo de la vida, la inseguridad, los apagones, la falta de agua potable, el encarecimiento de los alimentos, el deterioro de los servicios de salud, y la falta de apoyo a sectores productivos y comunidades vulnerables, entre otras problem\u00e1ticas.&nbsp;<\/p>\n\n\n\n<p>El recorrido iniciar\u00e1 a las 10:00 de la ma\u00f1ana en la avenida Nicol\u00e1s de Ovando esquina Albert Thomas, continuar\u00e1 derecho por la Nicol\u00e1s de Ovando hacia el Este; girar\u00e1 a la derecha por la calle Mutual\u00edsimo (calle 10) y avanzar\u00e1 por la misma v\u00eda; doblar\u00e1 nuevamente a la derecha por la calle Mar\u00eda Viuda de la Cruz (Do\u00f1a Chucha); proseguir\u00e1 hasta la avenida Juan Pablo Duarte; y de ah\u00ed se desplazar\u00e1 en l\u00ednea recta hasta llegar a la avenida M\u00e9xico, donde concluir\u00e1 la manifestaci\u00f3n.<\/p>\n\n\n\n<p>El trayecto abarcar\u00e1 los sectores La Zurza, Sim\u00f3n Bol\u00edvar, Ensanche Capotillo, Villas Agr\u00edcolas, Villa Juana, Villa Consuelo, Mejoramiento Social, y finalizar\u00e1 entre San Carlos y Villa Francisca, inform\u00f3 la\u2002la Secretar\u00eda de Comunicaciones\u2002de Fuerza del Pueblo, en un comunicado de prensa.<\/p>\n","protected":false},"excerpt":{"rendered":"<p>La marcha iniciar\u00e1 a las 10:00 a.m. en la intersecci\u00f3n de la avenida Nicol\u00e1s de Ovando con Albert Thomas, y terminar\u00e1 en la avenida Duarte, esquina M\u00e9xico._ Santo Domingo, D.N. \u2014 El secretario de Gesti\u00f3n Operativa del partido Fuerza del Pueblo (FP), Franklin Labour, inform\u00f3 este s\u00e1bado que todo est\u00e1 listo para la gran Marcha [&hellip;]<\/p>\n","protected":false},"author":2,"featured_media":651938,"comment_status":"closed","ping_status":"closed","sticky":true,"template":"","format":"standard","meta":{"footnotes":""},"categories":[22,27],"tags":[],"class_list":["post-651937","post","type-post","status-publish","format-standard","has-post-thumbnail","hentry","category-politica","category-portada"],"_links":{"self":[{"href":"https:\/\/diariodominicano.com\/index.php?rest_route=\/wp\/v2\/posts\/651937","targetHints":{"allow":["GET"]}}],"collection":[{"href":"https:\/\/diariodominicano.com\/index.php?rest_route=\/wp\/v2\/posts"}],"about":[{"href":"https:\/\/diariodominicano.com\/index.php?rest_route=\/wp\/v2\/types\/post"}],"author":[{"embeddable":true,"href":"https:\/\/diariodominicano.com\/index.php?rest_route=\/wp\/v2\/users\/2"}],"replies":[{"embeddable":true,"href":"https:\/\/diariodominicano.com\/index.php?rest_route=%2Fwp%2Fv2%2Fcomments&post=651937"}],"version-history":[{"count":4,"href":"https:\/\/diariodominicano.com\/index.php?rest_route=\/wp\/v2\/posts\/651937\/revisions"}],"predecessor-version":[{"id":651945,"href":"https:\/\/diariodominicano.com\/index.php?rest_route=\/wp\/v2\/posts\/651937\/revisions\/651945"}],"wp:featuredmedia":[{"embeddable":true,"href":"https:\/\/diariodominicano.com\/index.php?rest_route=\/wp\/v2\/media\/651938"}],"wp:attachment":[{"href":"https:\/\/diariodominicano.com\/index.php?rest_route=%2Fwp%2Fv2%2Fmedia&parent=651937"}],"wp:term":[{"taxonomy":"category","embeddable":true,"href":"https:\/\/diariodominicano.com\/index.php?rest_route=%2Fwp%2Fv2%2Fcategories&post=651937"},{"taxonomy":"post_tag","embeddable":true,"href":"https:\/\/diariodominicano.com\/index.php?rest_route=%2Fwp%2Fv2%2Ftags&post=651937"}],"curies":[{"name":"wp","href":"https:\/\/api.w.org\/{rel}","templated":true}]}}