{"id":651762,"date":"2025-11-28T22:59:55","date_gmt":"2025-11-29T02:59:55","guid":{"rendered":"https:\/\/diariodominicano.com\/?p=651762"},"modified":"2025-11-29T03:35:46","modified_gmt":"2025-11-29T07:35:46","slug":"montemayor-un-personaje-olvidado","status":"publish","type":"post","link":"https:\/\/diariodominicano.com\/?p=651762","title":{"rendered":"MONTEMAYOR, UN PERSONAJE OLVIDADO"},"content":{"rendered":"\n<p>POR TE\u00d3FILO LAPPOT ROBLES<\/p>\n\n\n\n<p>Muchos personajes de nuestro ayer, desde los tiempos coloniales, han sido olvidados. Es una actitud recurrente en el tiempo. Esa injusta situaci\u00f3n debe grabarse en piedra como una de las muchas fallas hist\u00f3ricas que tenemos los dominicanos. Es materia pendiente a resolver, poniendo a cada a cada cual en el lugar que le corresponda en la escalera de la verdad.<\/p>\n\n\n\n<figure class=\"wp-block-image size-full\"><img loading=\"lazy\" decoding=\"async\" width=\"259\" height=\"194\" src=\"https:\/\/diariodominicano.com\/wp-content\/uploads\/2025\/11\/Juan-Francisco-Montemayor-de-Cuenca.jpg\" alt=\"\" class=\"wp-image-651765\"\/><\/figure>\n\n\n\n<p>Juan Francisco Montemayor de Cuenca<\/p>\n\n\n\n<p>Uno de esos personajes relegados ten\u00eda por nombre Juan Francisco Montemayor de Cuenca, un culto jurista aragon\u00e9s nacido en Huesca en el 1618, que lleg\u00f3 a Santo Domingo casi cerrando su etapa veintea\u00f1era.<\/p>\n\n\n\n<p>Seg\u00fan sus propias anotaciones, su valedor inicial aqu\u00ed fue Gaspar de Guzm\u00e1n y Pimentel, que no era otro que el famoso conde-duque de Olivares, poderoso cortesano durante el reinado de Felipe IV de Espa\u00f1a. En el 1653, con 35 a\u00f1os, Montemayor ascendi\u00f3 a los cargos de gobernador y capit\u00e1n general de la isla de Santo Domingo.<\/p>\n\n\n\n<p>Antes fue Oidor de la Real Audiencia que operaba en la que es capital dominicana. Ese \u00f3rgano judicial ha sido considerado como \u201cuna olla de grillos y lonja para saciar apetitos mercuriales\u201d. Sin embargo, sus opiniones all\u00ed, rescatadas por investigadores espa\u00f1oles y dominicanos, tienen un gran valor para conocer mejor nuestro pasado.<\/p>\n\n\n\n<p>Montemayor no fue un alto funcionario colonial al uso. Ten\u00eda una categor\u00eda intelectual superior a la mayor\u00eda de los que aqu\u00ed desempe\u00f1aron antes y despu\u00e9s de \u00e9l labores similares a las suyas. Sus cualificaciones personales le permitieron desarrollar sus funciones desde una perspectiva amplia, as\u00ed como escribir libros de pol\u00edtica, historia, derecho y de otros temas de inter\u00e9s general.<\/p>\n\n\n\n<p>De \u00e9l escribi\u00f3 el historiador nacional Jos\u00e9 Gabriel Garc\u00eda lo siguiente: \u201c\u2026caballero aragon\u00e9s de mucha nombrad\u00eda, al que hay quien atribuya la gloria de haber vuelto a ocupar militarmente La Tortuga, redoblando la vigilancia de las costas del Noroeste\u2026\u201d (Obras completas. Vol.I.P142. AGN. Impresora Amigo del Hogar, 2016. JGG).<\/p>\n\n\n\n<p>As\u00ed tambi\u00e9n el jurista e historiador Manuel A. Pe\u00f1a Batlle, que lo llam\u00f3 Don Quijote Montemayor, escribi\u00f3 de \u00e9l que: \u201cToda la doctrina de Montemayor descansa en la apreciaci\u00f3n de los hechos nuevos que en los mares americanos desat\u00f3 la lucha entre Espa\u00f1a y las naciones coaligadas con miras al dominio de los mismos\u2026\u201d (La isla de La Tortuga. Cap\u00edtulo VI. Pp.161 y siguientes. SDB. Editora de Santo Domingo, 1974.MAPB).<\/p>\n\n\n\n<p>En enero de 1654 tuvo el papel principal en los hechos de armas que provocaron la derrota del jefe corsario Timole\u00f3n Hotman de Fontenay, gobernador franc\u00e9s de la isla de La Tortuga, la cual se hab\u00eda convertido en una madriguera de sujetos de la peor cala\u00f1a.<\/p>\n\n\n\n<p>El triunfo all\u00ed de Montemayor libr\u00f3 a las familias que viv\u00edan en lo que es la parte norte de la hoy Rep\u00fablica Dominicana de las fechor\u00edas de los filibusteros y bucaneros que abundaron en el mar Caribe en el siglo XVII.<\/p>\n\n\n\n<p>Ese importante triunfo no ha sido ponderado en su justa dimensi\u00f3n, especialmente porque su sustituto en el gobierno de la colonia, Bernardino Meneses Bracamonte, mejor conocido como el Conde de Pe\u00f1alva, desat\u00f3 en su contra una campa\u00f1a difamatoria.<\/p>\n\n\n\n<p>Esa animadversi\u00f3n arrastr\u00f3 hacia la exclusi\u00f3n los m\u00e9ritos que tambi\u00e9n tuvo &nbsp;Montemayor al tomar en su corto gobierno colonial (1653-1655) todas las previsiones ante el posible ataque de tropas extranjeras, como en efecto ocurri\u00f3 6 d\u00edas despu\u00e9s de ser sustituido por el referido Conde de Pe\u00f1alva.<\/p>\n\n\n\n<p>Cinco meses antes de la derrota en tierra dominicana de una poderosa armada inglesa el gobernador colonial Montemayor le avis\u00f3 al rey espa\u00f1ol (comunicaci\u00f3n del 8 de noviembre de 1654) sobre la inminencia de un ataque de fuerzas enemigas y los preparativos que estaba haciendo para enfrentar esa posibilidad. Esa importante decisi\u00f3n la describen, entre otros, el historiador Joaqu\u00edn Marino Inch\u00e1ustegui en el tomo I de su obra titulada Gran expedici\u00f3n inglesa contra las Antillas Mayores.<\/p>\n\n\n\n<p>Qued\u00f3 comprobado por el peso de la verdad hist\u00f3rica que la derrota que sufrieron miles de tropas inglesas que llegaron a la ciudad de Santo Domingo y costas aleda\u00f1as en 34 buques el 23 de abril de 1655, bajo la direcci\u00f3n del almirante William Penn y el general Robert Venables, en gran parte se debi\u00f3 a los planes de defensa que hab\u00eda elaborado Montemayor.<\/p>\n\n\n\n<p>Montemayor fue, de manera directa y participativa, el gran estratega que evit\u00f3 que la hoy capital dominicana cayera bajo las garras de dichos invasores, los que cumpl\u00edan \u00f3rdenes ominosas del dictador ingl\u00e9s Oliver Cromwell.<\/p>\n\n\n\n<p>Es conveniente decir que Pedro Agust\u00edn Morell de Santa Cruz (que por el mal ambiente que se le cre\u00f3 aqu\u00ed por ser hijo de una mulata y supuesto nieto de una ind\u00edgena) se fue a la isla mayor de las Antillas, gan\u00e1ndose por sus m\u00e9ritos el puesto de obispo de Cuba con sede en La Habana. All\u00e1 escribi\u00f3 un ensayo sobre la referida invasi\u00f3n inglesa a la tierra donde \u00e9l naci\u00f3. Aunque no menciona a Montemayor, puntualiza que el Conde de Pe\u00f1alva \u201c\u2026se hallaba por falta de experiencia con las manos ligadas para las prevenciones que en lance tan fuerte se requer\u00edan\u2026\u201d<\/p>\n\n\n\n<p>Jam\u00e1s se pudo comprobar que Montemayor quisiera suplantar la autoridad de su sustituto en el cargo principal de la colonia de Santo Domingo, pero a pesar de eso fue objeto de todo tipo de persecuciones incluyendo prisi\u00f3n y un Juicio de Residencia. Dicho personaje sufri\u00f3 las consecuencias de una etapa de nuestro pasado en que \u201ca golpe de zancadillas se dirim\u00edan las m\u00e1s enconadas diferencias\u2026por la codicia y las pasiones individuales\u201d. (La mala vida. Editora Taller, 1997.P.183. Carlos Esteban Deive).<\/p>\n\n\n\n<p>En una relaci\u00f3n publicada el 24 de mayo de 1655 sobre los acontecimientos sucedidos con motivo de la fracasada invasi\u00f3n inglesa, el escribano p\u00fablico Francisco Facundo de Carvajal hizo constar que Montemayor asesor\u00f3 al Conde de Pe\u00f1alva: \u201ca quien o\u00eda el se\u00f1or presidente con toda atenci\u00f3n y con quien comunicaba las disposiciones de la defensa\u2026\u201d<\/p>\n\n\n\n<p>Dicha relaci\u00f3n fue luego reproducida por el historiador Emilio Rodr\u00edguez Demorizi en su obra titulada Invasi\u00f3n inglesa de1655(editora Montalvo, 1957), en cuya nota 19 el sacerdote capuchino Fray Cipriano de Utrera, al referirse a los medios fundamentales de defensa de la ciudad de Santo Domingo, habla de la \u201cPlataforma de la Fortaleza, edificada junto al agua. Fue obra emprendida por don Juan Francisco Montemayor y Cuenca\u2026hab\u00eda dado comienzo a ella en 1653\u2026\u201d<\/p>\n\n\n\n<p>En otra puntualizaci\u00f3n de la referida relaci\u00f3n el mismo sacerdote e historiador, aludiendo a lo dicho por Carvajal con relaci\u00f3n a Montemayor dice (nota 21) que: \u201cEstos conceptos favorables a Montemayor de Cuenca es evidente que pasaron por buenos a la atenci\u00f3n del Conde de Pe\u00f1alba, como escritos cuando todav\u00eda no hab\u00eda tomado cuerpo la disensi\u00f3n entre aquellos caballeros\u201d.<\/p>\n\n\n\n<p>El asunto entre Juan Francisco Montemayor y Bernardino Meneses Bracamonte (Conde de Pe\u00f1alva) lleg\u00f3 a niveles de crispaci\u00f3n tales que el primero le dirigi\u00f3 el 15 de agosto de 1655 una carta al rey de Espa\u00f1a Felipe IV en la cual le inform\u00f3 que el segundo tom\u00f3 represalias extremas contra el mencionado escribano Carvajal por este haber reconocido su labor preventiva y su acci\u00f3n para enfrentar a los ingleses.<\/p>\n\n\n\n<p>Le se\u00f1al\u00f3 al jefe de la Corona espa\u00f1ola que el nuevo gobernador no se conform\u00f3 con apresar a Carvajal e incautarles sus notas, sino que orden\u00f3 que lo llevaran \u201ca pie por las calles, vestido de color, con bast\u00f3n, capa de barrio y un pa\u00f1uelo atado a la garganta\u201d.<\/p>\n\n\n\n<p>Un abogado e historiador dominicano, en una conferencia pronunciada el 12 de diciembre de 1954 con el t\u00edtulo Las guerras europeas en Santo Domingo, fue tambi\u00e9n de los pocos que han reconocido el papel estelar de Montemayor en el pasado nuestro, al se\u00f1alar que: \u201c\u2026el reci\u00e9n llegado capit\u00e1n general de la colonia, don Bernardino de Meneses y Bracamonte, conde de Pe\u00f1alva, con la decisiva cooperaci\u00f3n del anterior gobernador, don Juan Francisco Montemayor de Cuenca, destaca tropas al encuentro de los invasores\u2026\u201d (Cl\u00edo. Enero-marzo 1955.No.102. Pedro Troncoso S\u00e1nchez).<\/p>\n\n\n\n<p>Oportuno es el momento para reiterar la importancia de despojar nuestro pasado, en sus etapas colonial, de ocupaciones y republicana, respectivamente, de las malezas y hojarascas que impiden que aflore la verdad.<\/p>\n\n\n\n<p>teofilo lappot<\/p>\n\n\n\n<p><a target=\"_blank\" href=\"mailto:teofilolappot@gmail.com\" rel=\"noreferrer noopener\">teofilolappot@gmail.com<\/a><\/p>\n","protected":false},"excerpt":{"rendered":"<p>POR TE\u00d3FILO LAPPOT ROBLES Muchos personajes de nuestro ayer, desde los tiempos coloniales, han sido olvidados. Es una actitud recurrente en el tiempo. Esa injusta situaci\u00f3n debe grabarse en piedra como una de las muchas fallas hist\u00f3ricas que tenemos los dominicanos. Es materia pendiente a resolver, poniendo a cada a cada cual en el lugar [&hellip;]<\/p>\n","protected":false},"author":2,"featured_media":525185,"comment_status":"closed","ping_status":"closed","sticky":true,"template":"","format":"standard","meta":{"footnotes":""},"categories":[21,36,19,16,27],"tags":[177],"class_list":["post-651762","post","type-post","status-publish","format-standard","has-post-thumbnail","hentry","category-cultura","category-hombresmujeresycosas","category-mi-voz","category-opiniones","category-portada","tag-teofilo-lappot-robles"],"_links":{"self":[{"href":"https:\/\/diariodominicano.com\/index.php?rest_route=\/wp\/v2\/posts\/651762","targetHints":{"allow":["GET"]}}],"collection":[{"href":"https:\/\/diariodominicano.com\/index.php?rest_route=\/wp\/v2\/posts"}],"about":[{"href":"https:\/\/diariodominicano.com\/index.php?rest_route=\/wp\/v2\/types\/post"}],"author":[{"embeddable":true,"href":"https:\/\/diariodominicano.com\/index.php?rest_route=\/wp\/v2\/users\/2"}],"replies":[{"embeddable":true,"href":"https:\/\/diariodominicano.com\/index.php?rest_route=%2Fwp%2Fv2%2Fcomments&post=651762"}],"version-history":[{"count":2,"href":"https:\/\/diariodominicano.com\/index.php?rest_route=\/wp\/v2\/posts\/651762\/revisions"}],"predecessor-version":[{"id":651766,"href":"https:\/\/diariodominicano.com\/index.php?rest_route=\/wp\/v2\/posts\/651762\/revisions\/651766"}],"wp:featuredmedia":[{"embeddable":true,"href":"https:\/\/diariodominicano.com\/index.php?rest_route=\/wp\/v2\/media\/525185"}],"wp:attachment":[{"href":"https:\/\/diariodominicano.com\/index.php?rest_route=%2Fwp%2Fv2%2Fmedia&parent=651762"}],"wp:term":[{"taxonomy":"category","embeddable":true,"href":"https:\/\/diariodominicano.com\/index.php?rest_route=%2Fwp%2Fv2%2Fcategories&post=651762"},{"taxonomy":"post_tag","embeddable":true,"href":"https:\/\/diariodominicano.com\/index.php?rest_route=%2Fwp%2Fv2%2Ftags&post=651762"}],"curies":[{"name":"wp","href":"https:\/\/api.w.org\/{rel}","templated":true}]}}