{"id":651548,"date":"2025-11-27T16:55:58","date_gmt":"2025-11-27T20:55:58","guid":{"rendered":"https:\/\/diariodominicano.com\/?p=651548"},"modified":"2025-11-28T02:48:45","modified_gmt":"2025-11-28T06:48:45","slug":"presidente-del-senado-ricardo-de-los-santos-valora-como-positiva-la-decision-del-gobierno-para-fortalecer-la-lucha-contra-el-narcotrafico","status":"publish","type":"post","link":"https:\/\/diariodominicano.com\/?p=651548","title":{"rendered":"Presidente del Senado, Ricardo de los Santos califica de positiva la decisi\u00f3n del Gobierno para fortalecer la lucha contra el narcotr\u00e1fico"},"content":{"rendered":"\n<p>Santo Domingo, RD.\u2013 El presidente del Senado de la Rep\u00fablica, Ricardo de los Santos, calific\u00f3 como acertada y oportuna la decisi\u00f3n del presidente Luis Abinader de poner en plena ejecuci\u00f3n el Acuerdo Bilateral de Interdicci\u00f3n Mar\u00edtima y A\u00e9rea, vigente desde 1995, con el fin de reforzar las acciones conjuntas con los Estados Unidos contra el narcotr\u00e1fico.<\/p>\n\n\n\n<p>De los Santos afirm\u00f3 que esta medida refuerza la capacidad operativa del Estado dominicano para enfrentar las redes criminales que utilizan rutas a\u00e9reas y mar\u00edtimas para el trasiego de drogas, un fen\u00f3meno que impacta directamente la seguridad y el bienestar de las familias dominicanas.<\/p>\n\n\n\n<p>\u201cEl narcotr\u00e1fico no solo amenaza la estabilidad de nuestra naci\u00f3n, sino que afecta de manera directa a nuestros j\u00f3venes y a nuestras comunidades. Toda acci\u00f3n que fortalezca los mecanismos de defensa y cooperaci\u00f3n es un paso necesario\u201d, sostuvo.<\/p>\n\n\n\n<p>Asimismo, destac\u00f3 que la formalizaci\u00f3n plena de este acuerdo permite proteger con mayor firmeza el espacio a\u00e9reo y las aguas territoriales del pa\u00eds, cerrando oportunidades a organizaciones delictivas que operan en la regi\u00f3n.<\/p>\n\n\n\n<p>\u201cSaludamos la decisi\u00f3n del presidente Abinader porque demuestra voluntad, claridad y compromiso para enfrentar un problema que requiere coordinaci\u00f3n internacional y determinaci\u00f3n constante\u201d, expres\u00f3 De los Santos.<\/p>\n\n\n\n<p>#<strong>Senado &nbsp;<\/strong><\/p>\n","protected":false},"excerpt":{"rendered":"<p>Santo Domingo, RD.\u2013 El presidente del Senado de la Rep\u00fablica, Ricardo de los Santos, calific\u00f3 como acertada y oportuna la decisi\u00f3n del presidente Luis Abinader de poner en plena ejecuci\u00f3n el Acuerdo Bilateral de Interdicci\u00f3n Mar\u00edtima y A\u00e9rea, vigente desde 1995, con el fin de reforzar las acciones conjuntas con los Estados Unidos contra el [&hellip;]<\/p>\n","protected":false},"author":7,"featured_media":651542,"comment_status":"closed","ping_status":"closed","sticky":true,"template":"","format":"standard","meta":{"footnotes":""},"categories":[22],"tags":[2359],"class_list":["post-651548","post","type-post","status-publish","format-standard","has-post-thumbnail","hentry","category-politica","tag-senado"],"_links":{"self":[{"href":"https:\/\/diariodominicano.com\/index.php?rest_route=\/wp\/v2\/posts\/651548","targetHints":{"allow":["GET"]}}],"collection":[{"href":"https:\/\/diariodominicano.com\/index.php?rest_route=\/wp\/v2\/posts"}],"about":[{"href":"https:\/\/diariodominicano.com\/index.php?rest_route=\/wp\/v2\/types\/post"}],"author":[{"embeddable":true,"href":"https:\/\/diariodominicano.com\/index.php?rest_route=\/wp\/v2\/users\/7"}],"replies":[{"embeddable":true,"href":"https:\/\/diariodominicano.com\/index.php?rest_route=%2Fwp%2Fv2%2Fcomments&post=651548"}],"version-history":[{"count":2,"href":"https:\/\/diariodominicano.com\/index.php?rest_route=\/wp\/v2\/posts\/651548\/revisions"}],"predecessor-version":[{"id":651625,"href":"https:\/\/diariodominicano.com\/index.php?rest_route=\/wp\/v2\/posts\/651548\/revisions\/651625"}],"wp:featuredmedia":[{"embeddable":true,"href":"https:\/\/diariodominicano.com\/index.php?rest_route=\/wp\/v2\/media\/651542"}],"wp:attachment":[{"href":"https:\/\/diariodominicano.com\/index.php?rest_route=%2Fwp%2Fv2%2Fmedia&parent=651548"}],"wp:term":[{"taxonomy":"category","embeddable":true,"href":"https:\/\/diariodominicano.com\/index.php?rest_route=%2Fwp%2Fv2%2Fcategories&post=651548"},{"taxonomy":"post_tag","embeddable":true,"href":"https:\/\/diariodominicano.com\/index.php?rest_route=%2Fwp%2Fv2%2Ftags&post=651548"}],"curies":[{"name":"wp","href":"https:\/\/api.w.org\/{rel}","templated":true}]}}