{"id":651509,"date":"2025-11-27T16:49:10","date_gmt":"2025-11-27T20:49:10","guid":{"rendered":"https:\/\/diariodominicano.com\/?p=651509"},"modified":"2025-11-27T16:49:11","modified_gmt":"2025-11-27T20:49:11","slug":"senado-reconoce-a-ernesto-veloz-por-aportes-al-turismo-nacional","status":"publish","type":"post","link":"https:\/\/diariodominicano.com\/?p=651509","title":{"rendered":"Senado reconoce a Ernesto Veloz por aportes al turismo nacional"},"content":{"rendered":"\n<p>SANTO DOMINGO. \u2013 El Senado de la Rep\u00fablica entreg\u00f3 un reconocimiento al presidente de la Asociaci\u00f3n de Hoteles y Proyectos Tur\u00edsticos del Este (ASOLESTE), Ernesto Veloz, por su destacada trayectoria, liderazgo gremial y valiosos aportes al fortalecimiento y desarrollo del turismo en la Rep\u00fablica Dominicana.<\/p>\n\n\n\n<p>La distinci\u00f3n fue otorgada mediante una resoluci\u00f3n aprobada a unanimidad por el Pleno del Senado, a propuesta del senador por la provincia La Altagracia, Rafael Bar\u00f3n Duluc Rijo.<\/p>\n\n\n\n<figure class=\"wp-block-gallery has-nested-images columns-default is-cropped wp-block-gallery-1 is-layout-flex wp-block-gallery-is-layout-flex\">\n<figure class=\"wp-block-image size-large\"><img loading=\"lazy\" decoding=\"async\" width=\"1024\" height=\"682\" data-id=\"651546\" src=\"https:\/\/diariodominicano.com\/wp-content\/uploads\/2025\/11\/El-presidente-del-Senado-Ricardo-de-los-Santos-1024x682.jpeg\" alt=\"\" class=\"wp-image-651546\" srcset=\"https:\/\/diariodominicano.com\/wp-content\/uploads\/2025\/11\/El-presidente-del-Senado-Ricardo-de-los-Santos-1024x682.jpeg 1024w, https:\/\/diariodominicano.com\/wp-content\/uploads\/2025\/11\/El-presidente-del-Senado-Ricardo-de-los-Santos-300x200.jpeg 300w, https:\/\/diariodominicano.com\/wp-content\/uploads\/2025\/11\/El-presidente-del-Senado-Ricardo-de-los-Santos-768x512.jpeg 768w, https:\/\/diariodominicano.com\/wp-content\/uploads\/2025\/11\/El-presidente-del-Senado-Ricardo-de-los-Santos-816x544.jpeg 816w, https:\/\/diariodominicano.com\/wp-content\/uploads\/2025\/11\/El-presidente-del-Senado-Ricardo-de-los-Santos.jpeg 1280w\" sizes=\"auto, (max-width: 1024px) 100vw, 1024px\" \/><\/figure>\n\n\n\n<figure class=\"wp-block-image size-large\"><img loading=\"lazy\" decoding=\"async\" width=\"1024\" height=\"682\" data-id=\"651545\" src=\"https:\/\/diariodominicano.com\/wp-content\/uploads\/2025\/11\/Senador-por-la-provincia-La-Altagracia-Rafael-Baron-Duluc-Rijo-1024x682.jpeg\" alt=\"\" class=\"wp-image-651545\" srcset=\"https:\/\/diariodominicano.com\/wp-content\/uploads\/2025\/11\/Senador-por-la-provincia-La-Altagracia-Rafael-Baron-Duluc-Rijo-1024x682.jpeg 1024w, https:\/\/diariodominicano.com\/wp-content\/uploads\/2025\/11\/Senador-por-la-provincia-La-Altagracia-Rafael-Baron-Duluc-Rijo-300x200.jpeg 300w, https:\/\/diariodominicano.com\/wp-content\/uploads\/2025\/11\/Senador-por-la-provincia-La-Altagracia-Rafael-Baron-Duluc-Rijo-768x511.jpeg 768w, https:\/\/diariodominicano.com\/wp-content\/uploads\/2025\/11\/Senador-por-la-provincia-La-Altagracia-Rafael-Baron-Duluc-Rijo-816x543.jpeg 816w, https:\/\/diariodominicano.com\/wp-content\/uploads\/2025\/11\/Senador-por-la-provincia-La-Altagracia-Rafael-Baron-Duluc-Rijo.jpeg 1280w\" sizes=\"auto, (max-width: 1024px) 100vw, 1024px\" \/><\/figure>\n\n\n\n<figure class=\"wp-block-image size-large\"><img loading=\"lazy\" decoding=\"async\" width=\"1024\" height=\"682\" data-id=\"651544\" src=\"https:\/\/diariodominicano.com\/wp-content\/uploads\/2025\/11\/Senado-reconoce-Ernesto-Veloz-por-aportes-al-turismo-nacional-1024x682.jpeg\" alt=\"\" class=\"wp-image-651544\" srcset=\"https:\/\/diariodominicano.com\/wp-content\/uploads\/2025\/11\/Senado-reconoce-Ernesto-Veloz-por-aportes-al-turismo-nacional-1024x682.jpeg 1024w, https:\/\/diariodominicano.com\/wp-content\/uploads\/2025\/11\/Senado-reconoce-Ernesto-Veloz-por-aportes-al-turismo-nacional-300x200.jpeg 300w, https:\/\/diariodominicano.com\/wp-content\/uploads\/2025\/11\/Senado-reconoce-Ernesto-Veloz-por-aportes-al-turismo-nacional-768x511.jpeg 768w, https:\/\/diariodominicano.com\/wp-content\/uploads\/2025\/11\/Senado-reconoce-Ernesto-Veloz-por-aportes-al-turismo-nacional-816x543.jpeg 816w, https:\/\/diariodominicano.com\/wp-content\/uploads\/2025\/11\/Senado-reconoce-Ernesto-Veloz-por-aportes-al-turismo-nacional.jpeg 1280w\" sizes=\"auto, (max-width: 1024px) 100vw, 1024px\" \/><\/figure>\n\n\n\n<figure class=\"wp-block-image size-large\"><img loading=\"lazy\" decoding=\"async\" width=\"1024\" height=\"682\" data-id=\"651543\" src=\"https:\/\/diariodominicano.com\/wp-content\/uploads\/2025\/11\/Senado-reconoce-a-Ernesto-Veloz-por-aportes-al-turismo-nacional-1024x682.jpeg\" alt=\"\" class=\"wp-image-651543\" srcset=\"https:\/\/diariodominicano.com\/wp-content\/uploads\/2025\/11\/Senado-reconoce-a-Ernesto-Veloz-por-aportes-al-turismo-nacional-1024x682.jpeg 1024w, https:\/\/diariodominicano.com\/wp-content\/uploads\/2025\/11\/Senado-reconoce-a-Ernesto-Veloz-por-aportes-al-turismo-nacional-300x200.jpeg 300w, https:\/\/diariodominicano.com\/wp-content\/uploads\/2025\/11\/Senado-reconoce-a-Ernesto-Veloz-por-aportes-al-turismo-nacional-768x511.jpeg 768w, https:\/\/diariodominicano.com\/wp-content\/uploads\/2025\/11\/Senado-reconoce-a-Ernesto-Veloz-por-aportes-al-turismo-nacional-816x543.jpeg 816w, https:\/\/diariodominicano.com\/wp-content\/uploads\/2025\/11\/Senado-reconoce-a-Ernesto-Veloz-por-aportes-al-turismo-nacional.jpeg 1280w\" sizes=\"auto, (max-width: 1024px) 100vw, 1024px\" \/><\/figure>\n<\/figure>\n\n\n\n<p>El acto de entrega fue encabezado por el presidente del Senado, Ricardo de los Santos, quien subray\u00f3 la importancia del compromiso de Veloz con el sector tur\u00edstico, resaltando su contribuci\u00f3n al crecimiento econ\u00f3mico y social del pa\u00eds.<\/p>\n\n\n\n<p>\u00abEs responsabilidad del Senado de la Rep\u00fablica reconocer a esos grandes hombres y mujeres que han dejado huellas y que de una forma u otra han contribuido al desarrollo de la Rep\u00fablica Dominicana\u00bb, acot\u00f3 De los Santos.<\/p>\n\n\n\n<p>El proponente de la resoluci\u00f3n, senador Rafael Duluc Rijo, resalt\u00f3 la extensa labor de servicio de Veloz, destacando sus m\u00e1s de dos d\u00e9cadas al frente de ASOLESTE y su rol activo en la promoci\u00f3n de la capacitaci\u00f3n de la mano de obra local.<\/p>\n\n\n\n<p>\u00abGracias Ernesto Veloz por tu visi\u00f3n y por recordarnos con tu ejemplo que el turismo no son solo hoteles y cifras: es gente, es comunidad, es territorio, es futuro y tambi\u00e9n es identidad dominicana. Tu legado honra, y hoy, la Rep\u00fablica Dominicana te devuelve ese honor con este reconocimiento\u00bb, expres\u00f3 el senador Duluc.<\/p>\n\n\n\n<p>Ernesto Veloz, visiblemente emocionado, agradeci\u00f3 el galard\u00f3n y reafirm\u00f3 su compromiso de seguir trabajando por el progreso del turismo dominicano.<\/p>\n\n\n\n<p>\u00abLo recibo con una gran humildad y reconozco que he aportado una gran parte de mi vida para que esto sea lo que es hoy. Ser reconocido como protagonista en el sector tur\u00edstico es una medalla muy importante que puedo recibir y un combustible para que mi alma siga invitada a continuar adelante\u00bb, manifest\u00f3 Veloz.<\/p>\n\n\n\n<p>La trayectoria de Veloz ha sido reconocida tanto nacional como internacionalmente, incluyendo el Premio Nacional de Turismo 2024 y el Premio Arecoa 2025 en FITUR.<\/p>\n\n\n\n<p>Durante la entrega del pergamino, el presidente De los Santos estuvo acompa\u00f1ado por el senador proponente Rafael Duluc, el vicepresidente Pedro Catrain, y las senadoras L\u00eda D\u00edaz de D\u00edaz y Ginnette Bournigal. Tambi\u00e9n estuvieron presentes los senadores Antonio Marte y Santiago Jos\u00e9 Zorrilla, as\u00ed como los diputados de La Altagracia Jorge Tavares y \u00c1ngel del Rosario.<\/p>\n\n\n\n<p>Entre los invitados especiales se encontraban el empresario tur\u00edstico Frank Rainieri, junto a su esposa Aide\u00e9 e hija Paola Rainieri, la exprocuradora de la Rep\u00fablica Mirian Germ\u00e1n, familiares del homenajeado, y representantes del sector tur\u00edstico, entre otras autoridades y empresarios.<\/p>\n\n\n\n<p>#<strong>Senado<\/strong><\/p>\n","protected":false},"excerpt":{"rendered":"<p>SANTO DOMINGO. \u2013 El Senado de la Rep\u00fablica entreg\u00f3 un reconocimiento al presidente de la Asociaci\u00f3n de Hoteles y Proyectos Tur\u00edsticos del Este (ASOLESTE), Ernesto Veloz, por su destacada trayectoria, liderazgo gremial y valiosos aportes al fortalecimiento y desarrollo del turismo en la Rep\u00fablica Dominicana. La distinci\u00f3n fue otorgada mediante una resoluci\u00f3n aprobada a unanimidad [&hellip;]<\/p>\n","protected":false},"author":7,"featured_media":651543,"comment_status":"closed","ping_status":"closed","sticky":false,"template":"","format":"standard","meta":{"footnotes":""},"categories":[32],"tags":[2359],"class_list":["post-651509","post","type-post","status-publish","format-standard","has-post-thumbnail","hentry","category-turismo","tag-senado"],"_links":{"self":[{"href":"https:\/\/diariodominicano.com\/index.php?rest_route=\/wp\/v2\/posts\/651509","targetHints":{"allow":["GET"]}}],"collection":[{"href":"https:\/\/diariodominicano.com\/index.php?rest_route=\/wp\/v2\/posts"}],"about":[{"href":"https:\/\/diariodominicano.com\/index.php?rest_route=\/wp\/v2\/types\/post"}],"author":[{"embeddable":true,"href":"https:\/\/diariodominicano.com\/index.php?rest_route=\/wp\/v2\/users\/7"}],"replies":[{"embeddable":true,"href":"https:\/\/diariodominicano.com\/index.php?rest_route=%2Fwp%2Fv2%2Fcomments&post=651509"}],"version-history":[{"count":1,"href":"https:\/\/diariodominicano.com\/index.php?rest_route=\/wp\/v2\/posts\/651509\/revisions"}],"predecessor-version":[{"id":651562,"href":"https:\/\/diariodominicano.com\/index.php?rest_route=\/wp\/v2\/posts\/651509\/revisions\/651562"}],"wp:featuredmedia":[{"embeddable":true,"href":"https:\/\/diariodominicano.com\/index.php?rest_route=\/wp\/v2\/media\/651543"}],"wp:attachment":[{"href":"https:\/\/diariodominicano.com\/index.php?rest_route=%2Fwp%2Fv2%2Fmedia&parent=651509"}],"wp:term":[{"taxonomy":"category","embeddable":true,"href":"https:\/\/diariodominicano.com\/index.php?rest_route=%2Fwp%2Fv2%2Fcategories&post=651509"},{"taxonomy":"post_tag","embeddable":true,"href":"https:\/\/diariodominicano.com\/index.php?rest_route=%2Fwp%2Fv2%2Ftags&post=651509"}],"curies":[{"name":"wp","href":"https:\/\/api.w.org\/{rel}","templated":true}]}}