{"id":651359,"date":"2025-11-27T01:16:00","date_gmt":"2025-11-27T05:16:00","guid":{"rendered":"https:\/\/diariodominicano.com\/?p=651359"},"modified":"2025-11-27T02:25:33","modified_gmt":"2025-11-27T06:25:33","slug":"condena-de-un-ano-para-hombre-que-enveneno-mas-de-una-docena-de-animales-en-la-romana-2","status":"publish","type":"post","link":"https:\/\/diariodominicano.com\/?p=651359","title":{"rendered":"Juan Salas juramenta nuevo director de la Defensa Civil en Monte Plata"},"content":{"rendered":"\n<p>Monte Plata.- El director ejecutivo de la Defensa Civil y presidente de la CNE, Juan Salas, encabez\u00f3 este mi\u00e9rcoles el acto de juramentaci\u00f3n de Juan Camilo Amparo Aquino como nuevo director provincial en Monte Plata, reforzando as\u00ed su plan de renovaci\u00f3n y fortalecimiento de las estructuras locales de la instituci\u00f3n.<\/p>\n\n\n\n<p>El nombramiento de Amparo Aquino, un t\u00e9cnico profesional con m\u00e1s de una d\u00e9cada en la instituci\u00f3n, en esta provincia, en sustituci\u00f3n de \u00c1ngel Andujar, quien estuvo atendiendo a las emergencias durante los \u00faltimos cuatro a\u00f1os.<\/p>\n\n\n\n<p>El acto cont\u00f3 con la presencia de actores clave del Comit\u00e9 de Prevenci\u00f3n Mitigaci\u00f3n y Respuesta (C-PMR), el subdirector y jefe de operaciones, Delf\u00edn Rodr\u00edguez ,quien coordinar\u00e1 las labores con el nuevo designado.<\/p>\n\n\n\n<p>Salas destac\u00f3 que su gesti\u00f3n apuesta por un liderazgo renovado para que la oficina de Monte Plata contin\u00fae fortaleciendo las labores preventivas y de respuestas, logrando as\u00ed, que se convierta en un referente m\u00e1s preparado y equipado.<\/p>\n\n\n\n<p>Se\u00f1al\u00f3 que apuesta a que Monte Plata queda en buenas manos.<\/p>\n\n\n\n<p>Como parte de este compromiso, Salas, junto al encargado administrativo de la Defensa Civil, Lidio Tejeda, anunci\u00f3 que Monte Plata recibir\u00e1 en los pr\u00f3ximos d\u00edas equipos de rescate valorados en m\u00e1s de un mill\u00f3n de pesos, donados por Global Support and Development (GSD) en el marco del&nbsp; proyecto \u00abFortalecidos\u00bb.<\/p>\n\n\n\n<p>El evento cont\u00f3 con la participaci\u00f3n de la gobernadora Rafaela Javier Gomera, quien reafirm\u00f3 su apoyo a la visi\u00f3n de Salas y a la coordinaci\u00f3n interinstitucional para proteger a la ciudadan\u00eda.<\/p>\n\n\n\n<p>La instituci\u00f3n reiter\u00f3 el compromiso de su director ejecutivo, Juan Salas, de mantener estructuras provinciales fortalecidas, unificadas y operativas para proteger vidas en todo el pa\u00eds.<\/p>\n\n\n\n<p>El nuevo director agradeci\u00f3 la designaci\u00f3n y se comprometi\u00f3 con las autoridades y la ciudadan\u00eda a servir con en favor de lograr una provincia m\u00e1s preparada y fortalecida.<\/p>\n\n\n\n<p>Amaurys Florenzan Lantigua <a href=\"mailto:florenzanl03@gmail.com\">florenzanl03@gmail.com<\/a><\/p>\n\n\n\n<p><\/p>\n","protected":false},"excerpt":{"rendered":"<p>Monte Plata.- El director ejecutivo de la Defensa Civil y presidente de la CNE, Juan Salas, encabez\u00f3 este mi\u00e9rcoles el acto de juramentaci\u00f3n de Juan Camilo Amparo Aquino como nuevo director provincial en Monte Plata, reforzando as\u00ed su plan de renovaci\u00f3n y fortalecimiento de las estructuras locales de la instituci\u00f3n. El nombramiento de Amparo Aquino, [&hellip;]<\/p>\n","protected":false},"author":7,"featured_media":651420,"comment_status":"closed","ping_status":"closed","sticky":false,"template":"","format":"standard","meta":{"footnotes":""},"categories":[36],"tags":[573],"class_list":["post-651359","post","type-post","status-publish","format-standard","has-post-thumbnail","hentry","category-hombresmujeresycosas","tag-defensa-civil"],"_links":{"self":[{"href":"https:\/\/diariodominicano.com\/index.php?rest_route=\/wp\/v2\/posts\/651359","targetHints":{"allow":["GET"]}}],"collection":[{"href":"https:\/\/diariodominicano.com\/index.php?rest_route=\/wp\/v2\/posts"}],"about":[{"href":"https:\/\/diariodominicano.com\/index.php?rest_route=\/wp\/v2\/types\/post"}],"author":[{"embeddable":true,"href":"https:\/\/diariodominicano.com\/index.php?rest_route=\/wp\/v2\/users\/7"}],"replies":[{"embeddable":true,"href":"https:\/\/diariodominicano.com\/index.php?rest_route=%2Fwp%2Fv2%2Fcomments&post=651359"}],"version-history":[{"count":2,"href":"https:\/\/diariodominicano.com\/index.php?rest_route=\/wp\/v2\/posts\/651359\/revisions"}],"predecessor-version":[{"id":651422,"href":"https:\/\/diariodominicano.com\/index.php?rest_route=\/wp\/v2\/posts\/651359\/revisions\/651422"}],"wp:featuredmedia":[{"embeddable":true,"href":"https:\/\/diariodominicano.com\/index.php?rest_route=\/wp\/v2\/media\/651420"}],"wp:attachment":[{"href":"https:\/\/diariodominicano.com\/index.php?rest_route=%2Fwp%2Fv2%2Fmedia&parent=651359"}],"wp:term":[{"taxonomy":"category","embeddable":true,"href":"https:\/\/diariodominicano.com\/index.php?rest_route=%2Fwp%2Fv2%2Fcategories&post=651359"},{"taxonomy":"post_tag","embeddable":true,"href":"https:\/\/diariodominicano.com\/index.php?rest_route=%2Fwp%2Fv2%2Ftags&post=651359"}],"curies":[{"name":"wp","href":"https:\/\/api.w.org\/{rel}","templated":true}]}}