{"id":651304,"date":"2025-11-26T17:57:37","date_gmt":"2025-11-26T21:57:37","guid":{"rendered":"https:\/\/diariodominicano.com\/?p=651304"},"modified":"2026-01-06T00:07:31","modified_gmt":"2026-01-06T04:07:31","slug":"republica-dominicana-amplia-cooperacion-con-los-ee-uu-para-reforzar-vigilancia-contra-narcotrafico","status":"publish","type":"post","link":"https:\/\/diariodominicano.com\/?p=651304","title":{"rendered":"Rep\u00fablica Dominicana ampl\u00eda cooperaci\u00f3n con los EE. UU. para reforzar vigilancia contra narcotr\u00e1fico"},"content":{"rendered":"\n<p>El secretario de Guerra de los EE. UU., Pete Hegseth, habla en el Palacio Nacional, Presidente\u2002Luis Abinader en el momento que  aplaude en el acto.<\/p>\n\n\n\n<p><a href=\"https:\/\/e.america.gov\/t\/i-l-zmhruk-jtiiilkjir-j\/\" target=\"_blank\" rel=\"noreferrer noopener\">FOTOS<\/a> <\/p>\n\n\n\n<p><em>La iniciativa permitir\u00e1 reforzar el anillo de protecci\u00f3n a\u00e9reo y mar\u00edtimo de las Fuerzas Armadas dominicanas y fortalecer la capacidad de respuesta frente al tr\u00e1fico de narc\u00f3ticos&nbsp;<\/em><\/p>\n\n\n\n<p><strong>Santo Domingo, D.N.<\/strong>&nbsp;\u2013 En el marco del acuerdo de cooperaci\u00f3n bilateral entre el Gobierno de los Estados Unidos y el Gobierno de la Rep\u00fablica Dominicana, el Comando Sur y la Fuerza A\u00e9rea de los Estados Unidos proporcionar\u00e1n aeronaves de reabastecimiento a\u00e9reo y de transporte a\u00e9reo para apoyar las operaciones contra el narcotr\u00e1fico, incluyendo la Operaci\u00f3n Lanza del Sur, anunciada por el secretario de Guerra de los EE. UU., Pete Hegseth el 13 de noviembre. Esta colaboraci\u00f3n tiene como finalidad interrumpir el tr\u00e1fico il\u00edcito de drogas y armas por parte de organizaciones criminales transnacionales (OCT), as\u00ed como de organizaciones terroristas extranjeras identificadas (OTD) por los Estados Unidos, a lo largo de diversas rutas en aguas internacionales que abarcan toda la extensi\u00f3n del mar Caribe.<\/p>\n\n\n\n<figure class=\"wp-block-gallery has-nested-images columns-default is-cropped wp-block-gallery-1 is-layout-flex wp-block-gallery-is-layout-flex\">\n<figure class=\"wp-block-image size-large\"><img loading=\"lazy\" decoding=\"async\" width=\"1024\" height=\"683\" data-id=\"651367\" src=\"https:\/\/diariodominicano.com\/wp-content\/uploads\/2025\/11\/Republica-Dominicana-amplia-cooperacion-con-los-EE.-UU.-para-reforzar-vigilancia-contra-narcotrafico-1024x683.jpg\" alt=\"\" class=\"wp-image-651367\" srcset=\"https:\/\/diariodominicano.com\/wp-content\/uploads\/2025\/11\/Republica-Dominicana-amplia-cooperacion-con-los-EE.-UU.-para-reforzar-vigilancia-contra-narcotrafico-1024x683.jpg 1024w, https:\/\/diariodominicano.com\/wp-content\/uploads\/2025\/11\/Republica-Dominicana-amplia-cooperacion-con-los-EE.-UU.-para-reforzar-vigilancia-contra-narcotrafico-300x200.jpg 300w, https:\/\/diariodominicano.com\/wp-content\/uploads\/2025\/11\/Republica-Dominicana-amplia-cooperacion-con-los-EE.-UU.-para-reforzar-vigilancia-contra-narcotrafico-768x512.jpg 768w, https:\/\/diariodominicano.com\/wp-content\/uploads\/2025\/11\/Republica-Dominicana-amplia-cooperacion-con-los-EE.-UU.-para-reforzar-vigilancia-contra-narcotrafico-816x544.jpg 816w, https:\/\/diariodominicano.com\/wp-content\/uploads\/2025\/11\/Republica-Dominicana-amplia-cooperacion-con-los-EE.-UU.-para-reforzar-vigilancia-contra-narcotrafico.jpg 1167w\" sizes=\"auto, (max-width: 1024px) 100vw, 1024px\" \/><\/figure>\n<\/figure>\n\n\n\n<p>Habr\u00e1 presencia de varios aviones cisterna KC-135 en apoyo a las misiones de patrullaje a\u00e9reo ampliando las capacidades de monitoreo e interdicci\u00f3n sobre gran parte de los \u00e1mbitos mar\u00edtimo y a\u00e9reo. Los KC-135 proporcionar\u00e1n servicios claves de reabastecimiento de combustible a aeronaves de pa\u00edses socios, garantizando as\u00ed operaciones sostenidas de monitoreo, detecci\u00f3n y rastreo de actividades verificadas de contrabando il\u00edcito.<\/p>\n\n\n\n<figure class=\"wp-block-gallery has-nested-images columns-default is-cropped wp-block-gallery-2 is-layout-flex wp-block-gallery-is-layout-flex\">\n<figure class=\"wp-block-image size-large\"><img loading=\"lazy\" decoding=\"async\" width=\"1024\" height=\"682\" data-id=\"651366\" src=\"https:\/\/diariodominicano.com\/wp-content\/uploads\/2025\/11\/Republica-Dominicana-amplia-cooperacion-con-EE.-UU.-para-reforzar-vigilancia-contra-narcotrafico-1024x682.jpg\" alt=\"\" class=\"wp-image-651366\" srcset=\"https:\/\/diariodominicano.com\/wp-content\/uploads\/2025\/11\/Republica-Dominicana-amplia-cooperacion-con-EE.-UU.-para-reforzar-vigilancia-contra-narcotrafico-1024x682.jpg 1024w, https:\/\/diariodominicano.com\/wp-content\/uploads\/2025\/11\/Republica-Dominicana-amplia-cooperacion-con-EE.-UU.-para-reforzar-vigilancia-contra-narcotrafico-300x200.jpg 300w, https:\/\/diariodominicano.com\/wp-content\/uploads\/2025\/11\/Republica-Dominicana-amplia-cooperacion-con-EE.-UU.-para-reforzar-vigilancia-contra-narcotrafico-768x512.jpg 768w, https:\/\/diariodominicano.com\/wp-content\/uploads\/2025\/11\/Republica-Dominicana-amplia-cooperacion-con-EE.-UU.-para-reforzar-vigilancia-contra-narcotrafico-816x544.jpg 816w, https:\/\/diariodominicano.com\/wp-content\/uploads\/2025\/11\/Republica-Dominicana-amplia-cooperacion-con-EE.-UU.-para-reforzar-vigilancia-contra-narcotrafico.jpg 1070w\" sizes=\"auto, (max-width: 1024px) 100vw, 1024px\" \/><\/figure>\n<\/figure>\n\n\n\n<p>Adicionalmente, habr\u00e1 aeronaves C-130 H\u00e9rcules, un avi\u00f3n de carga que apoyar\u00e1 la misi\u00f3n con sus funciones operativas vers\u00e1tiles, incluyendo evacuaciones aerom\u00e9dicas, lucha contra incendios, reconocimiento meteorol\u00f3gico y asistencia en casos de desastre. Esta constituye la m\u00e1s reciente iniciativa conjunta de la Rep\u00fablica Dominicana y los Estados Unidos contra el narcotr\u00e1fico, dentro de una larga trayectoria de s\u00f3lida cooperaci\u00f3n en materia de seguridad en apoyo de objetivos de seguridad compartidos.<\/p>\n\n\n\n<figure class=\"wp-block-gallery has-nested-images columns-default is-cropped wp-block-gallery-3 is-layout-flex wp-block-gallery-is-layout-flex\">\n<figure class=\"wp-block-image size-large\"><img loading=\"lazy\" decoding=\"async\" width=\"824\" height=\"550\" data-id=\"651365\" src=\"https:\/\/diariodominicano.com\/wp-content\/uploads\/2025\/11\/Republica-Dominicana-amplia-cooperacion-los-EE.-UU.-para-reforzar-vigilancia-contra-narcotrafico.jpg\" alt=\"\" class=\"wp-image-651365\" srcset=\"https:\/\/diariodominicano.com\/wp-content\/uploads\/2025\/11\/Republica-Dominicana-amplia-cooperacion-los-EE.-UU.-para-reforzar-vigilancia-contra-narcotrafico.jpg 824w, https:\/\/diariodominicano.com\/wp-content\/uploads\/2025\/11\/Republica-Dominicana-amplia-cooperacion-los-EE.-UU.-para-reforzar-vigilancia-contra-narcotrafico-300x200.jpg 300w, https:\/\/diariodominicano.com\/wp-content\/uploads\/2025\/11\/Republica-Dominicana-amplia-cooperacion-los-EE.-UU.-para-reforzar-vigilancia-contra-narcotrafico-768x513.jpg 768w, https:\/\/diariodominicano.com\/wp-content\/uploads\/2025\/11\/Republica-Dominicana-amplia-cooperacion-los-EE.-UU.-para-reforzar-vigilancia-contra-narcotrafico-816x545.jpg 816w\" sizes=\"auto, (max-width: 824px) 100vw, 824px\" \/><\/figure>\n<\/figure>\n\n\n\n<p>La Rep\u00fablica Dominicana contin\u00faa siendo un socio importante y comprometido en los esfuerzos internacionales para contrarrestar el tr\u00e1fico il\u00edcito. Las significativas contribuciones del pa\u00eds junto a los Estados Unidos y otros pa\u00edses contribuyen a frenar las actividades de contrabando de drogas e impactan positivamente no solo la seguridad de ambos pa\u00edses, sino tambi\u00e9n a la estabilidad de toda la regi\u00f3n, apoyando los esfuerzos internacionales de socios alrededor de Am\u00e9rica del Norte, Europa y \u00c1frica.<\/p>\n\n\n\n<figure class=\"wp-block-gallery has-nested-images columns-default is-cropped wp-block-gallery-4 is-layout-flex wp-block-gallery-is-layout-flex\">\n<figure class=\"wp-block-image size-large\"><img loading=\"lazy\" decoding=\"async\" width=\"1024\" height=\"682\" data-id=\"651364\" src=\"https:\/\/diariodominicano.com\/wp-content\/uploads\/2025\/11\/Republica-Dominicana-amplia-cooperacion-con-los-EE.-UU.-reforzar-vigilancia-contra-narcotrafico-1024x682.jpg\" alt=\"\" class=\"wp-image-651364\" srcset=\"https:\/\/diariodominicano.com\/wp-content\/uploads\/2025\/11\/Republica-Dominicana-amplia-cooperacion-con-los-EE.-UU.-reforzar-vigilancia-contra-narcotrafico-1024x682.jpg 1024w, https:\/\/diariodominicano.com\/wp-content\/uploads\/2025\/11\/Republica-Dominicana-amplia-cooperacion-con-los-EE.-UU.-reforzar-vigilancia-contra-narcotrafico-300x200.jpg 300w, https:\/\/diariodominicano.com\/wp-content\/uploads\/2025\/11\/Republica-Dominicana-amplia-cooperacion-con-los-EE.-UU.-reforzar-vigilancia-contra-narcotrafico-768x512.jpg 768w, https:\/\/diariodominicano.com\/wp-content\/uploads\/2025\/11\/Republica-Dominicana-amplia-cooperacion-con-los-EE.-UU.-reforzar-vigilancia-contra-narcotrafico-816x544.jpg 816w, https:\/\/diariodominicano.com\/wp-content\/uploads\/2025\/11\/Republica-Dominicana-amplia-cooperacion-con-los-EE.-UU.-reforzar-vigilancia-contra-narcotrafico.jpg 1070w\" sizes=\"auto, (max-width: 1024px) 100vw, 1024px\" \/><\/figure>\n<\/figure>\n\n\n\n<p>La visita del secretario de Guerra de los Estados Unidos a la Rep\u00fablica Dominicana reafirma el compromiso de los Estados Unidos con los pa\u00edses socios en la regi\u00f3n para combatir el crimen organizado transnacional y los carteles de drogas en el hemisferio.<\/p>\n\n\n\n<p><strong>Operaci\u00f3n Lanza del Sur<\/strong><\/p>\n\n\n\n<p>La Operaci\u00f3n Lanza del Sur fue iniciada por el Gobierno de los Estados Unidos para contrarrestar el narcotr\u00e1fico y la delincuencia organizada en el hemisferio occidental. Su objetivo principal es interrumpir el tr\u00e1fico de drogas y armas por parte de organizaciones criminales transnacionales.<\/p>\n\n\n\n<p>Santo Domingo Press<\/p>\n\n\n\n<p><a target=\"_blank\" href=\"mailto:SantoDomingoPress@state.gov\" rel=\"noreferrer noopener\">SantoDomingoPress@state.gov<\/a><\/p>\n","protected":false},"excerpt":{"rendered":"<p>El secretario de Guerra de los EE. UU., Pete Hegseth, habla en el Palacio Nacional, Presidente\u2002Luis Abinader en el momento que aplaude en el acto. FOTOS La iniciativa permitir\u00e1 reforzar el anillo de protecci\u00f3n a\u00e9reo y mar\u00edtimo de las Fuerzas Armadas dominicanas y fortalecer la capacidad de respuesta frente al tr\u00e1fico de narc\u00f3ticos&nbsp; Santo Domingo, [&hellip;]<\/p>\n","protected":false},"author":2,"featured_media":651305,"comment_status":"closed","ping_status":"closed","sticky":true,"template":"","format":"standard","meta":{"footnotes":""},"categories":[36,20,24,29,27],"tags":[3708,197],"class_list":["post-651304","post","type-post","status-publish","format-standard","has-post-thumbnail","hentry","category-hombresmujeresycosas","category-dominicana-hoy","category-justicia-y-derecho","category-policiasucesos","category-portada","tag-ee-uu-2","tag-republica-dominicana"],"_links":{"self":[{"href":"https:\/\/diariodominicano.com\/index.php?rest_route=\/wp\/v2\/posts\/651304","targetHints":{"allow":["GET"]}}],"collection":[{"href":"https:\/\/diariodominicano.com\/index.php?rest_route=\/wp\/v2\/posts"}],"about":[{"href":"https:\/\/diariodominicano.com\/index.php?rest_route=\/wp\/v2\/types\/post"}],"author":[{"embeddable":true,"href":"https:\/\/diariodominicano.com\/index.php?rest_route=\/wp\/v2\/users\/2"}],"replies":[{"embeddable":true,"href":"https:\/\/diariodominicano.com\/index.php?rest_route=%2Fwp%2Fv2%2Fcomments&post=651304"}],"version-history":[{"count":7,"href":"https:\/\/diariodominicano.com\/index.php?rest_route=\/wp\/v2\/posts\/651304\/revisions"}],"predecessor-version":[{"id":651369,"href":"https:\/\/diariodominicano.com\/index.php?rest_route=\/wp\/v2\/posts\/651304\/revisions\/651369"}],"wp:featuredmedia":[{"embeddable":true,"href":"https:\/\/diariodominicano.com\/index.php?rest_route=\/wp\/v2\/media\/651305"}],"wp:attachment":[{"href":"https:\/\/diariodominicano.com\/index.php?rest_route=%2Fwp%2Fv2%2Fmedia&parent=651304"}],"wp:term":[{"taxonomy":"category","embeddable":true,"href":"https:\/\/diariodominicano.com\/index.php?rest_route=%2Fwp%2Fv2%2Fcategories&post=651304"},{"taxonomy":"post_tag","embeddable":true,"href":"https:\/\/diariodominicano.com\/index.php?rest_route=%2Fwp%2Fv2%2Ftags&post=651304"}],"curies":[{"name":"wp","href":"https:\/\/api.w.org\/{rel}","templated":true}]}}