{"id":651212,"date":"2025-11-26T09:47:53","date_gmt":"2025-11-26T13:47:53","guid":{"rendered":"https:\/\/diariodominicano.com\/?p=651212"},"modified":"2025-11-26T09:48:01","modified_gmt":"2025-11-26T13:48:01","slug":"pld-expresa-indignacion-por-apresamiento-del-alcalde-de-nisibon-dice-tiene-clara-motivacion-politica","status":"publish","type":"post","link":"https:\/\/diariodominicano.com\/?p=651212","title":{"rendered":"PLD expresa indignaci\u00f3n por apresamiento del Alcalde de Nisib\u00f3n, dice  tiene clara motivaci\u00f3n pol\u00edtica"},"content":{"rendered":"\n<p><em>El Partido de la Liberaci\u00f3n Dominicana (PLD) condena&nbsp;&nbsp;el apresamiento de que fue objeto el alcalde de Las Lagunas de&nbsp;&nbsp;Nisib\u00f3n, Rub\u00e9n Mont\u00e1s Santana.&nbsp;&nbsp;<\/em><\/p>\n\n\n\n<p>El Partido de la Liberaci\u00f3n Dominicana (PLD)&nbsp;&nbsp;emiti\u00f3 una nota de condena por el apresamiento de que fue objeto el alcalde de Las Lagunas de Nisib\u00f3n, Rub\u00e9n Mont\u00e1s, quien es miembro del Comit\u00e9 Central de la organizaci\u00f3n pol\u00edtica.<\/p>\n\n\n\n<p>\u201cCon profunda indignaci\u00f3n condenamos desde el PLD el arbitrario apresamiento del compa\u00f1ero, alcalde de Nisib\u00f3n, en un intento de intimidarlo y agredirlo\u201d, escribi\u00f3 Johnny Pujols, secretario general peledeista, expresando as\u00ed la protesta de la organizaci\u00f3n pol\u00edtica.<\/p>\n\n\n\n<p>En horas de la ma\u00f1ana&nbsp;&nbsp;del martes,&nbsp;&nbsp;el alcalde del Distrito Municipal de Nisib\u00f3n, Rub\u00e9n Mont\u00e1s Santana, fue detenido&nbsp;&nbsp;mientras acud\u00eda a verificar el traslado de un transformador perteneciente a la subestaci\u00f3n el\u00e9ctrica local, el cual estaba siendo movilizado hacia el municipio de Miches, informaron los medios noticiosos locales.<\/p>\n\n\n\n<p>\u201cEs imposible no vincular su detenci\u00f3n abusiva con la exposici\u00f3n \u2014respetuosa y a la altura de su investidura\u2014 en la que expres\u00f3 las dificultades reales que enfrenta su comunidad. Eso, en cualquier democracia sana, debe ser aplaudido y emulado, no castigado\u201d, declar\u00f3 Pujols refiriendo la participaci\u00f3n de Mont\u00e1s Santana en el encuentro denominado \u201cGobierno Contigo\u201d que encabez\u00f3 el Presidente Luis Abinader el pasado fin de semana en la provincia La Altagracia.<\/p>\n\n\n\n<p>En sus declaraciones el Secretario General del PLD resalt\u00f3 la integridad y responsabilidad&nbsp;&nbsp;exhibida por el alcalde de Nisib\u00f3n: \u201cLa conducta del compa\u00f1ero Rub\u00e9n Mont\u00e1s ha sido siempre la de un alcalde \u00edntegro. Felicitamos y reconocemos su actitud seria y valiente, as\u00ed como la unidad y firmeza mostrada por toda la dirigencia de PLD en&nbsp;&nbsp;La Altagracia, que se moviliz\u00f3 de inmediato en defensa de lo correcto\u201d. Apunt\u00f3<\/p>\n\n\n\n<p>Johnny Pujols reiter\u00f3 su condena a la detenci\u00f3n injustificada, del alcalde Ruben Mont\u00e1s Santana, explicando que tiene una&nbsp;&nbsp;clara&nbsp;&nbsp;motivaci\u00f3n pol\u00edtica<\/p>\n\n\n\n<p>\u201cExigimos una investigaci\u00f3n inmediata que esclarezca este atropello y esta pretensi\u00f3n de humillar a un servidor p\u00fablico que ha actuado con altura.\u201d, apunt\u00f3.<\/p>\n\n\n\n<p>El&nbsp;&nbsp;Secretario General del PLD rechaz\u00f3 las explicaciones&nbsp;&nbsp;por la distribuidora de electricidad&nbsp;&nbsp;&nbsp;EDEEste, de que se trat\u00f3 de&nbsp;&nbsp;un supuesto conflicto. \u201cEso&nbsp;&nbsp;no resiste an\u00e1lisis. Ha habido discrepancias anteriores por el mismo tema sin que jam\u00e1s se produjera una detenci\u00f3n\u201d, acot\u00f3.<\/p>\n\n\n\n<p><strong>SECRETARIA COMUNICACIONES<\/strong><\/p>\n\n\n\n<p><strong>26 NOVIEMBRE 2025&nbsp;&nbsp;<\/strong><\/p>\n","protected":false},"excerpt":{"rendered":"<p>El Partido de la Liberaci\u00f3n Dominicana (PLD) condena&nbsp;&nbsp;el apresamiento de que fue objeto el alcalde de Las Lagunas de&nbsp;&nbsp;Nisib\u00f3n, Rub\u00e9n Mont\u00e1s Santana.&nbsp;&nbsp; El Partido de la Liberaci\u00f3n Dominicana (PLD)&nbsp;&nbsp;emiti\u00f3 una nota de condena por el apresamiento de que fue objeto el alcalde de Las Lagunas de Nisib\u00f3n, Rub\u00e9n Mont\u00e1s, quien es miembro del Comit\u00e9 Central [&hellip;]<\/p>\n","protected":false},"author":2,"featured_media":651213,"comment_status":"closed","ping_status":"closed","sticky":true,"template":"","format":"standard","meta":{"footnotes":""},"categories":[22,27],"tags":[],"class_list":["post-651212","post","type-post","status-publish","format-standard","has-post-thumbnail","hentry","category-politica","category-portada"],"_links":{"self":[{"href":"https:\/\/diariodominicano.com\/index.php?rest_route=\/wp\/v2\/posts\/651212","targetHints":{"allow":["GET"]}}],"collection":[{"href":"https:\/\/diariodominicano.com\/index.php?rest_route=\/wp\/v2\/posts"}],"about":[{"href":"https:\/\/diariodominicano.com\/index.php?rest_route=\/wp\/v2\/types\/post"}],"author":[{"embeddable":true,"href":"https:\/\/diariodominicano.com\/index.php?rest_route=\/wp\/v2\/users\/2"}],"replies":[{"embeddable":true,"href":"https:\/\/diariodominicano.com\/index.php?rest_route=%2Fwp%2Fv2%2Fcomments&post=651212"}],"version-history":[{"count":1,"href":"https:\/\/diariodominicano.com\/index.php?rest_route=\/wp\/v2\/posts\/651212\/revisions"}],"predecessor-version":[{"id":651214,"href":"https:\/\/diariodominicano.com\/index.php?rest_route=\/wp\/v2\/posts\/651212\/revisions\/651214"}],"wp:featuredmedia":[{"embeddable":true,"href":"https:\/\/diariodominicano.com\/index.php?rest_route=\/wp\/v2\/media\/651213"}],"wp:attachment":[{"href":"https:\/\/diariodominicano.com\/index.php?rest_route=%2Fwp%2Fv2%2Fmedia&parent=651212"}],"wp:term":[{"taxonomy":"category","embeddable":true,"href":"https:\/\/diariodominicano.com\/index.php?rest_route=%2Fwp%2Fv2%2Fcategories&post=651212"},{"taxonomy":"post_tag","embeddable":true,"href":"https:\/\/diariodominicano.com\/index.php?rest_route=%2Fwp%2Fv2%2Ftags&post=651212"}],"curies":[{"name":"wp","href":"https:\/\/api.w.org\/{rel}","templated":true}]}}