{"id":651072,"date":"2025-11-25T21:29:53","date_gmt":"2025-11-26T01:29:53","guid":{"rendered":"https:\/\/diariodominicano.com\/?p=651072"},"modified":"2025-12-29T02:53:22","modified_gmt":"2025-12-29T06:53:22","slug":"con-sinergia-vital-la-procuraduria-general-y-los-ministerios-de-interior-y-la-mujer-conmemoran-el-dia-internacional-de-la-eliminacion-de-la-violencia-contra-la-mujer","status":"publish","type":"post","link":"https:\/\/diariodominicano.com\/?p=651072","title":{"rendered":"Con \u201cSinergia Vital\u201d la Procuradur\u00eda General y los ministerios de Interior y la Mujer conmemoran el D\u00eda Internacional de la Eliminaci\u00f3n de la Violencia contra la Mujer"},"content":{"rendered":"\n<p>La procuradora Yeni Berenice Reynoso y las ministras Faride Raful y Mayra Jim\u00e9nez abogan por un mayor compromiso social para proteger a las mujeres durante el evento en el que la Procuradur\u00eda lanz\u00f3 la \u201cIniciativa Vitalia\u201d y el Ministerio de Interior \u201cPunto VIDA\u201d<\/p>\n\n\n\n<p>SANTO DOMINGO (Rep\u00fablica Dominicana).- La Procuradur\u00eda General Procuradur\u00eda General de la Rep\u00fablica y los ministerios de Interior y Polic\u00eda y de la Mujer conmemoraron este martes el D\u00eda Internacional de la Eliminaci\u00f3n de la Violencia contra la Mujer con \u201cSinergia Vital\u201d, un evento orientado a mantener despierta la conciencia colectiva ante la violencia machista y, a la vez, hacer un llamado a un mayor compromiso para su prevenci\u00f3n en los hogares y en el entorno social.<\/p>\n\n\n\n<figure class=\"wp-block-image\"><img decoding=\"async\" src=\"https:\/\/diariodominicano.com\/wp-content\/uploads\/2025\/11\/Sinergia-Vital-la-Procuraduria-General-y-los-ministerios-Interior-y-la-Mujer-conmemoran-el-Dia-Internacional-de-la-Eliminacion-de-la-Violencia-contra-la-Mujer-1024x683.jpg\" alt=\"\"\/><\/figure>\n\n\n\n<p>La procuradora general de la Rep\u00fablica, Yeni Berenice Reynoso, y la ministra de Interior y Polic\u00eda, Faride Raful, y de la Mujer, Mayra Jim\u00e9nez, encabezaron la actividad junto a Lorea Arribalzaga, embajadora de Espa\u00f1a en el pa\u00eds.<\/p>\n\n\n\n<p>Durante el evento, celebrado en el Hotel Catalonia, en el Distrito Nacional, con el apoyo de Agencia Espa\u00f1ola de Cooperaci\u00f3n Internacional para el Desarrollo (AECID), la procuradora general Yeni Berenice Reynoso lanz\u00f3 la \u201cIniciativa Vitalia\u201d, con el objetivo de promover la articulaci\u00f3n de servicios especializados de atenci\u00f3n integral a la mujer.<\/p>\n\n\n\n<p>Iniciativa Vitalia contempla acciones enfocadas en la prevenci\u00f3n, la detecci\u00f3n de amenazas, persecuci\u00f3n del delito y la reparaci\u00f3n de da\u00f1os, con la integraci\u00f3n de instituciones estatales, organizaciones sociales y toda la poblaci\u00f3n en su conjunto.<\/p>\n\n\n\n<p>Junto a la procuradora general, encabez\u00f3 el lanzamiento de la iniciativa la fiscal Ana Andrea Villa Camacho, titular de la Direcci\u00f3n Nacional Contra la Violencia de G\u00e9nero del Ministerio P\u00fablico. La actividad, en la que estuvieron los miembros del Consejo Superior del Ministerio P\u00fablico, incluy\u00f3 una presentaci\u00f3n art\u00edstica a cargo de Diomary La Mala, en la apertura, y Juliana O&#8217;neal, en el cierre. La violonchelista Sarai Ventura Espinosa y el saxofonista Melvin A. Moreno Fr\u00edas amenizaron el ambiente durante la recepci\u00f3n de los invitados.<\/p>\n\n\n\n<p>Adem\u00e1s de lanzar Iniciativa Vitalia, la procuradora general lanz\u00f3 el bolet\u00edn de la Direcci\u00f3n Nacional Contra la Violencia de G\u00e9nero del Ministerio P\u00fablico, titulado \u201cRadiograf\u00eda de los delitos de Violencia de G\u00e9nero, Intrafamiliar y Sexual en Rep\u00fablica Dominicana 2015-2025\u201d.<\/p>\n\n\n\n<p>El bolet\u00edn explica que entre 2015 y 2025 se registraron 842,288 denuncias por violencia de g\u00e9nero, violencia intrafamiliar y delitos sexuales, demostrando que se trata de un problema profundo, de car\u00e1cter dom\u00e9stico y relacional.<\/p>\n\n\n\n<p>La procuradora general anunci\u00f3 la creaci\u00f3n de una unidad de trabajo social adscrita a la Direcci\u00f3n Nacional Contra la Violencia de G\u00e9nero del Ministerio P\u00fablico. \u201cQueremos que cada fiscal que lleva un caso de violencia de g\u00e9nero e intrafamiliar acceda a un estudio t\u00e9cnico de profesionales sobre cu\u00e1l es la situaci\u00f3n en la que ocurre y el contexto de esa violencia. No debe haber un solo caso en Rep\u00fablica Dominicana de violencia de g\u00e9nero, intrafamiliar y sexual que no tenga un trabajo social. Creemos firmemente que eso es indispensable\u201d, dijo.<\/p>\n\n\n\n<p>\u201cLa violencia de g\u00e9nero no es un arrebato de ira, la violencia de g\u00e9nero no es una tragedia aislada, es un problema de la sociedad en su conjunto, sobre todo, es la manifestaci\u00f3n m\u00e1s cruel de un sistema desigual. Hoy el Ministerio P\u00fablico de la Rep\u00fablica Dominicana que nos honramos en representar quiere compartir esa visi\u00f3n estrat\u00e9gica que desde el Ministerio P\u00fablico tenemos\u201d, indic\u00f3.<\/p>\n\n\n\n<p>La procuradora general anunci\u00f3, adem\u00e1s, la simplificaci\u00f3n del n\u00famero de L\u00ednea Vida para que los usuarios puedan acceder a asistencia urgente marcando solo el *211. Resalt\u00f3 la iniciativa de su gesti\u00f3n para que el pa\u00eds pueda tener 35 oficinas de servicio de representaci\u00f3n legal de v\u00edctimas.<\/p>\n\n\n\n<p>Mientras, la ministra de Interior y Polic\u00eda, Faride Raful, afirm\u00f3: \u201cLas cifras nos duelen\u201d. \u201cCada feminicidio -a\u00f1adi\u00f3- es una derrota como sociedad. Cada mujer que sufre en silencio es un llamado urgente a la acci\u00f3n del Estado\u201d.<\/p>\n\n\n\n<p>\u201cSabemos que muchas mujeres no denuncian, por miedo, por verg\u00fcenza, por desconfianza en el sistema&#8230; Los estudios internacionales sugieren que apenas una de cada diez v\u00edctimas busca ayuda formal. Esta realidad nos obliga a repensar nuestras estrategias, a multiplicar las puertas de entrada al sistema de protecci\u00f3n, a promover una efectiva cultura de denuncia donde se obtengan verdaderas respuestas\u201d.<\/p>\n\n\n\n<p>\u201cPero, tambi\u00e9n, reconocemos con humildad que este no es un trabajo que podamos hacer solos. La colaboraci\u00f3n estrecha con el Ministerio de la Mujer, con la Procuradur\u00eda General de la Rep\u00fablica, con las organizaciones de la sociedad civil, es fundamental\u201d.<\/p>\n\n\n\n<p>\u201cCada instituci\u00f3n aporta una pieza esencial: nosotros la respuesta inmediata y la protecci\u00f3n; el Ministerio de la Mujer el acompa\u00f1amiento psicosocial; la Procuradur\u00eda la persecuci\u00f3n judicial. Solo trabajando como un engranaje perfectamente coordinado podemos garantizar que ninguna mujer quede desprotegida\u201d.<\/p>\n\n\n\n<p>Raful anunci\u00f3 la puesta en marcha del programa \u201cPunto VIDA\u201d, un sistema de vigilancia, identificaci\u00f3n, denuncia y asistencia.<\/p>\n\n\n\n<p>\u201cPunto VIDA transforma estos lugares familiares en espacios seguros donde esa mujer encontrar\u00e1 personal capacitado que sabr\u00e1 exactamente qu\u00e9 hacer. Sin juzgar. Sin cuestionar. Solo acoger, proteger y conectar con la ayuda especializada que necesita. Cada Punto VIDA es una nueva puerta de entrada a un sistema que hist\u00f3ricamente ha parecido distante o inaccesible\u201d, resalt\u00f3.<\/p>\n\n\n\n<p>De su lado, la ministra Mayra Jim\u00e9nez destac\u00f3 que el Ministerio de la Mujer ha desarrollado jornadas nacionales de sensibilizaci\u00f3n y orientaci\u00f3n para promover los servicios de prevenci\u00f3n y atenci\u00f3n a la violencia, impactando a m\u00e1s de 5 millones y medio de personas en m\u00e1s de 600 mil hogares, comercios y espacios p\u00fablicos.<\/p>\n\n\n\n<p>Asimismo, expres\u00f3 que el ministerio ha brindado 563,833 atenciones psicol\u00f3gicas, legales y de acompa\u00f1amiento a mujeres en situaci\u00f3n de violencia, logrando 13,316 sentencias preliminares y definitivas a favor de las v\u00edctimas en los tribunales.<\/p>\n\n\n\n<p>Mayra Jim\u00e9nez resalt\u00f3 que casi ha quintuplicado el servicio de casas de acogida, lo cual ha permitido brindar protecci\u00f3n a 8,769 mujeres y sus dependientes. Tambi\u00e9n, subray\u00f3 la expansi\u00f3n de la cobertura nacional de la L\u00ednea de Emergencia *212, mediante la cual se han atendido m\u00e1s de 40,700 llamadas y realizado 2,416 rescates y movilizaciones de mujeres y sus familias en situaciones de peligro.<\/p>\n\n\n\n<p>La embajadora de Espa\u00f1a, Lorea Arribalzaga, plante\u00f3 que \u201cla violencia contra las mujeres nace de una desigualdad hist\u00f3rica, alimentada por estereotipos, roles de g\u00e9nero y normas culturales. Para erradicarla, debemos trabajar en la igualdad y el empoderamiento de las mujeres. Mientras avanzamos en ese camino, es fundamental reforzar los sistemas de protecci\u00f3n\u201d.<\/p>\n\n\n\n<p>\u201cCada 10 minutos una mujer es asesinada en el mundo. Se estima que 1 de cada 3 mujeres en el mundo ha sufrido violencia f\u00edsica o sexual en alg\u00fan momento de su vida. En la regi\u00f3n de Am\u00e9rica Latina y el Caribe cada d\u00eda se producen 11 feminicidios. En Espa\u00f1a, en lo que va de a\u00f1o, el n\u00famero de mujeres asesinadas por violencia de g\u00e9nero asciende a 38 y a 1,333 desde 2003, cuando se empezaron a recopilar estos datos\u201d, lament\u00f3 Arribalzaga.<\/p>\n\n\n\n<p>Reafirm\u00f3 la disposici\u00f3n de la AECID de apoyar a la Procuradur\u00eda General de la Rep\u00fablica en la producci\u00f3n de los diferentes boletines estad\u00edsticos de violencia de g\u00e9nero.<\/p>\n\n\n\n<p>Valor\u00f3 el refuerzo del Servicio Nacional de Representaci\u00f3n Legal a los Derechos de las V\u00edctimas (Relevic), con la incorporaci\u00f3n de 100 nuevos abogados para brindar asistencia legal gratuita a v\u00edctimas de delitos y el despliegue territorial del servicio en todo el pa\u00eds, con el apoyo de la AECID.<\/p>\n\n\n\n<p>En el evento estuvieron presentes el presidente de la DNCD, vicealmirante Jos\u00e9 Manuel Cabrera Ulloa; el director general de la Polic\u00eda Nacional, mayor general Ram\u00f3n Antonio Guzm\u00e1n Peralta; el coordinador general de la Agencia Espa\u00f1ola de Cooperaci\u00f3n Internacional para el Desarrollo y la responsable de Proyectos (AECID), Manuel Alba Can\u00f3 y Ana \u00c1lvarez; la titular de la Direcci\u00f3n Especializada de Atenci\u00f3n a la Mujer y Violencia Intrafamiliar de la Polic\u00eda Nacional, general Yanet Jim\u00e9nez; el psic\u00f3logo Luis Verg\u00e9s; la presidenta del N\u00facleo de Apoyo de la Mujer, Susi Pola; el director de la Escuela de Derechos Humanos y Derecho Internacional Humanitario del Ej\u00e9rcito, coronel Jorge Luis V\u00e1squez Su\u00e1rez, as\u00ed como miembros del Consejo Superior del Ministerio P\u00fablico, procuradores adjuntos y fiscales. Adem\u00e1s, Chandrai Estevez, viceministra de Seguridad Preventiva en los Sectores Vulnerables del Ministerio de Interior y Polic\u00eda.<\/p>\n\n\n\n<p>Comunicaciones PGR <a href=\"mailto:comunicaciones@pgr.gob.do\">comunicaciones@pgr.gob.do<\/a><\/p>\n\n\n\n<p>#PGR #SinergiaVital #Procuradur\u00edaGeneral #MinisteriodelaMujer #D\u00edaInternacionaldelaEliminaci\u00f3ndelaViolenciacontralaMujer<\/p>\n\n\n\n<p>#Procuradora #Yeni Berenice Reynoso #FarideRaful #MayraJim\u00e9nezMientras #MinistradeInterioryPolic\u00eda #Procuradur\u00edaGeneral<\/p>\n","protected":false},"excerpt":{"rendered":"<p>La procuradora Yeni Berenice Reynoso y las ministras Faride Raful y Mayra Jim\u00e9nez abogan por un mayor compromiso social para proteger a las mujeres durante el evento en el que la Procuradur\u00eda lanz\u00f3 la \u201cIniciativa Vitalia\u201d y el Ministerio de Interior \u201cPunto VIDA\u201d SANTO DOMINGO (Rep\u00fablica Dominicana).- La Procuradur\u00eda General Procuradur\u00eda General de la Rep\u00fablica [&hellip;]<\/p>\n","protected":false},"author":7,"featured_media":651094,"comment_status":"closed","ping_status":"closed","sticky":false,"template":"","format":"standard","meta":{"footnotes":""},"categories":[21,24,27],"tags":[3528,3526,188,3224,3527],"class_list":["post-651072","post","type-post","status-publish","format-standard","has-post-thumbnail","hentry","category-cultura","category-justicia-y-derecho","category-portada","tag-dia-internacional-de-la-eliminacion-de-la-violencia-contra-la-mujer","tag-ministerio-de-interior","tag-ministerio-de-la-mujer","tag-procuradora-general-de-la-republica","tag-sinergia-vital"],"_links":{"self":[{"href":"https:\/\/diariodominicano.com\/index.php?rest_route=\/wp\/v2\/posts\/651072","targetHints":{"allow":["GET"]}}],"collection":[{"href":"https:\/\/diariodominicano.com\/index.php?rest_route=\/wp\/v2\/posts"}],"about":[{"href":"https:\/\/diariodominicano.com\/index.php?rest_route=\/wp\/v2\/types\/post"}],"author":[{"embeddable":true,"href":"https:\/\/diariodominicano.com\/index.php?rest_route=\/wp\/v2\/users\/7"}],"replies":[{"embeddable":true,"href":"https:\/\/diariodominicano.com\/index.php?rest_route=%2Fwp%2Fv2%2Fcomments&post=651072"}],"version-history":[{"count":1,"href":"https:\/\/diariodominicano.com\/index.php?rest_route=\/wp\/v2\/posts\/651072\/revisions"}],"predecessor-version":[{"id":651097,"href":"https:\/\/diariodominicano.com\/index.php?rest_route=\/wp\/v2\/posts\/651072\/revisions\/651097"}],"wp:featuredmedia":[{"embeddable":true,"href":"https:\/\/diariodominicano.com\/index.php?rest_route=\/wp\/v2\/media\/651094"}],"wp:attachment":[{"href":"https:\/\/diariodominicano.com\/index.php?rest_route=%2Fwp%2Fv2%2Fmedia&parent=651072"}],"wp:term":[{"taxonomy":"category","embeddable":true,"href":"https:\/\/diariodominicano.com\/index.php?rest_route=%2Fwp%2Fv2%2Fcategories&post=651072"},{"taxonomy":"post_tag","embeddable":true,"href":"https:\/\/diariodominicano.com\/index.php?rest_route=%2Fwp%2Fv2%2Ftags&post=651072"}],"curies":[{"name":"wp","href":"https:\/\/api.w.org\/{rel}","templated":true}]}}