{"id":650988,"date":"2025-11-25T03:46:49","date_gmt":"2025-11-25T07:46:49","guid":{"rendered":"https:\/\/diariodominicano.com\/?p=650988"},"modified":"2025-11-25T16:51:24","modified_gmt":"2025-11-25T20:51:24","slug":"presidente-abinader-anuncia-visita-del-secretario-de-defensa-de-estados-unidos-a-la-republica-dominicana","status":"publish","type":"post","link":"https:\/\/diariodominicano.com\/?p=650988","title":{"rendered":"El Presidente Abinader anuncia visita del secretario de Defensa de Estados Unidos a la Rep\u00fablica Dominicana"},"content":{"rendered":"\n<p><strong><a href=\"https:\/\/es.wikipedia.org\/wiki\/Pete_Hegseth\">Pete Hegseth<\/a><\/strong><\/p>\n\n\n\n<h3 class=\"wp-block-heading\">La presidencia de la Rep\u00fablica\u2002inform\u00f3 que el prop\u00f3sito del encuentro es continuar la coordinaci\u00f3n de acciones conjuntas en la lucha contra el narcotr\u00e1fico, fortaleciendo as\u00ed la colaboraci\u00f3n de Estados Unidos y la Rep\u00fablica Dominicana.<\/h3>\n\n\n\n<p>24 de Noviembre 2025 | <\/p>\n\n\n\n<p>Santo Domingo, RD.-&nbsp;<strong>El presidente Luis Abinader<\/strong>&nbsp;anunci\u00f3 que, en el transcurso de esta semana, el secretario de Defensa de los Estados Unidos,&nbsp;<strong>Pete Hegseth<\/strong>, estar\u00e1 visitando la Rep\u00fablica Dominicana.<\/p>\n\n\n\n<p>La Presidencia inform\u00f3 a trav\u00e9s de un comunicado de prensa que \u00abEl prop\u00f3sito del encuentro es continuar la coordinaci\u00f3n de&nbsp;<strong>acciones conjuntas<\/strong>&nbsp;en la&nbsp;<strong>lucha contra el narcotr\u00e1fico<\/strong>, fortaleciendo as\u00ed la confianza de&nbsp;<strong>Estados Unidos&nbsp;<\/strong>en Rep\u00fablica Dominicana y la&nbsp;<strong>colaboraci\u00f3n<\/strong>&nbsp;entre ambas naciones.<\/p>\n\n\n\n<p>Estados Unidos y Rep\u00fablica Dominicana han ejecutado una&nbsp;<em>\u201ccolaboraci\u00f3n exitosa\u201d<\/em>&nbsp;en esa materia, por lo que se espera que la visita de Hegseth permita robustecer las&nbsp;<strong>medidas y resultados obtenidos<\/strong>&nbsp;hasta el momento.<\/p>\n\n\n\n<p><em>\u201cSeguimos trabajando con los Estados Unidos porque esta es una lucha fuerte, y m\u00e1s, con algunos pa\u00edses que han aumentado la producci\u00f3n de drogas, especialmente de coca\u00edna\u201d,<\/em>&nbsp;indic\u00f3 el jefe de Estado.<\/p>\n\n\n\n<p>El mandatario record\u00f3, adem\u00e1s, que, por&nbsp;<strong>recomendaci\u00f3n de Estados Unidos<\/strong>&nbsp;y su confianza en los&nbsp;<strong>resultados exitosos<\/strong>&nbsp;mostrados por la Rep\u00fablica Dominicana en la lucha contra el narcotr\u00e1fico, el Gobierno postul\u00f3, por iniciativa de EE. UU. al dominicano&nbsp;<strong>Leandro Villanueva<\/strong>&nbsp;como director de la&nbsp;<strong>Organizaci\u00f3n de las Naciones Unidas contra la Droga y el Delito<\/strong>&nbsp;(UNUDC), siendo el primer dominicano que ocupar\u00eda dicho cargo.<\/p>\n\n\n\n<p>El&nbsp;<strong>secretario de Defensa de los&nbsp;<a href=\"https:\/\/es.wikipedia.org\/wiki\/Estados_Unidos\">Estados Unidos<\/a><\/strong>&nbsp;(en&nbsp;<a href=\"https:\/\/es.wikipedia.org\/wiki\/Idioma_ingl%C3%A9s\">ingl\u00e9s<\/a>:&nbsp;<em>United States Secretary of Defense<\/em>), tambi\u00e9n llamado&nbsp;<strong>secretario de Guerra de los Estados Unidos<\/strong>&nbsp;(en&nbsp;<a href=\"https:\/\/es.wikipedia.org\/wiki\/Idioma_ingl%C3%A9s\">ingl\u00e9s<\/a>:&nbsp;<em>United States Secretary of War<\/em>),<sup><a href=\"https:\/\/es.wikipedia.org\/wiki\/Secretario_de_Defensa_de_los_Estados_Unidos#cite_note-1\">[n 1]<\/a><\/sup>\u200b es el director del&nbsp;<a href=\"https:\/\/es.wikipedia.org\/wiki\/Departamento_de_Defensa_de_los_Estados_Unidos\">Departamento de Defensa de los Estados Unidos<\/a>. Es elegido por el&nbsp;<a href=\"https:\/\/es.wikipedia.org\/wiki\/Presidente_de_los_Estados_Unidos\">presidente de los Estados Unidos<\/a>&nbsp;con el visto bueno del&nbsp;<a href=\"https:\/\/es.wikipedia.org\/wiki\/Senado_de_los_Estados_Unidos\">Senado<\/a>, y es miembro del gabinete del presidente. (WIKIPEDIA)<\/p>\n\n\n\n<p> El secretario de Defensa es el sexto en la&nbsp;<a href=\"https:\/\/es.wikipedia.org\/wiki\/L%C3%ADnea_de_sucesi%C3%B3n_presidencial_de_los_Estados_Unidos\">l\u00ednea sucesoria de la presidencia<\/a>.<\/p>\n\n\n\n<p>Los detalles de la visita ser\u00e1n comunicados en los\u00a0<strong>pr\u00f3ximos d\u00edas<\/strong>, precisa la informaci\u00f3n de la Presidencia de Rep\u00fablica Dominicana. <\/p>\n","protected":false},"excerpt":{"rendered":"<p>Pete Hegseth La presidencia de la Rep\u00fablica\u2002inform\u00f3 que el prop\u00f3sito del encuentro es continuar la coordinaci\u00f3n de acciones conjuntas en la lucha contra el narcotr\u00e1fico, fortaleciendo as\u00ed la colaboraci\u00f3n de Estados Unidos y la Rep\u00fablica Dominicana. 24 de Noviembre 2025 | Santo Domingo, RD.-&nbsp;El presidente Luis Abinader&nbsp;anunci\u00f3 que, en el transcurso de esta semana, el [&hellip;]<\/p>\n","protected":false},"author":2,"featured_media":651077,"comment_status":"closed","ping_status":"closed","sticky":true,"template":"","format":"standard","meta":{"footnotes":""},"categories":[20,27],"tags":[3519,1854],"class_list":["post-650988","post","type-post","status-publish","format-standard","has-post-thumbnail","hentry","category-dominicana-hoy","category-portada","tag-pete-hegseth","tag-presidente-abinader"],"_links":{"self":[{"href":"https:\/\/diariodominicano.com\/index.php?rest_route=\/wp\/v2\/posts\/650988","targetHints":{"allow":["GET"]}}],"collection":[{"href":"https:\/\/diariodominicano.com\/index.php?rest_route=\/wp\/v2\/posts"}],"about":[{"href":"https:\/\/diariodominicano.com\/index.php?rest_route=\/wp\/v2\/types\/post"}],"author":[{"embeddable":true,"href":"https:\/\/diariodominicano.com\/index.php?rest_route=\/wp\/v2\/users\/2"}],"replies":[{"embeddable":true,"href":"https:\/\/diariodominicano.com\/index.php?rest_route=%2Fwp%2Fv2%2Fcomments&post=650988"}],"version-history":[{"count":5,"href":"https:\/\/diariodominicano.com\/index.php?rest_route=\/wp\/v2\/posts\/650988\/revisions"}],"predecessor-version":[{"id":651076,"href":"https:\/\/diariodominicano.com\/index.php?rest_route=\/wp\/v2\/posts\/650988\/revisions\/651076"}],"wp:featuredmedia":[{"embeddable":true,"href":"https:\/\/diariodominicano.com\/index.php?rest_route=\/wp\/v2\/media\/651077"}],"wp:attachment":[{"href":"https:\/\/diariodominicano.com\/index.php?rest_route=%2Fwp%2Fv2%2Fmedia&parent=650988"}],"wp:term":[{"taxonomy":"category","embeddable":true,"href":"https:\/\/diariodominicano.com\/index.php?rest_route=%2Fwp%2Fv2%2Fcategories&post=650988"},{"taxonomy":"post_tag","embeddable":true,"href":"https:\/\/diariodominicano.com\/index.php?rest_route=%2Fwp%2Fv2%2Ftags&post=650988"}],"curies":[{"name":"wp","href":"https:\/\/api.w.org\/{rel}","templated":true}]}}