{"id":650985,"date":"2025-11-25T03:33:20","date_gmt":"2025-11-25T07:33:20","guid":{"rendered":"https:\/\/diariodominicano.com\/?p=650985"},"modified":"2025-11-25T04:05:14","modified_gmt":"2025-11-25T08:05:14","slug":"presidente-abinader-anuncia-la-brisita-navidena-y-entrega-de-tarjetas-de-rd-1500","status":"publish","type":"post","link":"https:\/\/diariodominicano.com\/?p=650985","title":{"rendered":"Presidente Abinader anuncia \u201cLa Brisita Navide\u00f1a\u201d y entrega de tarjetas de RD 1,500"},"content":{"rendered":"\n<h3 class=\"wp-block-heading\">La regal\u00eda pascual se entregar\u00e1 la primera semana de diciembre, por un monto de RD 34,448 millones. Dice impactar\u00e1n a dos millones 600 familias, desde el 4 de diciembre.<\/h3>\n\n\n\n<p>24 de Noviembre 2025 | 19:23<\/p>\n\n\n\n<p>Santo Domingo, RD.-\u00a0<strong>El presidente Luis Abinader\u00a0<\/strong>anunci\u00f3 el lunes, una vez m\u00e1s, c\u00f3mo los dominicanos y dominicanas sentir\u00e1n\u00a0<strong>\u201cLa\u00a0 Brisita Navide\u00f1a\u201d<\/strong>\u00a0desde las instituciones p\u00fablicas, a partir de este\u00a0<strong>29 de noviembre hasta el 5 de enero,<\/strong>\u00a0para garantizar que cada familia dominicana disfrute de unas fiestas\u00a0<strong>dignas y llenas de alegr\u00eda.<\/strong>\u00a0<\/p>\n\n\n\n<p>El jefe de Estado inform\u00f3 que, a trav\u00e9s del&nbsp;<strong>programa Sup\u00e9rate<\/strong>&nbsp;se entregar\u00e1n bonos digitales de&nbsp;<strong>RD 1,500,<\/strong>&nbsp;que impactar\u00e1n a&nbsp;<strong>1 mill\u00f3n 400,000 familias.<\/strong>&nbsp;<\/p>\n\n\n\n<p>Asimismo, el&nbsp;<strong>Gabinete de Pol\u00edtica Social<\/strong>&nbsp;entregar\u00e1&nbsp;<strong>bonos en tarjeta f\u00edsica<\/strong>&nbsp;por igual monto, alcanzando<strong>&nbsp;1 mill\u00f3n 200,000 personas<\/strong>. Estos ser\u00e1n entregados el&nbsp;<strong>4 de diciembre.<\/strong>&nbsp;<\/p>\n\n\n\n<p><strong>Durante cinco semanas,<\/strong>&nbsp;se llevar\u00e1n a cabo almuerzos y cenas navide\u00f1as, Villa Navidad, entrega de bonos y juguetes, conciertos, ferias de productores y m\u00e1s, fortaleciendo la tradici\u00f3n de compartir estas fechas en familia y con seres queridos.&nbsp;<br>&nbsp;<\/p>\n\n\n\n<figure class=\"wp-block-image\"><img decoding=\"async\" src=\"https:\/\/www.presidencia.gob.do\/sites\/default\/files\/inline-images\/6d3a8b19-4719-4d58-bd82-ceef72422149.jpeg\" alt=\"\"\/><\/figure>\n\n\n\n<p><strong>Villa Navidad<\/strong>&nbsp;<\/p>\n\n\n\n<p>A partir del&nbsp;<strong>martes 2 de diciembre<\/strong>, \u201cVilla Navidad\u201d alegrar\u00e1 las noches de las familias dominicanas, brindando un espacio de m\u00fasica, diversi\u00f3n y esp\u00edritu navide\u00f1o en los jardines del&nbsp;<strong>Palacio de los Deportes,<\/strong>&nbsp;en Santo Domingo. Como cada a\u00f1o, es un&nbsp;<strong>evento gratuito,<\/strong>&nbsp;que solo en 2024 registr\u00f3&nbsp;<strong>m\u00e1s de 4 millones de visitantes.<\/strong>&nbsp;<\/p>\n\n\n\n<p><strong>\u201cVilla Navidad\u201d<\/strong>&nbsp;tambi\u00e9n retorna a la ciudad de&nbsp;<strong>Santiago<\/strong>&nbsp;este<strong>&nbsp;3 de diciembre,<\/strong>&nbsp;en los jardines del&nbsp;<strong>Gran Teatro del Cibao,<\/strong>&nbsp;extendi\u00e9ndose, en ambos destinos, hasta el&nbsp;<strong>lunes 5 de enero de 2026.&nbsp;<\/strong><br><br><strong><\/strong><\/p>\n\n\n\n<p><strong>Conciertos, obras de teatro, feria de artesan\u00eda y Noche Larga de Museos<\/strong>&nbsp;<\/p>\n\n\n\n<p>La temporada festiva tambi\u00e9n crear\u00e1 espacios para el disfrute del arte a trav\u00e9s del&nbsp;<strong>Ministerio de Cultura,<\/strong>&nbsp;que organizar\u00e1 seis conciertos filarm\u00f3nicos a cargo de la&nbsp;<strong>Orquesta Filarm\u00f3nica y la Big Band Dominicana.<\/strong>&nbsp;<\/p>\n\n\n\n<p>Las presentaciones ser\u00e1n el 5 de diciembre en&nbsp;<strong>San Jos\u00e9 de Ocoa<\/strong>; el 7, en&nbsp;<strong>La Vega<\/strong>; el 12, en<strong>&nbsp;Moca<\/strong>; el 14, en<strong>&nbsp;Cotu\u00ed<\/strong>; el 18, en&nbsp;<strong>Santo Domingo Norte,<\/strong>&nbsp;y el 22 en<strong>&nbsp;Hig\u00fcey<\/strong>.&nbsp;<\/p>\n\n\n\n<p>La obra de teatro<strong>&nbsp;\u201cFantas\u00eda de Navidad\u201d<\/strong>&nbsp;ser\u00e1 presentada el&nbsp;<strong>16 de diciembre<\/strong>&nbsp;en el Gran Teatro del Cibao, y el&nbsp;<strong>21,<\/strong>&nbsp;en el Teatro Nacional. Mientras que la<strong>&nbsp;Feria Nacional de Artesan\u00eda,<\/strong>&nbsp;desplegar\u00e1 el talento y la riqueza cultural dominicana<strong>&nbsp;del 12 al 14<\/strong>&nbsp;de diciembre en&nbsp;<strong>Plaza Espa\u00f1a<\/strong>, y la&nbsp;<strong>Noche Larga de los Museos,<\/strong>&nbsp;del&nbsp;<strong>12 al 14<\/strong>&nbsp;de diciembre; permitir\u00e1 la entrada gratuita y recorridos guiados en&nbsp;<strong>museos de todo el pa\u00eds.&nbsp;<\/strong><\/p>\n\n\n\n<p><strong>Almuerzos, cenas y fiestas navide\u00f1as<\/strong>&nbsp;<\/p>\n\n\n\n<p>Asimismo, se habilitar\u00e1n<strong>&nbsp;19 parques de Navidad,<\/strong>&nbsp;19&nbsp;<strong>almuerzos o cenas<\/strong>&nbsp;<strong>comunitarias<\/strong>&nbsp;y 14 fiestas de cierre, a trav\u00e9s de la Direcci\u00f3n General de Proyectos Estrat\u00e9gicos y Especiales&nbsp;<strong>(Propeep)<\/strong>.&nbsp;<\/p>\n\n\n\n<p>Adem\u00e1s, mediante la&nbsp;<strong>Direcci\u00f3n de Asistencia Social y Alimentaci\u00f3n Comunitaria<\/strong>&nbsp;(Dasac), se ejecutar\u00e1 el programa&nbsp;<strong>Navidad 360,<\/strong>&nbsp;para la distribuci\u00f3n de cenas y almuerzos navide\u00f1os, entrega de kits de raciones crudas, enseres del hogar y reparaciones de techos para familias vulnerables.&nbsp;<\/p>\n\n\n\n<p>Esto se traducir\u00e1 en&nbsp;<strong>m\u00e1s de 15 millones<\/strong>&nbsp;de raciones servidas por el programa&nbsp;<strong>\u201cCuchara de Esperanza\u201d,<\/strong>&nbsp;a trav\u00e9s de comedores fijos y cocinas m\u00f3viles y&nbsp;<strong>1.5 millones de raciones crudas<\/strong>&nbsp;con art\u00edculos navide\u00f1os distribuidas a organizaciones sociales.&nbsp;<strong>M\u00e1s de 25,000 familias<\/strong>&nbsp;ser\u00e1n beneficiadas con enseres y electrodom\u00e9sticos, y se reparar\u00e1n&nbsp;<strong>m\u00e1s de 6,000 techos<\/strong>&nbsp;de viviendas en todo el pa\u00eds.&nbsp;<\/p>\n\n\n\n<p><strong>Ferias de productores<\/strong>&nbsp;<\/p>\n\n\n\n<p>Las festividades seguir\u00e1n acercando a productores y consumidores a trav\u00e9s de&nbsp;<strong>nueve ferias de productores<\/strong>&nbsp;que ofertar\u00e1n&nbsp;<em>\u201ctodo tipo de productos, al mejor precio\u201d,<\/em>&nbsp;afirm\u00f3 el presidente Abinader.&nbsp;<\/p>\n\n\n\n<p>Est\u00e1s tendr\u00e1n&nbsp;<strong>lugar el 29 y 30 de noviembre<\/strong>&nbsp;en el&nbsp;<strong>play San Bartolo<\/strong>, Santo Domingo Este; el&nbsp;<strong>3 y 4<\/strong>&nbsp;de diciembre en la feria agropecuaria de<strong>&nbsp;Hig\u00fcey<\/strong>; el&nbsp;<strong>6 y 7<\/strong>&nbsp;de diciembre en el&nbsp;<strong>play Tem\u00edstocles Metz,<\/strong>&nbsp;en San Crist\u00f3bal; el&nbsp;<strong>10 y 11<\/strong>&nbsp;de diciembre en la&nbsp;<strong>Gerencia Santiago Inespre<\/strong>; el 13 y 14 en el&nbsp;<strong>Parque Central de Guayub\u00edn,<\/strong>&nbsp;en Montecristi; el&nbsp;<strong>16 y 17<\/strong>&nbsp;en el play La Sabanita de<strong>&nbsp;Azua<\/strong>; del 19 al 21 en la&nbsp;<strong>Ciudad Ganadera de Santo Domingo<\/strong>; el 22 y 23 en la feria agropecuaria de&nbsp;<strong>San Juan;<\/strong>&nbsp;y 27 y 28 en&nbsp;<strong>Villa Altagracia<\/strong>.&nbsp;<\/p>\n\n\n\n<p>Esta agenda tambi\u00e9n incluye&nbsp;<strong>11 rutas alimentarias&nbsp;<\/strong>para comunidades vulnerables, un programa ahorro con Inespre en supermercados aliados, en los cuales se podr\u00e1n comprar combos alimenticios a&nbsp;<strong>precios reducidos<\/strong>, y adem\u00e1s, permanecen&nbsp;<strong>activos 30 mercados de productores<\/strong>&nbsp;y cientos de&nbsp;<strong>bodegas m\u00f3viles<\/strong>.&nbsp;<\/p>\n\n\n\n<p><strong>Aguinaldos y entrega de juguetes<\/strong>&nbsp;<\/p>\n\n\n\n<p><strong>Del 2 al 23<\/strong>&nbsp;de diciembre, a las&nbsp;<strong>6:00 p. m.<\/strong>, se realizar\u00e1n aguinaldos, encendidos de luces y cenas navide\u00f1as en el&nbsp;<strong>Gran Santo Domingo<\/strong>, gracias a la&nbsp;<strong>Comisi\u00f3n Presidencial de Apoyo al Desarrollo Barrial.<\/strong>&nbsp;<\/p>\n\n\n\n<p>El&nbsp;<strong>16 de diciembre<\/strong>&nbsp;se celebrar\u00e1 un gran encuentro nacional en&nbsp;<strong>Domingo Savio,<\/strong>&nbsp;con&nbsp;<strong>1,000 barberos y estilistas comunitarios<\/strong>, encabezado por el presidente Abinader.&nbsp;<\/p>\n\n\n\n<p>Para el disfrute de los m\u00e1s peque\u00f1os, se coordinar\u00e1n&nbsp;<strong>dos jornadas de entrega de juguetes<\/strong>&nbsp;para el 22 de diciembre, en Capotillo, y el&nbsp;<strong>23, en Santiago<\/strong>. Tambi\u00e9n se entregar\u00e1 un&nbsp;<strong>premio al barrio<\/strong>&nbsp;con la mejor decoraci\u00f3n navide\u00f1a.&nbsp;<\/p>\n\n\n\n<p><strong>Regal\u00eda pascual<\/strong>&nbsp;<\/p>\n\n\n\n<p>El presidente inform\u00f3 que, durante la\u00a0<strong>primera semana<\/strong>\u00a0de diciembre, el Gobierno desembolsar\u00e1\u00a0<strong>RD 34,448 millones\u00a0<\/strong>por concepto de\u00a0<strong>regal\u00eda pascual<\/strong>, garantizando a los servidores p\u00fablicos recibir a tiempo su salario de Navidad.<\/p>\n\n\n\n<p>Informaci\u00f3n de la Presidencia de la Rep\u00fablica.<\/p>\n","protected":false},"excerpt":{"rendered":"<p>La regal\u00eda pascual se entregar\u00e1 la primera semana de diciembre, por un monto de RD 34,448 millones. Dice impactar\u00e1n a dos millones 600 familias, desde el 4 de diciembre. 24 de Noviembre 2025 | 19:23 Santo Domingo, RD.-\u00a0El presidente Luis Abinader\u00a0anunci\u00f3 el lunes, una vez m\u00e1s, c\u00f3mo los dominicanos y dominicanas sentir\u00e1n\u00a0\u201cLa\u00a0 Brisita Navide\u00f1a\u201d\u00a0desde las [&hellip;]<\/p>\n","protected":false},"author":2,"featured_media":650986,"comment_status":"closed","ping_status":"closed","sticky":true,"template":"","format":"standard","meta":{"footnotes":""},"categories":[20,18,27],"tags":[],"class_list":["post-650985","post","type-post","status-publish","format-standard","has-post-thumbnail","hentry","category-dominicana-hoy","category-economia","category-portada"],"_links":{"self":[{"href":"https:\/\/diariodominicano.com\/index.php?rest_route=\/wp\/v2\/posts\/650985","targetHints":{"allow":["GET"]}}],"collection":[{"href":"https:\/\/diariodominicano.com\/index.php?rest_route=\/wp\/v2\/posts"}],"about":[{"href":"https:\/\/diariodominicano.com\/index.php?rest_route=\/wp\/v2\/types\/post"}],"author":[{"embeddable":true,"href":"https:\/\/diariodominicano.com\/index.php?rest_route=\/wp\/v2\/users\/2"}],"replies":[{"embeddable":true,"href":"https:\/\/diariodominicano.com\/index.php?rest_route=%2Fwp%2Fv2%2Fcomments&post=650985"}],"version-history":[{"count":1,"href":"https:\/\/diariodominicano.com\/index.php?rest_route=\/wp\/v2\/posts\/650985\/revisions"}],"predecessor-version":[{"id":650987,"href":"https:\/\/diariodominicano.com\/index.php?rest_route=\/wp\/v2\/posts\/650985\/revisions\/650987"}],"wp:featuredmedia":[{"embeddable":true,"href":"https:\/\/diariodominicano.com\/index.php?rest_route=\/wp\/v2\/media\/650986"}],"wp:attachment":[{"href":"https:\/\/diariodominicano.com\/index.php?rest_route=%2Fwp%2Fv2%2Fmedia&parent=650985"}],"wp:term":[{"taxonomy":"category","embeddable":true,"href":"https:\/\/diariodominicano.com\/index.php?rest_route=%2Fwp%2Fv2%2Fcategories&post=650985"},{"taxonomy":"post_tag","embeddable":true,"href":"https:\/\/diariodominicano.com\/index.php?rest_route=%2Fwp%2Fv2%2Ftags&post=650985"}],"curies":[{"name":"wp","href":"https:\/\/api.w.org\/{rel}","templated":true}]}}