{"id":650847,"date":"2025-11-24T12:12:04","date_gmt":"2025-11-24T16:12:04","guid":{"rendered":"https:\/\/diariodominicano.com\/?p=650847"},"modified":"2025-11-24T12:12:06","modified_gmt":"2025-11-24T16:12:06","slug":"el-auge-del-neo-conservadurismo-ideologico-como-antesala-del-fascismo-politico","status":"publish","type":"post","link":"https:\/\/diariodominicano.com\/?p=650847","title":{"rendered":"El auge del neo conservadurismo ideol\u00f3gico como antesala del fascismo pol\u00edtico"},"content":{"rendered":"\n<p>Por Juan Carlos Espinal. 3\/3 <\/p>\n\n\n\n<p>En las entregas anteriores explicamos el origen del fascismo en Rep\u00fablica Dominicana, su ideolog\u00eda sociopol\u00edtica, su estrecha relaci\u00f3n con el trujillismo 1930-1961, y otras caracter\u00edsticas qu\u00e9 culturalmente se manifestaron durante la dictadura militar de Joaqu\u00edn Balaguer Ricardo, 1966-1978.<\/p>\n\n\n\n<p>Adem\u00e1s, hicimos hincapi\u00e9 en el surgimiento del neo conservadurismo ideol\u00f3gico pos Balaguer, para tratar de comprender el auge del fascismo ideol\u00f3gico en la actualidad.<\/p>\n\n\n\n<p>El fascismo pol\u00edtico se origin\u00f3 en Rep\u00fablica Dominicana con la presencia de militares italianos y alemanes, que buscando refugio en el pa\u00eds expandieron la guerra a otros pa\u00edses de Am\u00e9rica Latina y el Caribe.<\/p>\n\n\n\n<p>El fascismo trujillista fue un movimiento pol\u00edtico de masas encarnado en el partido Dominicano, y una ideolog\u00eda que se fortaleci\u00f3 en el seno del campesinado alcanzando a dominar distintas partes de la incipiente clase media Dominicana, en la primera mitad del siglo XX, especialmente en el contexto geopol\u00edtico previo a la Segunda Guerra Mundial.<\/p>\n\n\n\n<p>Adem\u00e1s, su filosof\u00eda autoritaria tuvo repercusiones en distintas provincias del pa\u00eds transformando su esencia caudillista.<\/p>\n\n\n\n<p>El caudillismo trujillista promovi\u00f3 un Estado totalitario, antidemocr\u00e1tico y militarista, sostenido en las nociones de la instrumentalizacion de la patria y de la raza, lo que se tradujo en la opresi\u00f3n, persecuci\u00f3n y discriminaci\u00f3n selectiva de las minor\u00edas.<\/p>\n\n\n\n<p>Los ejemplos m\u00e1s caracter\u00edsticos del Estado fascista fueron los gobiernos del r\u00e9gimen de Trujillo, y el r\u00e9gimen conservador de Joaqu\u00edn Balaguer, (1930-1978).<\/p>\n\n\n\n<p>La naturaleza pol\u00edtica exacta y la definici\u00f3n precisa del fascismo ideol\u00f3gico son objeto de debate entre historiadores contempor\u00e1neos.<\/p>\n\n\n\n<p>Esto se debe a que las distintas experiencias fascistas tuvieron puntos de coincidencia pero tambi\u00e9n diferencias.<\/p>\n\n\n\n<p>La variedad de estos reg\u00edmenes hizo muchas veces dif\u00edcil ubicar un rasgo m\u00ednimo com\u00fan del caudillismo, lo que llev\u00f3 en ocasiones a confundirlo con la dictadura militar.<\/p>\n\n\n\n<p>En un sentido hist\u00f3rico, se puede caracterizar al fascismo como una manifestaci\u00f3n pol\u00edtica e ideol\u00f3gica de extrema derecha, antiliberal y anticomunista, que se sosten\u00eda en la idea de la superioridad de lo colectivo (patria, naci\u00f3n o raza) por sobre lo individual.<\/p>\n\n\n\n<p>En el siglo XXI, el fascismo propone una organizaci\u00f3n estatal de la sociedad y la econom\u00eda basada en la integraci\u00f3n entre el Estado y los partidos pol\u00edticos de la democracia representativa 1966-2024, y en la construcci\u00f3n de una especie de \u201cciudadan\u00eda paralela\u201d.<\/p>\n\n\n\n<p>En la actualidad, el fascismo pol\u00edtico busca movilizar a la sociedad Dominicana en contra de Hait\u00ed, &#8211; o cualquier otra minor\u00eda -, como un enemigo real o imaginario (externo o interno).<\/p>\n\n\n\n<p>Sin embargo, el m\u00e9todo y el discurso medi\u00e1tico espec\u00edficos podr\u00edan variar.<\/p>\n\n\n\n<p>Por ejemplo, las \u00e9lites de los partidos pol\u00edticos de la democracia representativa 1966-2024 hacen hincapi\u00e9 en una idea nacionalista de superioridad racial que forma parte del discurso inicial del colonialismo euro c\u00e9ntrico.<\/p>\n\n\n\n<p>En la segunda mitad del siglo XX, surgieron en el pa\u00eds algunos grupos minoritarios que se identificaron con las ideas ultra conservadoras como la que en los medios de comunicaci\u00f3n corporativos planteaban los neoliberales chilenos.<\/p>\n\n\n\n<p>El neo conservadurismo pol\u00edtico suele reunir las siguientes caracter\u00edsticas:<\/p>\n\n\n\n<p>Es un movimiento pol\u00edtico e ideol\u00f3gico ultra nacionalista y militarista, combativo y violento, que exalta las nociones de patria, naci\u00f3n o raza, en detrimento de las minor\u00edas, los extranjeros y todo aquel considerado diferente.<\/p>\n\n\n\n<p>Apela a valores como el patriotismo, la lucha, el sacrificio, el predominio del Estado por sobre el individuo y la pureza moral, ideol\u00f3gica, nacional o racial.<\/p>\n\n\n\n<p>El neo conservadurismo pol\u00edtico suele representarse como heredero de un pasado glorioso a recuperar, como el Santanismo anexionista o el Baecismo secular del siglo ante pasado.<\/p>\n\n\n\n<p>En el caso del neo conservadurismo, la mitolog\u00eda de la \u00abinvasi\u00f3n haitiana\u00bb.<\/p>\n\n\n\n<p>En el caso de los fondos de pensiones a los trabajadores dominicanos, suele promover actitudes beligerantes.<\/p>\n\n\n\n<p>Fomenta la \u00abmano dura\u00bb a trav\u00e9s de las ejecuciones extrajudiciales.<\/p>\n\n\n\n<p>Defiende una organizaci\u00f3n de las fuerzas armadas al margen del estado de derecho para que \u00e9stas se ocupen de perseguir a sus adversarios pretendiendo someter a la sociedad en su conjunto a un estado de amenaza.<\/p>\n\n\n\n<p>El neo conservadurismo pol\u00edtico propone un modelo de Estado de partido \u00fanico, sin elecciones internas, totalitario y autoritario, que controle todos los niveles de la sociedad y se construya en torno a la idea de la infalibilidad de un l\u00edder carism\u00e1tico, al que se le rinde culto mediante un elaborado aparato de propaganda.<\/p>\n\n\n\n<p>En t\u00e9rminos ideol\u00f3gicos, el fascismo ideol\u00f3gico suele proponerse como una alternativa al neoliberalismo burgu\u00e9s, y al socialismo, para lo que propone la regulaci\u00f3n estatal de las relaciones sociales mediante el intervencionismo econ\u00f3mico y, en algunos casos, el corporativismo (es decir, la gesti\u00f3n estatal de las relaciones entre empresarios y trabajadores.<\/p>\n\n\n\n<p>Trujillo fund\u00f3 el partido Dominicano en la idea de sustituir la democracia representativa, suprimir la participaci\u00f3n ciudadana y difuminar la Constituci\u00f3n.<\/p>\n\n\n\n<p>Trujillo llega al poder en Rep\u00fablica Dominicana de la mano del imperialismo estadounidense.<\/p>\n\n\n\n<p>Los or\u00edgenes del fascismo en Rep\u00fablica Dominicana se remontan a comienzos del siglo XX.<\/p>\n\n\n\n<p>Con anterioridad exist\u00edan diversos movimientos contra revolucionarios de ideolog\u00eda diversa que eran llamados Bolos y Coludos (t\u00e9rminos de la montonera que era un s\u00edmbolo de autoridad republicana en la Antigua Roma.<\/p>\n\n\n\n<p>Trujillo fue un l\u00edder pol\u00edtico que durante la Primera Guerra Mundial (1914-1918) adopt\u00f3 una posici\u00f3n militarista anti nacional siendo expulsado del imaginario de la burgues\u00eda Dominicana.<\/p>\n\n\n\n<p>Entre 1916-1924, tras el fin de la ocupaci\u00f3n militar estadounidense, fund\u00f3 movimientos de car\u00e1cter para militar qu\u00e9 le permiti\u00f3 fortalecer su dictadura a partir de una organizaci\u00f3n pol\u00edtica que combinaba el nacionalismo militarista con un plan de contra reformas sociales y pol\u00edticas.<\/p>\n\n\n\n<p>Este grupo para militar llev\u00f3 a cabo una violenta lucha callejera contra huelguistas, izquierdistas y otros grupos pol\u00edticos y sociales considerados enemigos de la patria.<\/p>\n\n\n\n<p>Uno de sus impulsos fue el temor a que \u00ablas costumbres haitianas se expandieran por toda la nacion\u00bb.<\/p>\n\n\n\n<p>Trujillo representa una contra revoluci\u00f3n capitalista, como la que hab\u00eda estallado en Am\u00e9rica Latina, que dio origen a r\u00e9gimenes dictatoriales.<\/p>\n\n\n\n<p>Adem\u00e1s, los militares fascistas trujillistas criticaban a los pol\u00edticos liberales o no, por haber aceptado una \u201cvictoria mutilada\u201d en las negociaciones de la Paz con Hait\u00ed, tras la anexi\u00f3n a Espa\u00f1a, pues Hait\u00ed consigui\u00f3 todas las reivindicaciones territoriales que hab\u00eda exigido originalmente.<\/p>\n\n\n\n<p>A medida que el movimiento trujillista ganaba m\u00e1s importancia pol\u00edtica, se organiz\u00f3 para la toma del poder bajo el nombre de Partido Dominicano.<\/p>\n\n\n\n<p>Sus militantes conformaron una fuerza paramilitar conocida como el SIM, (Servicio de Inteligencia Militar), que m\u00e1s adelante adopt\u00f3 milicias de juventudes para la seguridad nacional, dedicadas a acciones de asalto, asesinato pol\u00edtico, chivateo e intimidaci\u00f3n de sus oponentes pol\u00edticos.<\/p>\n\n\n\n<p>El neo conservadurismo Balaguerista ascendi\u00f3 al poder en 1966 reciclando el fascismo en las iglesias, las fuerzas armadas, el sistema escolar y los partidos pol\u00edticos.<\/p>\n\n\n\n<p>Balaguer inspir\u00f3 a diversos grupos econ\u00f3micos y personalidades de empresa y sociedad civil organizada quienes imitaron la est\u00e9tica y la organizaci\u00f3n fascista.<\/p>\n\n\n\n<p>As\u00ed surgieron, entre otros partidos pol\u00edticos de extrema derecha que ejercieron funciones de control en los m\u00edtines balagueristas y de violencia contra los adversarios pol\u00edticos, y contribuyeron al creciente poder de la Banda Colora.<\/p>\n\n\n\n<p>La Banda Colora (como se llam\u00f3 a los militantes del para militarismo fascista) de Juan P\u00e9rez Mart\u00ednez (Macor\u00eds), que se inspir\u00f3 en los principios nacionalistas, corporativistas y anticomunistas del fascismo, pero que tambi\u00e9n defendi\u00f3 los valores del catolicismo apoyando la sublevaci\u00f3n militar de 1963 que llev\u00f3 a la invasi\u00f3n militar estadounidense de 1965.<\/p>\n\n\n\n<p>Tambi\u00e9n surgieron variantes del fascismo ideol\u00f3gico como el movimiento del contra almirante Lajara Burgos, el PNVC o los movimientos de extrema derecha de la UASD.<\/p>\n\n\n\n<p>Aunque en muchos casos fueron minor\u00edas, los gobiernos de Balaguer se inspiraron en el caudillismo como expresi\u00f3n del latifundismo.<\/p>\n\n\n\n<p>El triunfo del latifundismo cre\u00f3 un eje pol\u00edtico fascista en la pos guerra, cuya expansi\u00f3n militar y territorial desencaden\u00f3 los 12 a\u00f1os de Balaguer (1966-1978).<\/p>\n\n\n\n<p>La ideolog\u00eda del neo conservadurismo del siglo 21 no es sino que la antesala al fascismo pol\u00edtico.<\/p>\n\n\n\n<p>Como ya sabemos, el neo conservadurismo es una ideolog\u00eda nacionalista de extrema derecha, opuesta tanto a la democracia liberal y al individualismo burgu\u00e9s como al comunismo y al movimiento Progresista.<\/p>\n\n\n\n<p>El fascismo ideologico ha puesto en pr\u00e1ctica ideas asociadas con diferentes posiciones del espectro pol\u00edtico e ideol\u00f3gico: la regulaci\u00f3n estatal de la econom\u00eda, la exaltaci\u00f3n de valores tradicionales y de la identidad nacional, la promoci\u00f3n del beneficio a empresas privadas que cooperan con el r\u00e9gimen liberal de la democracia representativa 1966-2024, y la aplicaci\u00f3n de pol\u00edticas de bienestar social y legislaci\u00f3n laboral.<\/p>\n\n\n\n<p>Algunos historiadores consideran el neoliberalismo como una fase del capitalismo, capaz de despojar de derechos a sectores vulnerables de la poblaci\u00f3n para explotarlos econ\u00f3micamente y detener el avance del progresismo anticipa el r\u00e9gimen de excepci\u00f3n.<\/p>\n\n\n\n<p>Otros analistas m\u00e1s contemporaneos reconocen en el fascismo aspectos originados en las ideas socialistas, como la estatizaci\u00f3n de la sociedad y algunas contra reformas sociales, y destacan su car\u00e1cter totalitario y el culto a la personalidad, que tambi\u00e9n caracterizaron al trujillismo.<\/p>\n\n\n\n<p>En general, resulta m\u00e1s simple definir ideol\u00f3gicamente al neo conservadurismo por aquello a lo que se opone.<\/p>\n\n\n\n<p>Los reg\u00edmenes econ\u00f3micos de este tipo suelen ser antiliberales, libertarios antimarxistas, anticomunistas, antidemocr\u00e1ticos, anti intelectuales y, en algunos aspectos, anti capitalistas.<\/p>\n\n\n\n<p>Ello se complementa con grados variables de nacionalismo (sentimiento de pertenencia a una naci\u00f3n), chauvinismo (exaltaci\u00f3n extrema y agresiva del nacionalismo) y racismo (discriminaci\u00f3n basada en la creencia en la superioridad de un grupo \u00e9tnico sobre otros).<\/p>\n\n\n\n<p>El neo conservadurismo del siglo 21 es un movimiento hermanado con la democracia representativa 1966-2024, surgido a ra\u00edz de la insatisfacci\u00f3n que desencadenaron los gobiernos constitucionales de entre 1986-2024 en sus poblaciones.<\/p>\n\n\n\n<p>En Am\u00e9rica Latina y el Caribe el neoliberalismo alcanz\u00f3 el poder pol\u00edtico, instaur\u00f3 una dictadura libero conservadora reorganizando la sociedad de acuerdo a un proyecto que incluy\u00f3: la intervenci\u00f3n estatal en la econom\u00eda, la militarizaci\u00f3n de la ciudadan\u00eda, la persecuci\u00f3n pol\u00edtica, la anulaci\u00f3n de derechos y libertades fundamentales y el hostigamiento a las minor\u00edas.<\/p>\n\n\n\n<p>En la ret\u00f3rica fascista, sobre todo la oligarca, las minor\u00edas son consideradas razas o culturas \u201cinferiores\u201d destinadas a aceptar su realidad, como sucedi\u00f3 con la izquierda pol\u00edtica.<\/p>\n\n\n\n<p>El objetivo de la extrema derecha dominicana era obtener para la sociedad una \u201craza diferente para mantener el \u201cespacio vital\u201d en la isla para as\u00ed crecer y prosperar.<\/p>\n\n\n\n<p>Estas ideas condujeron al trujillismo a expandirse militarmente hacia el oeste construyendo campos de concentraci\u00f3n fronterizos, y exterminio para poblaciones haitianas disidentes.<\/p>\n\n\n\n<p>El neotrujillismo se ali\u00f3 entre s\u00ed con el liberalismo de pos guerra enfrentando pol\u00edticamente a las izquierdas revolucionarias.<\/p>\n\n\n\n<p>Ni el conservadurismo ni el liberalismo sobrevivieron a la guerra civil.<\/p>\n\n\n\n<p>El neo conservadurismo pol\u00edtico cay\u00f3 bajo la presi\u00f3n de la invasi\u00f3n militar estadounidense cuando el coronel Francisco A. Caama\u00f1o De\u00f1o tuvo que firmar el armisticio de rendici\u00f3n.<\/p>\n\n\n\n<p>Esto forz\u00f3 al pa\u00eds a aceptar la invasi\u00f3n, rescatar el trujillismo sin Trujillo, y crear la Constituci\u00f3n de 1966 como un Estado t\u00edtere de Washington.<\/p>\n\n\n\n<p>Sin embargo, en el camino hacia la construcci\u00f3n de la democracia representativa 1966-2024, tanto los comunistas como los patriotas fueron ejecutados.<\/p>\n\n\n\n<p>Por su parte, el r\u00e9gimen Balaguerista tuvo \u00e9xito al comienzo de la guerra sucia pero fracas\u00f3 en su campa\u00f1a de conculcaci\u00f3n.<\/p>\n\n\n\n<p>En la actualidad, los grupos neo conservadores conservan rasgos ultranacionalistas y xen\u00f3fobos.<\/p>\n\n\n\n<p>A menudo se habla del resurgimiento del fascismo pol\u00edtico en la segunda mitad del siglo XX con el nombre de neo conservadurismo liberal.<\/p>\n\n\n\n<p>Varios movimientos de extrema derecha, que cobraron fuerza en las d\u00e9cadas de 1990s se vincularon con esta ideolog\u00eda.<\/p>\n\n\n\n<p>En los a\u00f1os noventa, algunos grupos econ\u00f3micos se dedicaron a la violencia medi\u00e1tica contra inmigrantes y otras minor\u00edas.<\/p>\n\n\n\n<p>A principios del siglo XXI algunos partidos pol\u00edticos de la democracia representativa 1966-2024, tanto de extrema derecha como libero-conservadores, agitan el discurso contra la inmigraci\u00f3n haitiana.<\/p>\n\n\n\n<p>Estos grupos econ\u00f3micos y pol\u00edticos consiguieron importantes resultados en las elecciones presidenciales del a\u00f1o 2024.<\/p>\n\n\n\n<p>Sin embargo, los partidos de extrema derecha actuales suelen desconocer cualquier v\u00ednculo con el fascismo y se presentan como versiones liberales moderadas y democr\u00e1ticas del nacionalismo, aunque en muchos casos comparten discursos xen\u00f3fobos.<\/p>\n","protected":false},"excerpt":{"rendered":"<p>Por Juan Carlos Espinal. 3\/3 En las entregas anteriores explicamos el origen del fascismo en Rep\u00fablica Dominicana, su ideolog\u00eda sociopol\u00edtica, su estrecha relaci\u00f3n con el trujillismo 1930-1961, y otras caracter\u00edsticas qu\u00e9 culturalmente se manifestaron durante la dictadura militar de Joaqu\u00edn Balaguer Ricardo, 1966-1978. Adem\u00e1s, hicimos hincapi\u00e9 en el surgimiento del neo conservadurismo ideol\u00f3gico pos Balaguer, [&hellip;]<\/p>\n","protected":false},"author":7,"featured_media":521400,"comment_status":"closed","ping_status":"closed","sticky":false,"template":"","format":"standard","meta":{"footnotes":""},"categories":[16],"tags":[366],"class_list":["post-650847","post","type-post","status-publish","format-standard","has-post-thumbnail","hentry","category-opiniones","tag-juan-carlos-espinal"],"_links":{"self":[{"href":"https:\/\/diariodominicano.com\/index.php?rest_route=\/wp\/v2\/posts\/650847","targetHints":{"allow":["GET"]}}],"collection":[{"href":"https:\/\/diariodominicano.com\/index.php?rest_route=\/wp\/v2\/posts"}],"about":[{"href":"https:\/\/diariodominicano.com\/index.php?rest_route=\/wp\/v2\/types\/post"}],"author":[{"embeddable":true,"href":"https:\/\/diariodominicano.com\/index.php?rest_route=\/wp\/v2\/users\/7"}],"replies":[{"embeddable":true,"href":"https:\/\/diariodominicano.com\/index.php?rest_route=%2Fwp%2Fv2%2Fcomments&post=650847"}],"version-history":[{"count":1,"href":"https:\/\/diariodominicano.com\/index.php?rest_route=\/wp\/v2\/posts\/650847\/revisions"}],"predecessor-version":[{"id":650896,"href":"https:\/\/diariodominicano.com\/index.php?rest_route=\/wp\/v2\/posts\/650847\/revisions\/650896"}],"wp:featuredmedia":[{"embeddable":true,"href":"https:\/\/diariodominicano.com\/index.php?rest_route=\/wp\/v2\/media\/521400"}],"wp:attachment":[{"href":"https:\/\/diariodominicano.com\/index.php?rest_route=%2Fwp%2Fv2%2Fmedia&parent=650847"}],"wp:term":[{"taxonomy":"category","embeddable":true,"href":"https:\/\/diariodominicano.com\/index.php?rest_route=%2Fwp%2Fv2%2Fcategories&post=650847"},{"taxonomy":"post_tag","embeddable":true,"href":"https:\/\/diariodominicano.com\/index.php?rest_route=%2Fwp%2Fv2%2Ftags&post=650847"}],"curies":[{"name":"wp","href":"https:\/\/api.w.org\/{rel}","templated":true}]}}