{"id":650646,"date":"2025-11-23T18:55:14","date_gmt":"2025-11-23T22:55:14","guid":{"rendered":"https:\/\/diariodominicano.com\/?p=650646"},"modified":"2025-11-24T00:00:20","modified_gmt":"2025-11-24T04:00:20","slug":"danilo-gobierno-del-prm-devuelve-al-pais-al-pasado-nueva-carcel-inaugurada-no-es-una-obra-propia-del-actual-mandato","status":"publish","type":"post","link":"https:\/\/diariodominicano.com\/?p=650646","title":{"rendered":"Danilo: gobierno del PRM\u00a0 \u201cdevuelve al pa\u00eds al pasado\u201d. Nueva c\u00e1rcel inaugurada no es una obra propia del actual mandato"},"content":{"rendered":"\n<p>El expresidente dominicano y presidente del PLD denuncia improvisaci\u00f3n gubernamental y alerta sobre retrocesos en la gesti\u00f3n p\u00fablica y educaci\u00f3n<\/p>\n\n\n\n<p>El expresidente de la Rep\u00fablica y presidente del Partido de la Liberaci\u00f3n Dominicana (PLD), Danilo Medina, encabez\u00f3 este domingo la Asamblea de Miembros y Militantes del PLD en la provincia Duarte, donde fij\u00f3 posici\u00f3n sobre diversos temas nacionales y cuestion\u00f3 el desempe\u00f1o del gobierno actual en \u00e1reas de infraestructura, ayudas sociales y educaci\u00f3n.<\/p>\n\n\n\n<figure class=\"wp-block-gallery has-nested-images columns-default is-cropped wp-block-gallery-1 is-layout-flex wp-block-gallery-is-layout-flex\">\n<figure class=\"wp-block-image size-large\"><img loading=\"lazy\" decoding=\"async\" width=\"1024\" height=\"532\" data-id=\"650689\" src=\"https:\/\/diariodominicano.com\/wp-content\/uploads\/2025\/11\/Danilo-gobierno-del-PRM-devuelve-al-pais-pasado.-Nueva-carcel-inaugurada-no-es-una-obra-propia-del-actual-mandato-1024x532.jpg\" alt=\"\" class=\"wp-image-650689\" srcset=\"https:\/\/diariodominicano.com\/wp-content\/uploads\/2025\/11\/Danilo-gobierno-del-PRM-devuelve-al-pais-pasado.-Nueva-carcel-inaugurada-no-es-una-obra-propia-del-actual-mandato-1024x532.jpg 1024w, https:\/\/diariodominicano.com\/wp-content\/uploads\/2025\/11\/Danilo-gobierno-del-PRM-devuelve-al-pais-pasado.-Nueva-carcel-inaugurada-no-es-una-obra-propia-del-actual-mandato-300x156.jpg 300w, https:\/\/diariodominicano.com\/wp-content\/uploads\/2025\/11\/Danilo-gobierno-del-PRM-devuelve-al-pais-pasado.-Nueva-carcel-inaugurada-no-es-una-obra-propia-del-actual-mandato-768x399.jpg 768w, https:\/\/diariodominicano.com\/wp-content\/uploads\/2025\/11\/Danilo-gobierno-del-PRM-devuelve-al-pais-pasado.-Nueva-carcel-inaugurada-no-es-una-obra-propia-del-actual-mandato-816x424.jpg 816w, https:\/\/diariodominicano.com\/wp-content\/uploads\/2025\/11\/Danilo-gobierno-del-PRM-devuelve-al-pais-pasado.-Nueva-carcel-inaugurada-no-es-una-obra-propia-del-actual-mandato.jpg 1092w\" sizes=\"auto, (max-width: 1024px) 100vw, 1024px\" \/><\/figure>\n<\/figure>\n\n\n\n<p>Durante su intervenci\u00f3n y al ser cuestionado por la prensa, Medina se refiri\u00f3 a la reciente presentaci\u00f3n de la c\u00e1rcel de La Nueva Victoria por parte del gobierno, afirmando que se trata de una obra ya concluida en su totalidad durante su gesti\u00f3n.<\/p>\n\n\n\n<p>\u201cBueno, tal vez no fue una inauguraci\u00f3n; yo pienso que lo que hicieron fue que la vieron para comenzar a dar servicio, porque esa c\u00e1rcel yo la inaugur\u00e9, y es la misma c\u00e1rcel, ah\u00ed no se ha hecho nada\u201d, expres\u00f3.<\/p>\n\n\n\n<figure class=\"wp-block-gallery has-nested-images columns-default is-cropped wp-block-gallery-2 is-layout-flex wp-block-gallery-is-layout-flex\">\n<figure class=\"wp-block-image size-large\"><img loading=\"lazy\" decoding=\"async\" width=\"994\" height=\"663\" data-id=\"650688\" src=\"https:\/\/diariodominicano.com\/wp-content\/uploads\/2025\/11\/Danilo-gobierno-PRM-devuelve-al-pais-al-pasado.-Nueva-carcel-inaugurada-no-es-una-obra-propia-del-actual-mandato.jpg\" alt=\"\" class=\"wp-image-650688\" srcset=\"https:\/\/diariodominicano.com\/wp-content\/uploads\/2025\/11\/Danilo-gobierno-PRM-devuelve-al-pais-al-pasado.-Nueva-carcel-inaugurada-no-es-una-obra-propia-del-actual-mandato.jpg 994w, https:\/\/diariodominicano.com\/wp-content\/uploads\/2025\/11\/Danilo-gobierno-PRM-devuelve-al-pais-al-pasado.-Nueva-carcel-inaugurada-no-es-una-obra-propia-del-actual-mandato-300x200.jpg 300w, https:\/\/diariodominicano.com\/wp-content\/uploads\/2025\/11\/Danilo-gobierno-PRM-devuelve-al-pais-al-pasado.-Nueva-carcel-inaugurada-no-es-una-obra-propia-del-actual-mandato-768x512.jpg 768w, https:\/\/diariodominicano.com\/wp-content\/uploads\/2025\/11\/Danilo-gobierno-PRM-devuelve-al-pais-al-pasado.-Nueva-carcel-inaugurada-no-es-una-obra-propia-del-actual-mandato-816x544.jpg 816w\" sizes=\"auto, (max-width: 994px) 100vw, 994px\" \/><\/figure>\n<\/figure>\n\n\n\n<p>El exmandatario record\u00f3 que el complejo penitenciario incluye 87 edificios, iglesias, \u00e1reas deportivas, espacios productivos y centros comunitarios todo construido durante su gesti\u00f3n de gobierno; reiterando que las autoridades actuales solo \u201cle cambiaron el color y le cambiaron el nombre\u201d.<\/p>\n\n\n\n<p>Consultado sobre las denuncias del senador oficialista de la provincia Duarte, quien afirm\u00f3 que se han distribuido ayudas gubernamentales de forma fraudulenta tras el paso de recientes tormentas, Medina respondi\u00f3 de manera enf\u00e1tica: \u201cSi \u00e9l lo dice, \u00bfsabe por qu\u00e9 lo dice?\u201d, sugiriendo que las declaraciones del legislador tienen sustento en situaciones reales que afectan a los productores de la zona.<\/p>\n\n\n\n<p>En materia educativa, el presidente del PLD critic\u00f3 lo que calific\u00f3 como un claro retroceso en la organizaci\u00f3n del sistema escolar dominicano, recordando que la construcci\u00f3n de miles de aulas durante los gobiernos del PLD permiti\u00f3 ampliar la cobertura y mejorar la calidad educativa.<\/p>\n\n\n\n<p>\u201c\u00bfPor qu\u00e9 est\u00e1n fuera del sistema escolar? Porque no tienen aulas. El gobierno lo que ha hecho es devolverlos al pasado, ahora est\u00e1n creando dos tandas para poder tener dos grupos de dos horas y media de clase y as\u00ed no se forman los estudiantes\u201d, afirm\u00f3 Medina.<\/p>\n\n\n\n<p>El ex gobernante sostuvo que la visi\u00f3n educativa de su administraci\u00f3n siempre fue fortalecer la jornada extendida.<\/p>\n\n\n\n<p>\u201cNosotros quer\u00edamos ocho horas para los ni\u00f1os, con alimentaci\u00f3n escolar para desarrollar su cerebro a nivel de que no se duerman en las clases\u201d, record\u00f3, destacando la importancia del tiempo pedag\u00f3gico y la nutrici\u00f3n escolar como pilares del aprendizaje.<\/p>\n\n\n\n<p>En el discurso que pronunci\u00f3 para cerrar la asamblea revel\u00f3 que el Partido de la Liberaci\u00f3n Dominicana ya est\u00e1 compitiendo por el primer lugar de la preferencia en el electorado dominicano.<\/p>\n\n\n\n<p>Dijo que el Partido de la Liberaci\u00f3n Dominicana&nbsp; es un caballo de carrera preparado para competir y ganar: \u00abHoy el Partido est\u00e1 preparado&nbsp; para la competencia. Solo nos falta el jinete. Y lo vamos a escoger. Pronto tendremos un jinete para comenzar la lucha por la Presidencia de la Rep\u00fablica\u201d<\/p>\n\n\n\n<p>Johnny Pujols, secretario general, quien antecedi\u00f3 a Danilo Medina en sus palabras dijo, a prop\u00f3sito de la cercan\u00eda de la fecha aniversario del PLD,&nbsp;&nbsp; que esa organizaci\u00f3n surgi\u00f3 para estar al lado del pueblo.<\/p>\n\n\n\n<p>Dijo que ya el Partido se ha sacudido el polvo y est\u00e1 preparado para defender al pueblo dominicano del retroceso que lo ha conducido la gesti\u00f3n del PRM<\/p>\n\n\n\n<p>Reiter\u00f3 que ya se siente en el \u00e1nimo popular el seguro triunfo del PLD en las venideras elecciones y la derrota del PRM.<\/p>\n\n\n\n<p>Curso de la Asamblea<\/p>\n\n\n\n<p>El amplio sal\u00f3n del Club El Mayorista en San Francisco de Macor\u00eds, atestado de miembros y militantes del PLD de los distritos municipales y municipios de la provincia Duarte,&nbsp; fue el escenario para las consignas y proclamas para el regreso al Gobierno del Partido de la Liberaci\u00f3n Dominicana, porque en el Gobierno del PLD, se viv\u00eda mejor.<\/p>\n\n\n\n<p>Junto a Danilo Medina y Johnny Pujols presidieron el encuentro peledeista, los vicepresidentes del PLD,&nbsp; Yvan Lorenzo y Zoraima Cuello, el Presidente provincial,&nbsp; Luis Yanguela, el municipal, Luis Rosario, los miembros fundadores del PLD, Juan Ocatvio Ceballos y Juan ( Juanito ) Antigua, los ex diputados, Miledys Nu\u00f1ez&nbsp; y Yerri Acosta , los municipalistas Katty Rodriguez, Fermin Sanchez, Jose Flores Burgos y Ruddy Sosa y Mayobanex Escoto, Secretario de Organizaci\u00f3n.<\/p>\n\n\n\n<p>Los miembros del Comit\u00e9 Pol\u00edtico presentes fueron Francisco Dom\u00ednguez Brito, Radham\u00e9s Camacho, Robert De la Cruz, Luis Alberto Tejeda, Alexis Lantigua, Thelma Eusebio, Kenia Lora, Juan Ariel Jim\u00e9nez, Walter Musa y H\u00e9ctor Olivo.<\/p>\n\n\n\n<p>Domitila Acosta (Fini) dedic\u00f3 la asamblea a Dios, mediante una oraci\u00f3n , confirmando as\u00ed el esp\u00edritu cristiano, predominante en Rep\u00fablica Dominicana.<\/p>\n\n\n\n<p>Las palabras de bienvenida estuvieron a cargo del Presidente del PLD en San Francisco de Macor\u00eds, Luis Rosario , quien aprovech\u00f3 la celebraci\u00f3n del D\u00eda de la Familia, para afirmar que la familia Pelede\u00edsta en la provincia Duarte ha renacido y se prepara para alcanzar el poder.<\/p>\n\n\n\n<p>El Presidente de la provincia Luis Yang\u00fcela , recurri\u00f3 al lenguaje gr\u00e1fico para comparar los logros del gobierno de Danilo Medina con la desastrosa gesti\u00f3n del PRM, present\u00f3 un racimo de pl\u00e1tanos grandes, comparados con una mano de dicho alimento , significando que con los recursos que se compra hoy&nbsp; unos cuantos pl\u00e1tanos, antes se&nbsp; compraba un racimo, los propio hizo&nbsp; con el arroz y el aceite, recurri\u00f3&nbsp; un cable el\u00e9ctrico para afirmar&nbsp; que cuando el PLD vuelva al Gobierno, tendr\u00e1 que empujarlo&nbsp; con electricidad<\/p>\n\n\n\n<p>Alrededor de ciento cincuenta (150) j\u00f3venes, nuevos votantes en su mayor\u00eda ingresaron al PLD luego del juramento a cargo del Presidente Danilo Medina, quien jurament\u00f3 a decenas de antiguos miembros, que regresan a la organizaci\u00f3n pol\u00edtica.<\/p>\n\n\n\n<p>A nombre de los juramentados habl\u00f3 el joven Juan Mendoza, quien&nbsp; explic\u00f3 que se hizo adulto observando las grandes obras y realizaciones del PLD y los programas sociales y de apoyo a la juventud que emprendi\u00f3. De los peledeistas que regresan al PLD, luego de pasar por la frustraci\u00f3n de estar en el PRM,&nbsp; habl\u00f3 el ex alcalde&nbsp; de las Guaranas, Samuel Recio, quien defini\u00f3 a Danilo Medina como el mejor Presidente que ha tenido el pa\u00eds.<\/p>\n\n\n\n<p>Dixon Fern\u00e1ndez, miembro del PLD y H\u00e9ctor Olivo, miembro del Comit\u00e9 Pol\u00edtico, compartieron la conducci\u00f3n de la asamblea, que inici\u00f3&nbsp; y concluy\u00f3&nbsp; pronunciado el lema partidario \u201cServir al Partido para Servir al Pueblo\u201d<\/p>\n\n\n\n<p>SECRETAR\u00cdA DE COMUNICACIONES<\/p>\n","protected":false},"excerpt":{"rendered":"<p>El expresidente dominicano y presidente del PLD denuncia improvisaci\u00f3n gubernamental y alerta sobre retrocesos en la gesti\u00f3n p\u00fablica y educaci\u00f3n El expresidente de la Rep\u00fablica y presidente del Partido de la Liberaci\u00f3n Dominicana (PLD), Danilo Medina, encabez\u00f3 este domingo la Asamblea de Miembros y Militantes del PLD en la provincia Duarte, donde fij\u00f3 posici\u00f3n sobre [&hellip;]<\/p>\n","protected":false},"author":7,"featured_media":650690,"comment_status":"closed","ping_status":"closed","sticky":true,"template":"","format":"standard","meta":{"footnotes":""},"categories":[22,27],"tags":[175,101],"class_list":["post-650646","post","type-post","status-publish","format-standard","has-post-thumbnail","hentry","category-politica","category-portada","tag-pld","tag-prm"],"_links":{"self":[{"href":"https:\/\/diariodominicano.com\/index.php?rest_route=\/wp\/v2\/posts\/650646","targetHints":{"allow":["GET"]}}],"collection":[{"href":"https:\/\/diariodominicano.com\/index.php?rest_route=\/wp\/v2\/posts"}],"about":[{"href":"https:\/\/diariodominicano.com\/index.php?rest_route=\/wp\/v2\/types\/post"}],"author":[{"embeddable":true,"href":"https:\/\/diariodominicano.com\/index.php?rest_route=\/wp\/v2\/users\/7"}],"replies":[{"embeddable":true,"href":"https:\/\/diariodominicano.com\/index.php?rest_route=%2Fwp%2Fv2%2Fcomments&post=650646"}],"version-history":[{"count":1,"href":"https:\/\/diariodominicano.com\/index.php?rest_route=\/wp\/v2\/posts\/650646\/revisions"}],"predecessor-version":[{"id":650692,"href":"https:\/\/diariodominicano.com\/index.php?rest_route=\/wp\/v2\/posts\/650646\/revisions\/650692"}],"wp:featuredmedia":[{"embeddable":true,"href":"https:\/\/diariodominicano.com\/index.php?rest_route=\/wp\/v2\/media\/650690"}],"wp:attachment":[{"href":"https:\/\/diariodominicano.com\/index.php?rest_route=%2Fwp%2Fv2%2Fmedia&parent=650646"}],"wp:term":[{"taxonomy":"category","embeddable":true,"href":"https:\/\/diariodominicano.com\/index.php?rest_route=%2Fwp%2Fv2%2Fcategories&post=650646"},{"taxonomy":"post_tag","embeddable":true,"href":"https:\/\/diariodominicano.com\/index.php?rest_route=%2Fwp%2Fv2%2Ftags&post=650646"}],"curies":[{"name":"wp","href":"https:\/\/api.w.org\/{rel}","templated":true}]}}