{"id":650618,"date":"2025-11-23T02:09:03","date_gmt":"2025-11-23T06:09:03","guid":{"rendered":"https:\/\/diariodominicano.com\/?p=650618"},"modified":"2025-11-23T13:40:34","modified_gmt":"2025-11-23T17:40:34","slug":"presidente-abinader-anuncia-soluciones-a-problemas-de-alcantarillado-agua-potable-y-electricidad-en-higuey","status":"publish","type":"post","link":"https:\/\/diariodominicano.com\/?p=650618","title":{"rendered":"Presidente Abinader anuncia soluciones a problemas de alcantarillado, agua potable y electricidad en Hig\u00fcey"},"content":{"rendered":"\n<h3 class=\"wp-block-heading\">Tambi\u00e9n se llevar\u00e1n soluciones en materia de educaci\u00f3n, salud, obras p\u00fablicas, deportes, cultura.<\/h3>\n\n\n\n<p>Hig\u00fcey, RD.-&nbsp;<strong>El presidente Luis Abinader<\/strong>&nbsp;encabez\u00f3 el s\u00e1bado &nbsp;<strong>encuentro con comunitarios<\/strong>&nbsp;hig\u00fceyanos a quienes anunci\u00f3, junto con&nbsp;<strong>Wellington Arnaud<\/strong>, director del&nbsp;<strong>Inapa<\/strong>, soluciones de&nbsp;<strong>alcantarillado y agua potable<\/strong>, las cuales consideran sus&nbsp;<strong>mayores necesidades<\/strong>.<\/p>\n\n\n\n<p>El  jefe de Estado tambi\u00e9n  comunic\u00f3 que se realizan inversiones importantes para mejorar la&nbsp;<strong>eficiencia energ\u00e9tica<\/strong>&nbsp;y resalt\u00f3 la necesidad de crear&nbsp;<strong>planes de emergencia para ambos sectores<\/strong>, de manera que se puedan ofrecer&nbsp;<strong>respuestas oportunas<\/strong>&nbsp;a la poblaci\u00f3n.<\/p>\n\n\n\n<p>En una nueva entrega de \u201c<strong>El Gobierno Contigo\u201d<\/strong>, celebrada en Hig\u00fcey, La Altagracia, el presidente Abinader indic\u00f3 que el desarrollo en esta zona no tiene precedentes, al tratarse de la&nbsp;<strong>provincia de mayor crecimiento del pa\u00eds,&nbsp;<\/strong>lo cual ha<strong>&nbsp;<\/strong>creado un&nbsp;<strong>desbalance<\/strong>&nbsp;importante entre los&nbsp;<strong>servicios p\u00fablicos<\/strong>&nbsp;y las&nbsp;<strong>necesidades de la gente<\/strong>, por lo que continuar\u00e1n trabajando arduamente para alcanzar soluciones a corto, mediano y largo plazo.<\/p>\n\n\n\n<figure class=\"wp-block-image\"><img decoding=\"async\" src=\"https:\/\/www.presidencia.gob.do\/sites\/default\/files\/inline-images\/1000999411.jpg\" alt=\"\"\/><\/figure>\n\n\n\n<p>Estos encuentros persiguen la&nbsp;<strong>identificaci\u00f3n de los problemas prioritarios<\/strong>&nbsp;en las zonas visitadas, adem\u00e1s de&nbsp;<strong>pasar balance<\/strong>&nbsp;a las obras que se llevan a cabo y las que a\u00fan hacen falta.<\/p>\n\n\n\n<p>Wellington Arnaud manifest\u00f3 que en el mes de&nbsp;<strong>diciembre<\/strong>&nbsp;se lanzar\u00e1 la&nbsp;<strong>licitaci\u00f3n<\/strong>&nbsp;para el&nbsp;<strong>anhelado alcantarillado sanitario de Hig\u00fcey,<\/strong>&nbsp;para una inversi\u00f3n de&nbsp;<strong>USD 124 millones<\/strong>, abarcando m\u00e1s de 200 kil\u00f3metros de tuber\u00edas y una nueva planta de tratamiento.<\/p>\n\n\n\n<p>Para la soluci\u00f3n del agua potable, el titular del Inapa revel\u00f3 que este mes de&nbsp;<strong>noviembre<\/strong>&nbsp;iniciar\u00e1 la&nbsp;<strong>licitaci\u00f3n del acueducto del Cerro<\/strong>, que permitir\u00e1&nbsp;<strong>independizar 36 barrios<\/strong>&nbsp;del acueducto de Hig\u00fcey para eficientizar la distribuci\u00f3n. Esta obra iniciar\u00eda en 2026.<\/p>\n\n\n\n<p>Asimismo, el directorio del Banco Interamericano de Desarrollo&nbsp;<strong>(BID)<\/strong>&nbsp;aprob\u00f3 el&nbsp;<strong>financiamiento del alcantarillado y acueducto de Ver\u00f3n<\/strong>, a iniciar a mediados de 2026.<\/p>\n\n\n\n<p>Con un&nbsp;<strong>amplio programa a desarrollar por el Inapa<\/strong>, el presidente Abinader solicit\u00f3 la entrega de un&nbsp;<strong>cronograma de soluciones<\/strong>&nbsp;detallado, con el objetivo de comunicar de manera efectiva a la poblaci\u00f3n las acciones del Gobierno para su beneficio.<\/p>\n\n\n\n<p>Para mejorar la eficiencia del servicio el\u00e9ctrico en esta demarcaci\u00f3n, el mandatario resalt\u00f3 que se reforzar\u00e1n las&nbsp;<strong>inversiones en l\u00edneas, transformadores y subestaciones<\/strong>. En este sentido, se inform\u00f3 que ya hubo un&nbsp;<strong>aumento de 79 a 146 transformadores<\/strong>&nbsp;y se proyecta alcanzar los 240 para 2028.<\/p>\n\n\n\n<p><strong>Nuevas aulas, circunvalaci\u00f3n La Otra Banda y Hospital de Ver\u00f3n<\/strong><\/p>\n\n\n\n<p>En el&nbsp;<strong>sector de educaci\u00f3n<\/strong>, el Gobierno proyecta entregar para 2026&nbsp;<strong>m\u00e1s de 230 aulas<\/strong>&nbsp;distribuidas en nuevas escuelas y diversos centros educativos a ser remozados. Mientras, en el&nbsp;<strong>sector de salud<\/strong>, se indic\u00f3 que el&nbsp;<strong>Hospital de Ver\u00f3n<\/strong>&nbsp;ser\u00e1 terminado en junio de 2026.<\/p>\n\n\n\n<p>De su lado, el ministro de Obras P\u00fablicas,&nbsp;<strong>Eduardo Estrella<\/strong>, indic\u00f3 que la&nbsp;<strong>circunvalaci\u00f3n La Otra Banda<\/strong>&nbsp;ser\u00eda entregada en un per\u00edodo de 14 meses para&nbsp;<strong>mejorar la movilidad<\/strong>&nbsp;en la provincia y adelant\u00f3 que los&nbsp;<strong>muros de gaviones<\/strong>&nbsp;ya terminados&nbsp;<strong>est\u00e1n dando buenos resultados<\/strong>, evitando inundaciones en las comunidades circundantes. Se contin\u00faa, adem\u00e1s, con los programas de&nbsp;<strong>asfaltado y bacheo<\/strong>, as\u00ed como la recuperaci\u00f3n de la&nbsp;<strong>carretera del Coral<\/strong>.<\/p>\n\n\n\n<figure class=\"wp-block-image\"><img decoding=\"async\" src=\"https:\/\/www.presidencia.gob.do\/sites\/default\/files\/inline-images\/1000999263.jpg\" alt=\"\"\/><\/figure>\n\n\n\n<p>Posteriormente, tras escuchar las&nbsp;<strong>necesidades en el \u00e1rea deportiva<\/strong>, el jefe de Estado orden\u00f3 el levantamiento de&nbsp;<strong>canchas e instalaciones requeridas<\/strong>, con el fin de hacer un&nbsp;<strong>aporte especial<\/strong>&nbsp;que beneficie el sano desarrollo y esparcimiento de ni\u00f1os y j\u00f3venes.<\/p>\n\n\n\n<p>De igual forma, record\u00f3 que se est\u00e1 construyendo&nbsp;<strong>una nueva c\u00e1rcel<\/strong>&nbsp;y se est\u00e1 terminando<strong>&nbsp;el<\/strong>&nbsp;<strong>mercado.<\/strong><\/p>\n\n\n\n<p>El \u201cGobierno Contigo\u201d, que tuvo lugar en el polideportivo Leo Tav\u00e1rez, crea un espacio de&nbsp;<strong>conversaci\u00f3n cercana y directa con la comunidad,<\/strong>&nbsp;permitiendo as\u00ed agilizar la b\u00fasqueda de soluciones a problem\u00e1ticas que afectan poblaciones vulnerables.<\/p>\n\n\n\n<p>All\u00ed, representantes de la comunidad expresaron tambi\u00e9n la necesidad de reparaci\u00f3n de&nbsp;<strong>viviendas<\/strong>, un nuevo cuerpo de&nbsp;<strong>bomberos<\/strong>, la reparaci\u00f3n de&nbsp;<strong>puentes<\/strong>,&nbsp;<strong>autobuses<\/strong>&nbsp;para los pastores, salones&nbsp;<strong>multiusos<\/strong>, una&nbsp;<strong>plaza<\/strong>&nbsp;de la cultura, autobuses para los deportistas, autob\u00fas y adaptaci\u00f3n de escuelas para&nbsp;<strong>ni\u00f1os con discapacidad<\/strong>, unidad de&nbsp;<strong>patolog\u00eda forense<\/strong>, un&nbsp;<strong>centro oncol\u00f3gico<\/strong>, entre otras.<\/p>\n\n\n\n<p><strong>Supervisa programa de asfaltado y jornada de inclusi\u00f3n social<\/strong><\/p>\n\n\n\n<p>El mandatario inici\u00f3 su jornada sabatina supervisando el&nbsp;<strong>programa de asfaltado en el sector Los Morales<\/strong>, donde se ejecutan mejoras en calles y v\u00edas p\u00fablicas para fortalecer la movilidad y el desarrollo urbano.<\/p>\n\n\n\n<p>Los trabajos abarcan los sectores Los Morales, Don Fello, El\u00edas Mar\u00eda Montes, Los Molinos, Las Caobas, La Malena y Villa Mar\u00eda, con la intervenci\u00f3n de&nbsp;<strong>10.23 kil\u00f3metros de calles<\/strong>, adem\u00e1s de la construcci\u00f3n de&nbsp;<strong>aceras y contenes<\/strong>&nbsp;a cargo del Ministerio de Obras P\u00fablicas y Comunicaciones y la Alcald\u00eda de Hig\u00fcey.<\/p>\n\n\n\n<p>La inversi\u00f3n estimada en estas obras asciende a&nbsp;<strong>RD150 millones<\/strong>, recursos destinados a garantizar una intervenci\u00f3n integral que impacte de manera directa en la calidad de vida de los residentes.<\/p>\n\n\n\n<p>Luego, el jefe de Estado se traslad\u00f3 al Liceo Juan Pablo Duarte, en el sector Los Soto, para supervisar la&nbsp;<strong>jornada de inclusi\u00f3n social<\/strong>&nbsp;realizada por la Direcci\u00f3n de Proyectos Estrat\u00e9gicos y Especiales de la Presidencia&nbsp;<strong>(Propeep)<\/strong>&nbsp;en beneficio de los residentes de la demarcaci\u00f3n.<\/p>\n\n\n\n<p>Al dirigirse a los presentes, el mandatario reiter\u00f3 que el programa honra su nombre,&nbsp;<strong>\u00abPrimero T\u00fa\u00bb<\/strong>, porque coloca a&nbsp;<strong>los ciudadanos en el centro de las acciones del Gobierno<\/strong>. Exhort\u00f3 a los asistentes a acudir a las entidades que ofrecen servicios, record\u00e1ndoles que est\u00e1n ah\u00ed para brindarles atenci\u00f3n de manera permanente.<\/p>\n\n\n\n<p><em>\u201cVayan a cada una de esas oficinas, investiguen de qu\u00e9 se trata, investiguen qu\u00e9 ofrecen. Traigan a otras personas y sepan que no es solamente en el d\u00eda de hoy, sino que esas oficinas y esos servicios p\u00fablicos est\u00e1n siempre dispuestos a ayudar y a solucionar los problemas de la gente\u201d,<\/em>&nbsp;expres\u00f3 el presidente Abinader.<\/p>\n\n\n\n<p>Con informaci\u00f3n de la Presidencia de la Rep\u00fablica Dominicana.<\/p>\n","protected":false},"excerpt":{"rendered":"<p>Tambi\u00e9n se llevar\u00e1n soluciones en materia de educaci\u00f3n, salud, obras p\u00fablicas, deportes, cultura. Hig\u00fcey, RD.-&nbsp;El presidente Luis Abinader&nbsp;encabez\u00f3 el s\u00e1bado &nbsp;encuentro con comunitarios&nbsp;hig\u00fceyanos a quienes anunci\u00f3, junto con&nbsp;Wellington Arnaud, director del&nbsp;Inapa, soluciones de&nbsp;alcantarillado y agua potable, las cuales consideran sus&nbsp;mayores necesidades. El jefe de Estado tambi\u00e9n comunic\u00f3 que se realizan inversiones importantes para mejorar la&nbsp;eficiencia [&hellip;]<\/p>\n","protected":false},"author":2,"featured_media":650619,"comment_status":"closed","ping_status":"closed","sticky":true,"template":"","format":"standard","meta":{"footnotes":""},"categories":[20,27],"tags":[3049,1854],"class_list":["post-650618","post","type-post","status-publish","format-standard","has-post-thumbnail","hentry","category-dominicana-hoy","category-portada","tag-higuey","tag-presidente-abinader"],"_links":{"self":[{"href":"https:\/\/diariodominicano.com\/index.php?rest_route=\/wp\/v2\/posts\/650618","targetHints":{"allow":["GET"]}}],"collection":[{"href":"https:\/\/diariodominicano.com\/index.php?rest_route=\/wp\/v2\/posts"}],"about":[{"href":"https:\/\/diariodominicano.com\/index.php?rest_route=\/wp\/v2\/types\/post"}],"author":[{"embeddable":true,"href":"https:\/\/diariodominicano.com\/index.php?rest_route=\/wp\/v2\/users\/2"}],"replies":[{"embeddable":true,"href":"https:\/\/diariodominicano.com\/index.php?rest_route=%2Fwp%2Fv2%2Fcomments&post=650618"}],"version-history":[{"count":3,"href":"https:\/\/diariodominicano.com\/index.php?rest_route=\/wp\/v2\/posts\/650618\/revisions"}],"predecessor-version":[{"id":650655,"href":"https:\/\/diariodominicano.com\/index.php?rest_route=\/wp\/v2\/posts\/650618\/revisions\/650655"}],"wp:featuredmedia":[{"embeddable":true,"href":"https:\/\/diariodominicano.com\/index.php?rest_route=\/wp\/v2\/media\/650619"}],"wp:attachment":[{"href":"https:\/\/diariodominicano.com\/index.php?rest_route=%2Fwp%2Fv2%2Fmedia&parent=650618"}],"wp:term":[{"taxonomy":"category","embeddable":true,"href":"https:\/\/diariodominicano.com\/index.php?rest_route=%2Fwp%2Fv2%2Fcategories&post=650618"},{"taxonomy":"post_tag","embeddable":true,"href":"https:\/\/diariodominicano.com\/index.php?rest_route=%2Fwp%2Fv2%2Ftags&post=650618"}],"curies":[{"name":"wp","href":"https:\/\/api.w.org\/{rel}","templated":true}]}}