{"id":650374,"date":"2025-11-21T22:04:17","date_gmt":"2025-11-22T02:04:17","guid":{"rendered":"https:\/\/diariodominicano.com\/?p=650374"},"modified":"2025-11-21T22:09:46","modified_gmt":"2025-11-22T02:09:46","slug":"presidente-abinader-lleva-gobierno-contigo-este-sabado-a-higuey-la-altagracia","status":"publish","type":"post","link":"https:\/\/diariodominicano.com\/?p=650374","title":{"rendered":"Presidente Abinader lleva \u201cGobierno Contigo\u201d este s\u00e1bado a Hig\u00fcey, La Altagracia"},"content":{"rendered":"\n<p>En el recorrido el mandatario realizar\u00e1 visita de supervisi\u00f3n al programa de asfaltado; jornada de Propeep y a un puesto de Inespre.<\/p>\n\n\n\n<p>Santo Domingo.- El presidente Luis Abinader llevar\u00e1 este s\u00e1bado el programa Gobierno Contigo\u201d a Hig\u00fcey, La Altagracia, para acercarse a los ciudadanos, conocer sus necesidades y poner en marcha programas que impulsen el desarrollo productivo, el bienestar social y la mejora de la infraestructura, garantizando que las pol\u00edticas p\u00fablicas lleguen de manera efectiva a toda la poblaci\u00f3n de la provincia.<\/p>\n\n\n\n<p>La actividad incluir\u00e1 diversas acciones en sectores clave de la ciudad, abarcando desde programas de asfaltado y mejoras en la infraestructura, hasta jornadas de inclusi\u00f3n social y apoyo directo a productores locales, con el objetivo de impactar positivamente la vida de los residentes.<\/p>\n\n\n\n<p>La agenda del mandatario iniciar\u00e1 a las 1200 del mediod\u00eda con una visita al Programa de Asfaltado en el Sector Los Morales, donde supervisar\u00e1 los trabajos de mejora en las calles y v\u00edas p\u00fablicas. Esta actividad refleja el compromiso del gobierno con el desarrollo urbano y la mejora de la movilidad en los distintos barrios, garantizando que las comunidades cuenten con infraestructuras m\u00e1s seguras y funcionales.<\/p>\n\n\n\n<p>Posteriormente, el gobernante se trasladar\u00e1 al Liceo Juan Pablo Duarte, en el Sector Los Soto, para participar en la Jornada de Inclusi\u00f3n Social que desarrolla la Direcci\u00f3n General de Proyectos Estrat\u00e9gicos y Especiales de la Presidencia (Propeep), donde se promueven programas destinados a facilitar el acceso a servicios b\u00e1sicos y oportunidades para grupos vulnerables. Esta iniciativa busca reducir brechas sociales y garantizar que los beneficios del Estado lleguen de manera efectiva a quienes m\u00e1s lo necesitan.<\/p>\n\n\n\n<p>Asimismo, el mandatario visitar\u00e1 un puesto del Instituto de Estabilizaci\u00f3n de Precios (Inespre) en el Sector La Aviaci\u00f3n, con el prop\u00f3sito de supervisar la distribuci\u00f3n de alimentos a precios accesibles para los ciudadanos. Esta acci\u00f3n se enmarca en los esfuerzos del gobierno por fortalecer la seguridad alimentaria y garantizar que productos esenciales lleguen a la poblaci\u00f3n de manera eficiente y equitativa.<\/p>\n\n\n\n<p>La agenda culminar\u00e1 con una asamblea con los comunitarios en el Polideportivo Leo Tav\u00e1rez, un espacio donde el mandatario dialogar\u00e1 directamente con los residentes de los distintos sectores, escuchar\u00e1 sus inquietudes y presentar\u00e1 los programas y proyectos que el gobierno implementa en la provincia. Esta actividad refuerza la filosof\u00eda de \u201cGobierno Contigo\u201d, centrada en la cercan\u00eda con la gente y la transparencia en la gesti\u00f3n p\u00fablica.<\/p>\n\n\n\n<p>Direcci\u00f3n de Prensa del Presidente<\/p>\n","protected":false},"excerpt":{"rendered":"<p>En el recorrido el mandatario realizar\u00e1 visita de supervisi\u00f3n al programa de asfaltado; jornada de Propeep y a un puesto de Inespre. Santo Domingo.- El presidente Luis Abinader llevar\u00e1 este s\u00e1bado el programa Gobierno Contigo\u201d a Hig\u00fcey, La Altagracia, para acercarse a los ciudadanos, conocer sus necesidades y poner en marcha programas que impulsen el [&hellip;]<\/p>\n","protected":false},"author":7,"featured_media":650392,"comment_status":"closed","ping_status":"closed","sticky":true,"template":"","format":"standard","meta":{"footnotes":""},"categories":[20,32],"tags":[3049,3090,1854],"class_list":["post-650374","post","type-post","status-publish","format-standard","has-post-thumbnail","hentry","category-dominicana-hoy","category-turismo","tag-higuey","tag-la-altagracia","tag-presidente-abinader"],"_links":{"self":[{"href":"https:\/\/diariodominicano.com\/index.php?rest_route=\/wp\/v2\/posts\/650374","targetHints":{"allow":["GET"]}}],"collection":[{"href":"https:\/\/diariodominicano.com\/index.php?rest_route=\/wp\/v2\/posts"}],"about":[{"href":"https:\/\/diariodominicano.com\/index.php?rest_route=\/wp\/v2\/types\/post"}],"author":[{"embeddable":true,"href":"https:\/\/diariodominicano.com\/index.php?rest_route=\/wp\/v2\/users\/7"}],"replies":[{"embeddable":true,"href":"https:\/\/diariodominicano.com\/index.php?rest_route=%2Fwp%2Fv2%2Fcomments&post=650374"}],"version-history":[{"count":1,"href":"https:\/\/diariodominicano.com\/index.php?rest_route=\/wp\/v2\/posts\/650374\/revisions"}],"predecessor-version":[{"id":650393,"href":"https:\/\/diariodominicano.com\/index.php?rest_route=\/wp\/v2\/posts\/650374\/revisions\/650393"}],"wp:featuredmedia":[{"embeddable":true,"href":"https:\/\/diariodominicano.com\/index.php?rest_route=\/wp\/v2\/media\/650392"}],"wp:attachment":[{"href":"https:\/\/diariodominicano.com\/index.php?rest_route=%2Fwp%2Fv2%2Fmedia&parent=650374"}],"wp:term":[{"taxonomy":"category","embeddable":true,"href":"https:\/\/diariodominicano.com\/index.php?rest_route=%2Fwp%2Fv2%2Fcategories&post=650374"},{"taxonomy":"post_tag","embeddable":true,"href":"https:\/\/diariodominicano.com\/index.php?rest_route=%2Fwp%2Fv2%2Ftags&post=650374"}],"curies":[{"name":"wp","href":"https:\/\/api.w.org\/{rel}","templated":true}]}}