{"id":650086,"date":"2025-11-20T10:20:35","date_gmt":"2025-11-20T14:20:35","guid":{"rendered":"https:\/\/diariodominicano.com\/?p=650086"},"modified":"2025-11-29T17:28:47","modified_gmt":"2025-11-29T21:28:47","slug":"ex-senador-rafael-calderon-cuestiona-sentencia-del-tc-sobre-ff-aa-y-p-n-exige-respeto-al-articulo-55-de-la-constitucion","status":"publish","type":"post","link":"https:\/\/diariodominicano.com\/?p=650086","title":{"rendered":"Ex senador Rafael Calder\u00f3n cuestiona sentencia del TC Sobre FF.AA. y P.N.; Exige Respeto al Art\u00edculo 55 de la Constituci\u00f3n"},"content":{"rendered":"\n<p>Santo Domingo, D.N.- El ex senador de Azua y miembro del Comit\u00e9 Central del PLD Rafael Calder\u00f3n cuestion\u00f3 la reciente sentencia del Tribunal Constitucional (TC) que declar\u00f3 inconstitucionales las normativas que criminalizaban las relaciones sexuales consensuadas entre personas del mismo sexo en las Fuerzas Armadas y la Polic\u00eda Nacional.<\/p>\n\n\n\n<p>Calder\u00f3n se\u00f1al\u00f3 que si bien la sentencia se limita al \u00e1mbito disciplinario, sienta un peligroso precedente que amenaza el Art\u00edculo 55 de la Constituci\u00f3n Dominicana, el cual define claramente el matrimonio como la uni\u00f3n entre un hombre y una mujer.<\/p>\n\n\n\n<p>Calific\u00f3 de preocupante que el TC, bajo el manto de los derechos humanos, est\u00e9 erosionando el esp\u00edritu de la Carta Magna sin un debate legislativo leg\u00edtimo.<\/p>\n\n\n\n<p>\u00abExigimos al gobierno del PRM que detenga la apertura a agendas que buscan modificar la estructura fundamental de la familia dominicana. El Estado debe mantener un respeto irrestricto al texto constitucional que protege a la familia como n\u00facleo fundamental de nuestra sociedad,\u00bb afirm\u00f3 el tambi\u00e9n titular de la Secretar\u00eda de Cultura del PLD.<\/p>\n\n\n\n<p>Tambi\u00e9n critic\u00f3 la atenci\u00f3n puesta en esta sentencia mientras el pa\u00eds enfrenta crisis sociales y econ\u00f3micas urgentes.<\/p>\n\n\n\n<p>\u00abLa urgencia nacional es atender la inseguridad, la inflaci\u00f3n y el colapso de los servicios esenciales que afectan a la inmensa mayor\u00eda de las familias dominicanas\u00bb, enfatiz\u00f3.<\/p>\n\n\n\n<p>Reafirm\u00f3 su defensa de la ley natural y la doctrina de la Iglesia, la cual sostiene que el matrimonio es la uni\u00f3n exclusiva e invariable entre un hombre y una mujer.<\/p>\n\n\n\n<p>\u00abEsta decisi\u00f3n es una advertencia. Rechazamos categ\u00f3ricamente cualquier intento de utilizar este precedente para avanzar hacia la legalizaci\u00f3n del matrimonio igualitario, lo cual es contrario a nuestra fe y a los principios de la naci\u00f3n,\u00bb concluy\u00f3.<\/p>\n\n\n\n<p>Calder\u00f3n inst\u00f3 al Gobierno del PRM a reorientar sus prioridades hacia las verdaderas necesidades del pueblo y asegurar la protecci\u00f3n legal de la familia conforme a la Constituci\u00f3n.<\/p>\n\n\n\n<p>Rafael Calder\u00f3n<\/p>\n\n\n\n<p><a target=\"_blank\" href=\"mailto:r.calderonrc44@gmail.com\" rel=\"noreferrer noopener\">r.calderonrc44@gmail.com<\/a><\/p>\n","protected":false},"excerpt":{"rendered":"<p>Santo Domingo, D.N.- El ex senador de Azua y miembro del Comit\u00e9 Central del PLD Rafael Calder\u00f3n cuestion\u00f3 la reciente sentencia del Tribunal Constitucional (TC) que declar\u00f3 inconstitucionales las normativas que criminalizaban las relaciones sexuales consensuadas entre personas del mismo sexo en las Fuerzas Armadas y la Polic\u00eda Nacional. Calder\u00f3n se\u00f1al\u00f3 que si bien la [&hellip;]<\/p>\n","protected":false},"author":2,"featured_media":650087,"comment_status":"closed","ping_status":"closed","sticky":true,"template":"","format":"standard","meta":{"footnotes":""},"categories":[36,22,27],"tags":[2359],"class_list":["post-650086","post","type-post","status-publish","format-standard","has-post-thumbnail","hentry","category-hombresmujeresycosas","category-politica","category-portada","tag-senado"],"_links":{"self":[{"href":"https:\/\/diariodominicano.com\/index.php?rest_route=\/wp\/v2\/posts\/650086","targetHints":{"allow":["GET"]}}],"collection":[{"href":"https:\/\/diariodominicano.com\/index.php?rest_route=\/wp\/v2\/posts"}],"about":[{"href":"https:\/\/diariodominicano.com\/index.php?rest_route=\/wp\/v2\/types\/post"}],"author":[{"embeddable":true,"href":"https:\/\/diariodominicano.com\/index.php?rest_route=\/wp\/v2\/users\/2"}],"replies":[{"embeddable":true,"href":"https:\/\/diariodominicano.com\/index.php?rest_route=%2Fwp%2Fv2%2Fcomments&post=650086"}],"version-history":[{"count":1,"href":"https:\/\/diariodominicano.com\/index.php?rest_route=\/wp\/v2\/posts\/650086\/revisions"}],"predecessor-version":[{"id":650088,"href":"https:\/\/diariodominicano.com\/index.php?rest_route=\/wp\/v2\/posts\/650086\/revisions\/650088"}],"wp:featuredmedia":[{"embeddable":true,"href":"https:\/\/diariodominicano.com\/index.php?rest_route=\/wp\/v2\/media\/650087"}],"wp:attachment":[{"href":"https:\/\/diariodominicano.com\/index.php?rest_route=%2Fwp%2Fv2%2Fmedia&parent=650086"}],"wp:term":[{"taxonomy":"category","embeddable":true,"href":"https:\/\/diariodominicano.com\/index.php?rest_route=%2Fwp%2Fv2%2Fcategories&post=650086"},{"taxonomy":"post_tag","embeddable":true,"href":"https:\/\/diariodominicano.com\/index.php?rest_route=%2Fwp%2Fv2%2Ftags&post=650086"}],"curies":[{"name":"wp","href":"https:\/\/api.w.org\/{rel}","templated":true}]}}