{"id":649896,"date":"2025-11-19T11:13:21","date_gmt":"2025-11-19T15:13:21","guid":{"rendered":"https:\/\/diariodominicano.com\/?p=649896"},"modified":"2025-11-19T11:13:23","modified_gmt":"2025-11-19T15:13:23","slug":"testigo-del-tiempo-los-pueblos-seguiran-protestando","status":"publish","type":"post","link":"https:\/\/diariodominicano.com\/?p=649896","title":{"rendered":"Testigo del tiempo \/ Los pueblos seguir\u00e1n protestando"},"content":{"rendered":"\n<p>J.C. Malone<\/p>\n\n\n\n<p>Las recientes protestas en M\u00e9xico, que demandaron seguridad p\u00fablica a la presidenta Claudia Sheinbaum, no fueron \u201chechos aislados\u201d. En los \u00faltimos 12 meses, 142 pueblos se levantaron contra sus gobiernos, de acuerdo con el Carnegie Endowment for International Peace (Fondo Carnegie para la Paz Mundial).<\/p>\n\n\n\n<p>El mundo tiene 195 naciones; en 142, los pueblos se levantaron contra sus gobiernos; evidentemente, la \u201cdemocracia representativa\u201d sufre una crisis profunda, global. Protestas callejeras org\u00e1nicas, espont\u00e1neas, sin estructuras organizativas u organizaciones pol\u00edticas detr\u00e1s, destituyeron gobiernos en Sri Lanka, Nepal, Madagascar y Bangladesh.<\/p>\n\n\n\n<p>Los pueblos no se sienten \u201crepresentados\u201d por sus \u201crepresentantes\u201d: la \u201cdemocracia representativa\u201d fracas\u00f3 a nivel mundial. Los pueblos se hartaron de hacer filas para cambiar gobiernos sin cambiar su situaci\u00f3n real.<\/p>\n\n\n\n<p>El cuatro de julio pr\u00f3ximo se cumplen 250 a\u00f1os de la fundaci\u00f3n de los Estados Unidos, la principal democracia mundial, que inspir\u00f3 sistemas de gobierno similares.<\/p>\n\n\n\n<p>El pueblo estadounidense, inconforme con la clase pol\u00edtica, eligi\u00f3 a Donald Trump en 2016, un empresario sin experiencia ni ctrayectori pol\u00edtica. En 2020, inconforme con Trump, eligi\u00f3 a un pol\u00edtico tradicional, Joe Biden, que ten\u00eda casi medio siglo de experiencia en la pol\u00edtica cuando fue elegido.<\/p>\n\n\n\n<p>En 2024, el pueblo eligi\u00f3 a Trump nuevamente, y antes de cumplir un a\u00f1o gobernando, siete millones de estadounidenses tomaron las calles para protestar contra \u00e9l.<\/p>\n\n\n\n<p>No es un hombre ni el otro; es que el sistema solo funciona para empobrecer a los pobres y enriquecer a los ricos, sin satisfacer las expectativas populares. Nadie tiene fe en la democracia porque se redujo a elegir un gobierno, pagarle impuestos para que reparta el dinero con un grup\u00fasculo elitista microsc\u00f3pico.<\/p>\n\n\n\n<p>En Europa protestan contra la migraci\u00f3n indocumentada que sus gobiernos incentivaron.<\/p>\n\n\n\n<p>Seg\u00fan la ONU, en 2024 hab\u00eda 304 millones de inmigrantes en el mundo, en busca de mejores oportunidades, mayormente en pa\u00edses ricos, donde los ciudadanos demandan lo mismo.<\/p>\n\n\n\n<p>Sin garantizar oportunidades econ\u00f3micas ni seguridad p\u00fablica, los gobiernos no tienen raz\u00f3n de ser; la \u201cdemocracia representativa\u201d se reduce a una estafa vulgar. Los pueblos seguir\u00e1n protestando.<\/p>\n","protected":false},"excerpt":{"rendered":"<p>J.C. Malone Las recientes protestas en M\u00e9xico, que demandaron seguridad p\u00fablica a la presidenta Claudia Sheinbaum, no fueron \u201chechos aislados\u201d. En los \u00faltimos 12 meses, 142 pueblos se levantaron contra sus gobiernos, de acuerdo con el Carnegie Endowment for International Peace (Fondo Carnegie para la Paz Mundial). El mundo tiene 195 naciones; en 142, los [&hellip;]<\/p>\n","protected":false},"author":7,"featured_media":630598,"comment_status":"closed","ping_status":"closed","sticky":false,"template":"","format":"standard","meta":{"footnotes":""},"categories":[16],"tags":[1663],"class_list":["post-649896","post","type-post","status-publish","format-standard","has-post-thumbnail","hentry","category-opiniones","tag-j-c-malone"],"_links":{"self":[{"href":"https:\/\/diariodominicano.com\/index.php?rest_route=\/wp\/v2\/posts\/649896","targetHints":{"allow":["GET"]}}],"collection":[{"href":"https:\/\/diariodominicano.com\/index.php?rest_route=\/wp\/v2\/posts"}],"about":[{"href":"https:\/\/diariodominicano.com\/index.php?rest_route=\/wp\/v2\/types\/post"}],"author":[{"embeddable":true,"href":"https:\/\/diariodominicano.com\/index.php?rest_route=\/wp\/v2\/users\/7"}],"replies":[{"embeddable":true,"href":"https:\/\/diariodominicano.com\/index.php?rest_route=%2Fwp%2Fv2%2Fcomments&post=649896"}],"version-history":[{"count":1,"href":"https:\/\/diariodominicano.com\/index.php?rest_route=\/wp\/v2\/posts\/649896\/revisions"}],"predecessor-version":[{"id":649903,"href":"https:\/\/diariodominicano.com\/index.php?rest_route=\/wp\/v2\/posts\/649896\/revisions\/649903"}],"wp:featuredmedia":[{"embeddable":true,"href":"https:\/\/diariodominicano.com\/index.php?rest_route=\/wp\/v2\/media\/630598"}],"wp:attachment":[{"href":"https:\/\/diariodominicano.com\/index.php?rest_route=%2Fwp%2Fv2%2Fmedia&parent=649896"}],"wp:term":[{"taxonomy":"category","embeddable":true,"href":"https:\/\/diariodominicano.com\/index.php?rest_route=%2Fwp%2Fv2%2Fcategories&post=649896"},{"taxonomy":"post_tag","embeddable":true,"href":"https:\/\/diariodominicano.com\/index.php?rest_route=%2Fwp%2Fv2%2Ftags&post=649896"}],"curies":[{"name":"wp","href":"https:\/\/api.w.org\/{rel}","templated":true}]}}