{"id":649813,"date":"2025-11-19T00:57:16","date_gmt":"2025-11-19T04:57:16","guid":{"rendered":"https:\/\/diariodominicano.com\/?p=649813"},"modified":"2025-11-19T00:57:20","modified_gmt":"2025-11-19T04:57:20","slug":"apoteosis-panama-clasifica-a-mundial-de-futbol-2026","status":"publish","type":"post","link":"https:\/\/diariodominicano.com\/?p=649813","title":{"rendered":"Apoteosis: Panam\u00e1 clasifica a Mundial de f\u00fatbol 2026"},"content":{"rendered":"\n<p>Ciudad de Panam\u00e1, 18 nov (Prensa Latina) La apoteosis se apoder\u00f3 hoy de Panam\u00e1 al vencer a El Salvador (3-0) en partido que dio boleto a su segundo Mundial de f\u00fatbol-antes fue Rusia 2018-, el a\u00f1o pr\u00f3ximo en Estados Unidos, Canad\u00e1 y M\u00e9xico.<\/p>\n\n\n\n<ul class=\"wp-block-list\">\n<li><a href=\"https:\/\/www.prensa-latina.cu\/2025\/11\/18\/\"><time>noviembre 18, 2025 | 22:40<\/time><\/a><\/li>\n<\/ul>\n\n\n\n<ul class=\"wp-block-list\">\n<li><a href=\"https:\/\/www.prensa-latina.cu\/2025\/11\/18\/apoteosis-panama-clasifica-a-mundial-de-futbol-2026\/#\"><\/a><\/li>\n\n\n\n<li><a href=\"https:\/\/www.prensa-latina.cu\/2025\/11\/18\/apoteosis-panama-clasifica-a-mundial-de-futbol-2026\/#\"><\/a><\/li>\n\n\n\n<li><a href=\"https:\/\/www.prensa-latina.cu\/2025\/11\/18\/apoteosis-panama-clasifica-a-mundial-de-futbol-2026\/#\"><\/a><\/li>\n\n\n\n<li><a href=\"https:\/\/www.prensa-latina.cu\/2025\/11\/18\/apoteosis-panama-clasifica-a-mundial-de-futbol-2026\/#\"><\/a><\/li>\n<\/ul>\n\n\n\n<p>La alegr\u00eda desbordante de miles de fan\u00e1ticos sali\u00f3 desde el estadio capitalino Rommel Fern\u00e1ndez y se multiplic\u00f3 por plazas y parques de todo el pa\u00eds para celebrar los goles de C\u00e9sar Blackman (minuto 17), Eric Davis (Penal 45+3) y de Jos\u00e9 Luis Rodr\u00edguez ( 86) que le dio la estocada final a La Selecta.<\/p>\n\n\n\n<p>El triunfo arranc\u00f3 l\u00e1grimas al entrenador de La Roja, el hispano dan\u00e9s, Thomas Christiansen, que vio coronado el sue\u00f1o de llevar a la selecci\u00f3n nacional a la competencia mayor, su \u00fanico compromiso con la afici\u00f3n.<\/p>\n\n\n\n<p>La clasificaci\u00f3n del conjunto canalero se vio respaldada por una oportuna victoria de Guatemala sobre Surinam- que junto a Panam\u00e1 encabezaba el grupo A y ahora debe ir al repechaje en marzo- por marcador de 3-1 en el cierre de las eliminatorias de la Concacaf, un desaf\u00edo que siguieron en el istmo con la misma intensidad que el de sus locales.<\/p>\n\n\n\n<p>Fuegos artificiales por doquier, las avenidas invadidas por autos y sirenas celebrando la victoria, fueron apenas momentos de una explosi\u00f3n de j\u00fabilo y a la vez de tranquilidad para la roja centroamericana.<\/p>\n\n\n\n<p>El presidente de la Rep\u00fablica, Jos\u00e9 Ra\u00fal Mulino, se uni\u00f3 a la euforia nacional tras la clasificaci\u00f3n de Panam\u00e1 a su segundo Mundial de F\u00fatbol, enviando un mensaje de unidad, orgullo y celebraci\u00f3n al pa\u00eds.<\/p>\n\n\n\n<p>\u201cCelebremos en paz, todos unidos. Si ma\u00f1ana alguien llega tarde a trabajar, lo entendemos: es un patriota que festej\u00f3 hasta tarde el orgullo de ser paname\u00f1o\u201d, expres\u00f3 el mandatario, destacando que un logro de esta magnitud despierta un sentimiento colectivo dif\u00edcil de contener.<\/p>\n\n\n\n<p>A\u00f1adi\u00f3 que \u201cel orgullo nacional permite flexibilidad. Viva Panam\u00e1!!!!! Viva la Sele\u201d.<\/p>\n\n\n\n<p>A saber, ahora las selecciones de Panam\u00e1, Curazao y Hait\u00ed clasificaron al Mundial de 2026 al quedar primeros en sus respectivos grupos de la regi\u00f3n y elevaron a 42 el n\u00famero de participantes, de los 48 que formar\u00e1n el cartel.<\/p>\n\n\n\n<p>Por su parte, los equipos de Jamaica y Surinam ganaron el derecho a disputar la repesca intercontinental tras quedar como los dos mejores segundos en la zona.<\/p>\n\n\n\n<p>rgh\/ga<\/p>\n\n\n\n<ul class=\"wp-block-list\">\n<li>#<a href=\"https:\/\/www.prensa-latina.cu\/etiqueta\/futbol\/\">futbol<\/a><\/li>\n<\/ul>\n","protected":false},"excerpt":{"rendered":"<p>Ciudad de Panam\u00e1, 18 nov (Prensa Latina) La apoteosis se apoder\u00f3 hoy de Panam\u00e1 al vencer a El Salvador (3-0) en partido que dio boleto a su segundo Mundial de f\u00fatbol-antes fue Rusia 2018-, el a\u00f1o pr\u00f3ximo en Estados Unidos, Canad\u00e1 y M\u00e9xico. La alegr\u00eda desbordante de miles de fan\u00e1ticos sali\u00f3 desde el estadio capitalino [&hellip;]<\/p>\n","protected":false},"author":2,"featured_media":649814,"comment_status":"closed","ping_status":"closed","sticky":true,"template":"","format":"standard","meta":{"footnotes":""},"categories":[17],"tags":[],"class_list":["post-649813","post","type-post","status-publish","format-standard","has-post-thumbnail","hentry","category-deportes"],"_links":{"self":[{"href":"https:\/\/diariodominicano.com\/index.php?rest_route=\/wp\/v2\/posts\/649813","targetHints":{"allow":["GET"]}}],"collection":[{"href":"https:\/\/diariodominicano.com\/index.php?rest_route=\/wp\/v2\/posts"}],"about":[{"href":"https:\/\/diariodominicano.com\/index.php?rest_route=\/wp\/v2\/types\/post"}],"author":[{"embeddable":true,"href":"https:\/\/diariodominicano.com\/index.php?rest_route=\/wp\/v2\/users\/2"}],"replies":[{"embeddable":true,"href":"https:\/\/diariodominicano.com\/index.php?rest_route=%2Fwp%2Fv2%2Fcomments&post=649813"}],"version-history":[{"count":1,"href":"https:\/\/diariodominicano.com\/index.php?rest_route=\/wp\/v2\/posts\/649813\/revisions"}],"predecessor-version":[{"id":649815,"href":"https:\/\/diariodominicano.com\/index.php?rest_route=\/wp\/v2\/posts\/649813\/revisions\/649815"}],"wp:featuredmedia":[{"embeddable":true,"href":"https:\/\/diariodominicano.com\/index.php?rest_route=\/wp\/v2\/media\/649814"}],"wp:attachment":[{"href":"https:\/\/diariodominicano.com\/index.php?rest_route=%2Fwp%2Fv2%2Fmedia&parent=649813"}],"wp:term":[{"taxonomy":"category","embeddable":true,"href":"https:\/\/diariodominicano.com\/index.php?rest_route=%2Fwp%2Fv2%2Fcategories&post=649813"},{"taxonomy":"post_tag","embeddable":true,"href":"https:\/\/diariodominicano.com\/index.php?rest_route=%2Fwp%2Fv2%2Ftags&post=649813"}],"curies":[{"name":"wp","href":"https:\/\/api.w.org\/{rel}","templated":true}]}}