{"id":649734,"date":"2025-11-18T13:03:32","date_gmt":"2025-11-18T17:03:32","guid":{"rendered":"https:\/\/diariodominicano.com\/?p=649734"},"modified":"2025-11-18T13:04:09","modified_gmt":"2025-11-18T17:04:09","slug":"la-necesidad-de-trascender-y-su-impacto-en-la-salud-mental","status":"publish","type":"post","link":"https:\/\/diariodominicano.com\/?p=649734","title":{"rendered":"La necesidad de trascender y su impacto en la salud mental"},"content":{"rendered":"\n<p>Por&nbsp;Dr. Ram\u00f3n Ceballo<\/p>\n\n\n\n<p>Escrib\u00ed este art\u00edculo como una&nbsp;<strong>reflexi\u00f3n profunda<\/strong>&nbsp;para explorar, desde un&nbsp;<strong>an\u00e1lisis psicol\u00f3gico<\/strong>, c\u00f3mo el ser humano necesita un prop\u00f3sito para sostener su equilibrio emocional. Mi intenci\u00f3n es mostrar el&nbsp;<strong>v\u00ednculo directo entre el sentido de vida y la salud mental<\/strong><strong>,<\/strong>&nbsp;y c\u00f3mo su ausencia puede convertirse en una fuente silenciosa pero poderosa de sufrimiento.<\/p>\n\n\n\n<p>En medio de una \u00e9poca marcada por la incertidumbre, la prisa y la fragmentaci\u00f3n de los v\u00ednculos humanos, muchas personas experimentan una sensaci\u00f3n de vac\u00edo interior dif\u00edcil de explicar. No se trata de hambre, ni de carencias materiales; es algo m\u00e1s profundo, la&nbsp;necesidad de trascender, ese impulso interior de dar sentido a la existencia y de ir m\u00e1s all\u00e1 de uno mismo.<\/p>\n\n\n\n<p>Trascender significa&nbsp;superar los l\u00edmites de lo inmediato. No es solo vivir, sino vivir con prop\u00f3sito. Implica dejar huella, conectar con algo m\u00e1s grande: una causa, un ideal, una fe, una creaci\u00f3n o una misi\u00f3n personal.<\/p>\n\n\n\n<p>El psiquiatra Viktor Frankl, sobreviviente de los campos de concentraci\u00f3n nazis y fundador de la&nbsp;<em>logoterapia<\/em>, sosten\u00eda que el ser humano no busca \u00fanicamente placer o poder, sino&nbsp;sentido. Seg\u00fan \u00e9l, cuando una persona tiene un \u201cpor qu\u00e9\u201d, puede soportar casi cualquier \u201cc\u00f3mo\u201d. En otras palabras, encontrar un prop\u00f3sito da direcci\u00f3n, fuerza y estabilidad emocional.<\/p>\n\n\n\n<p>La necesidad de trascender se manifiesta por la b\u00fasqueda de sentido y puede adoptar m\u00faltiples formas. Hay quienes la expresan a trav\u00e9s de la&nbsp;espiritualidad o la fe, otros mediante el&nbsp;arte, el conocimiento o el servicio a los dem\u00e1s. Tambi\u00e9n se manifiesta en el deseo de&nbsp;formar familia, educar, crear, ense\u00f1ar o contribuir al bien com\u00fan.<\/p>\n\n\n\n<p>Cuando esta necesidad est\u00e1 satisfecha, el individuo suele sentirse en armon\u00eda consigo mismo y con el entorno. Pero cuando se frustra o se ignora, aparece,&nbsp;trastornos de salud mental manifestada por malestar existencial, apat\u00eda, ansiedad, y desmotivaci\u00f3n, &nbsp;depresi\u00f3n, crisis de sentido o conductas autodestructivas.<\/p>\n\n\n\n<p>La ciencia ya lo ha confirmado, la falta de prop\u00f3sito afecta la salud mental tanto como la soledad o el estr\u00e9s. De hecho, se ha comprobado que quienes sienten que su vida tiene un significado tienden a&nbsp;padecer menos ansiedad, a recuperarse mejor de p\u00e9rdidas&nbsp;y a tener&nbsp;mayor resiliencia&nbsp;frente a las dificultades.<\/p>\n\n\n\n<p>Cultivar la trascendencia no exige fe religiosa, aunque puede incluirla; se trata de&nbsp;conectar con lo que da sentido personal a la vida. Puede ser una vocaci\u00f3n, una causa social, el amor por la familia o el deseo de dejar un legado positivo.<\/p>\n\n\n\n<p>Reconocer esa dimensi\u00f3n es tambi\u00e9n una estrategia de salud mental. Frankl dec\u00eda que el ser humano necesita mirar m\u00e1s all\u00e1 de s\u00ed mismo para no quedarse atrapado en el vac\u00edo del yo. Cuando la mirada se orienta hacia el servicio, la creaci\u00f3n o el amor, el sufrimiento se transforma en crecimiento.<\/p>\n\n\n\n<p>En tiempos de inmediatez y consumo, donde todo parece medirse en resultados r\u00e1pidos,&nbsp;la trascendencia se vuelve un acto de resistencia interior. No basta con existir: hay que encontrar razones para hacerlo. Quienes lo logran, aun en medio del dolor o la adversidad, descubren una fuente de equilibrio emocional que ninguna circunstancia puede arrebatarles.<\/p>\n\n\n\n<p>La salud mental, al fin y al cabo, no depende solo de la ausencia de enfermedad, sino tambi\u00e9n de la\u00a0presencia de sentido. Y ese sentido se construye cada d\u00eda, con cada elecci\u00f3n, con cada gesto que deja huella m\u00e1s all\u00e1 de uno mismo.<\/p>\n\n\n\n<p>Ramon Ceballo<\/p>\n\n\n\n<p><a target=\"_blank\" href=\"mailto:raceballo@yahoo.com\" rel=\"noreferrer noopener\">raceballo@yahoo.com<\/a><\/p>\n","protected":false},"excerpt":{"rendered":"<p>Por&nbsp;Dr. Ram\u00f3n Ceballo Escrib\u00ed este art\u00edculo como una&nbsp;reflexi\u00f3n profunda&nbsp;para explorar, desde un&nbsp;an\u00e1lisis psicol\u00f3gico, c\u00f3mo el ser humano necesita un prop\u00f3sito para sostener su equilibrio emocional. Mi intenci\u00f3n es mostrar el&nbsp;v\u00ednculo directo entre el sentido de vida y la salud mental,&nbsp;y c\u00f3mo su ausencia puede convertirse en una fuente silenciosa pero poderosa de sufrimiento. En medio [&hellip;]<\/p>\n","protected":false},"author":2,"featured_media":643425,"comment_status":"closed","ping_status":"closed","sticky":true,"template":"","format":"standard","meta":{"footnotes":""},"categories":[19,16],"tags":[],"class_list":["post-649734","post","type-post","status-publish","format-standard","has-post-thumbnail","hentry","category-mi-voz","category-opiniones"],"_links":{"self":[{"href":"https:\/\/diariodominicano.com\/index.php?rest_route=\/wp\/v2\/posts\/649734","targetHints":{"allow":["GET"]}}],"collection":[{"href":"https:\/\/diariodominicano.com\/index.php?rest_route=\/wp\/v2\/posts"}],"about":[{"href":"https:\/\/diariodominicano.com\/index.php?rest_route=\/wp\/v2\/types\/post"}],"author":[{"embeddable":true,"href":"https:\/\/diariodominicano.com\/index.php?rest_route=\/wp\/v2\/users\/2"}],"replies":[{"embeddable":true,"href":"https:\/\/diariodominicano.com\/index.php?rest_route=%2Fwp%2Fv2%2Fcomments&post=649734"}],"version-history":[{"count":2,"href":"https:\/\/diariodominicano.com\/index.php?rest_route=\/wp\/v2\/posts\/649734\/revisions"}],"predecessor-version":[{"id":649736,"href":"https:\/\/diariodominicano.com\/index.php?rest_route=\/wp\/v2\/posts\/649734\/revisions\/649736"}],"wp:featuredmedia":[{"embeddable":true,"href":"https:\/\/diariodominicano.com\/index.php?rest_route=\/wp\/v2\/media\/643425"}],"wp:attachment":[{"href":"https:\/\/diariodominicano.com\/index.php?rest_route=%2Fwp%2Fv2%2Fmedia&parent=649734"}],"wp:term":[{"taxonomy":"category","embeddable":true,"href":"https:\/\/diariodominicano.com\/index.php?rest_route=%2Fwp%2Fv2%2Fcategories&post=649734"},{"taxonomy":"post_tag","embeddable":true,"href":"https:\/\/diariodominicano.com\/index.php?rest_route=%2Fwp%2Fv2%2Ftags&post=649734"}],"curies":[{"name":"wp","href":"https:\/\/api.w.org\/{rel}","templated":true}]}}