{"id":649638,"date":"2025-11-18T00:19:31","date_gmt":"2025-11-18T04:19:31","guid":{"rendered":"https:\/\/diariodominicano.com\/?p=649638"},"modified":"2025-11-18T00:19:33","modified_gmt":"2025-11-18T04:19:33","slug":"las-elecciones-y-estados-unidos","status":"publish","type":"post","link":"https:\/\/diariodominicano.com\/?p=649638","title":{"rendered":"Las elecciones y Estados Unidos\u00a0\u00a0\u00a0\u00a0\u00a0\u00a0\u00a0"},"content":{"rendered":"\n<p>&nbsp;El Mirador<\/p>\n\n\n\n<p>Por Luis C\u00e9spedes Pe\u00f1a<\/p>\n\n\n\n<p>El panorama pol\u00edtico de nuestro pa\u00eds y el de Estados Unidos son muy complejos, en virtud de las implicaciones internacionales que se mueven alrededor de ambos.<\/p>\n\n\n\n<p>La Rep\u00fablica Dominicana est\u00e1 viviendo la misma \u00e9poca de cuando los liderazgos estaban entre Joaqu\u00edn Balaguer, Juan Bosch, Jos\u00e9 Francisco Pe\u00f1a G\u00f3mez y Jacobo Majluta.<\/p>\n\n\n\n<p>Hoy tenemos al Presidente Luis Abinader, a Danilo Medina, Leonel Fern\u00e1ndez e Hip\u00f3lito Mej\u00eda. \u00a1De la voluntad de esos se\u00f1ores saldr\u00e1 el Presidente de la Rep\u00fablica del 2028! \u00a1Y de la voluntad de Abinader y Medina depender\u00e1 la modificaci\u00f3n constitucional o el mantenimiento de la actual, \u00e9sta \u00faltima, que les impide aspirar para dirigir la naci\u00f3n a partir del 2028!<\/p>\n\n\n\n<p>El Partido Revolucionario Moderno (PRM), en el poder, tiene un gran problema y es que no tiene un aspirante que se asemeje a Luis Abinader, que pueda garantizarle la victoria presidencial.<\/p>\n\n\n\n<p>David Collado es un aspirante presidencial para sectores de la peque\u00f1a oligarqu\u00eda, que tiene mucha incidencia en los medios de comunicaciones. \u00a1En la base (los pobres), que determina las elecciones, \u00e9ste no tiene la posibilidad de triunfo! Carolina Mej\u00eda, no sabemos qu\u00e9 pas\u00f3, pues sigue en picada hacia abajo.<\/p>\n\n\n\n<p>&nbsp;La vicepresidente Raquel Pe\u00f1a, la aspirante presidencial que apoya el gobernante, si \u00e9l no va, carece de un buen equipo de comunicaci\u00f3n que maneje los temas pol\u00edticos, econ\u00f3micos, sociales, culturales y deportivos.<\/p>\n\n\n\n<p>&nbsp;Guido G\u00f3mez Mazara es un dirigente del PRM que est\u00e1 en uno de los principales cargos de la administraci\u00f3n p\u00fablica, pero tambi\u00e9n hace el papel de opositor, por lo cual no tiene ninguna posibilidad de ser Presidente por esa organizaci\u00f3n pol\u00edtica.&nbsp;&nbsp;<\/p>\n\n\n\n<p>De la mayor\u00eda de aspirantes presidenciales (sin mencionar al Presidente Abinader, que en el fondo est\u00e1 detr\u00e1s de la reelecci\u00f3n), el que m\u00e1s confianza le tiene la base es V\u00edctor D,Aza, el cual sigue creciendo pol\u00edticamente, por lo bajo, pero sin cambiar, sin esc\u00e1ndalos negativos y procedente de la parte m\u00e1s sana del liderazgo medio del Partido Revolucionario Dominicano (PRD).<\/p>\n\n\n\n<p>La mayor\u00eda de dominicanos apoya a Abinader, Medina y Fern\u00e1ndez. Sin modificaci\u00f3n constitucional, Abinader y Medina deciden las pol\u00edticas de sus partidos, pero no pueden ser candidatos.&nbsp;&nbsp;Hip\u00f3lito promueve a su hija Carolina.<\/p>\n\n\n\n<p>Pero hay problemas que afectan al PRM en su conjunto, como son el valor del d\u00f3lar, que est\u00e1 a m\u00e1s de 64 pesos la venta, con un apag\u00f3n el\u00e9ctrico nacional, con otros permanentes, los precios de los productos y servicios alt\u00edsimos, casi insostenibles para las clases sociales m\u00e1s bajas, as\u00ed como los muchos casos vinculados al narcotr\u00e1fico.<\/p>\n\n\n\n<p>El Presidente declar\u00f3, muy decidido: \u201cYo tengo amigos, no c\u00f3mplices\u201d. Eso quiere decir que el funcionario o dirigente del PRM que se involucre en el tr\u00e1fico de drogas, no tiene su apoyo.<\/p>\n\n\n\n<p>&nbsp;En materia el\u00e9ctrica, el pa\u00eds debe comenzar a discutir la necesidad de construir otra central similar a Punta Catalina, jam\u00e1s pensar en la venta de \u00e9sta). Debemos admitir que Punta Catalina es una gran obra con la cual el gobierno de Medina acab\u00f3 con los apagones.<\/p>\n\n\n\n<p>Lo correcto deber\u00eda ser que el pa\u00eds no siga con las ventas de empresas del Estado, como ocurri\u00f3 en el gobierno de Leonel Fern\u00e1ndez y el actual. \u00a1Cerrar o vender los Ingenios del Estado, es uno de los cr\u00edmenes pol\u00edticos de este pa\u00eds m\u00e1s perjudiciales para nuestra econom\u00eda! Ahora, despu\u00e9s de ser uno de los pa\u00edses mayores productores de az\u00facar del mundo, somos un gran importador del dulce.<\/p>\n\n\n\n<p>A\u00fan as\u00ed, el Presidente Abinader sigue en primer lugar del electorado. Contrariamente a lo que err\u00f3neamente creen mucho, que Estados Unidos no lo respalda, es uno de los gobernantes de m\u00e1s confianza para ese gobierno, por una cosa muy simple:<\/p>\n\n\n\n<p>&nbsp;Es uno de los gobernantes que m\u00e1s colabora en la lucha contra el narcotr\u00e1fico y responde a sus intereses, sin importar la gran cantidad de funcionarios vinculados a ese flagelo. Los apresamientos de grandes narcotraficantes es \u201calimento econ\u00f3mico\u201d para Estados Unidos, por las extradiciones.&nbsp;&nbsp;Las Leyes norteamericanas establecen las cantidades de dinero o bienes que le corresponde a ese pa\u00eds por cada operaci\u00f3n internacional.<\/p>\n\n\n\n<p>\u00bfFue decisi\u00f3n del Presidente de la Rep\u00fablica no invitar a la Cumbre de Las Am\u00e9ricas a Cuba, Venezuela y Nicaragua? \u00bfFue decisi\u00f3n de Abinader suspender la Cumbre de Las Am\u00e9ricas?<\/p>\n\n\n\n<p>Las dos disposiciones fueron de Estados Unidos y nuestro Presidente las ejecut\u00f3 como \u00f3rdenes militares. \u00bfY los Puertos y Aeropuertos est\u00e1n o no a disposici\u00f3n del gobierno de Estados Unidos, si necesitan de ellos? Claro que s\u00ed.<\/p>\n\n\n\n<p>En Estados Unidos hay millones de dominicanos que se pasan el tiempo enviando fundas de d\u00f3lares al a\u00f1o fruto de su trabajo.&nbsp;&nbsp;No s\u00f3lo eso, sino que en Estados Unidos tenemos veintenas de congresistas, alcaldes, concejales, funcionarios administrativos, militares de altos rangos y bajos, como oficiales en los Cuerpos de Bomberos. \u00a1Pero hay que trabajar para ganar las elecciones, que son las que oficializan a los gobernantes!<\/p>\n\n\n\n<p>No hay ninguna duda de que el mayor crecimiento pol\u00edtico lo tienen en los actuales momentos, el opositor Partido de la Liberaci\u00f3n Dominicana (PLD), bajo el liderazgo de Medina, el cual no s\u00f3lo busca su activa participaci\u00f3n en los comicios presidenciales, sea como candidato o promotor, sino en los municipales, que son b\u00e1sicos para ayudar con el triunfo final.<\/p>\n\n\n\n<p>Leonel Fern\u00e1ndez, de la Fuerza del Pueblo, dirige una organizaci\u00f3n que se fortaleci\u00f3 de votos transitorios del PRM y el PLD. Leonel sabe que debe trabajar para conquistar sus propios votos. Sabemos que la FP tiene un gran problema, surgido como consecuencia de su respaldo a Luis Abinader en las dos elecciones pasadas y la divisi\u00f3n del PLD provocada por la salida de Leonel.<\/p>\n\n\n\n<p>La estrategia de Leonel est\u00e1 fallando, promocionando a Omar Fern\u00e1ndez para la Presidencia de la Rep\u00fablica, m\u00e9todo que est\u00e1 ayudando a sus opositores, debido a que con eso se le est\u00e1 enviando un mensaje negativo a los seguidores del ex jefe de Estado, como dici\u00e9ndoles \u00e9ste no tiene liderazgo para ganar.<\/p>\n\n\n\n<p>\u00a1La mayor\u00eda de ciudadanos lo percibe as\u00ed! Lo ideal ser\u00eda que a Omar Fern\u00e1ndez lo promuevan para la reelecci\u00f3n como senador o para ser ministro. Se observa que la principal oposici\u00f3n a Leonel es la de su hijo, porque transmite dudas.&nbsp;&nbsp;<\/p>\n\n\n\n<p>David Collado est\u00e1 identificado como aspirante presidencial de los ricos y a Omar Fern\u00e1ndez es muy conocidos en los medios de comunicaciones, pero desconocido en los barrios o zonas campesinas de la mayor\u00eda del pa\u00eds.&nbsp;&nbsp;Para nosotros, esas dos \u00faltimas personalidades pueden ser figuras presidenciales ganadoras para dentro de ocho y doce a\u00f1os, si no se \u201ccontaminan\u201d.<\/p>\n\n\n\n<p>&nbsp;El Presidente no s\u00f3lo est\u00e1 trabajando para las elecciones presidenciales, sino las municipales y congresionales, que son antes de las nacionales. \u00a1Lo mismo que est\u00e1n haciendo el PLD y la FP! Como ning\u00fan partido tiene el arrastre necesario para ganar en primera vuelta, la mentalidad de Danilo y Luis Abinader est\u00e1 puesta en la segunda ronda.<\/p>\n\n\n\n<p>La versi\u00f3n de que hay m\u00e1s posibilidad de que haya acuerdos electorales, para las municipales o congresionales entre el PRM y el PLD, parece correcto. El hecho de que Leonel dividiera al PLD y luego negociara con el PRM, provoc\u00f3 muchas \u201cheridas\u201d entre \u00e9ste y Danilo, que creemos no son conciliables.&nbsp;&nbsp;<\/p>\n\n\n\n<p>No hay ninguna duda de que el Presidente Abinader va a dar un cambio radical en su accionar pol\u00edtico, dejando fuera de aspiraciones electorales a aquellos involucrados en narcotr\u00e1fico y se acercar\u00e1 m\u00e1s a la base sana del PRM.<\/p>\n\n\n\n<p>Estrat\u00e9gicamente, al PRM y al PLD les conviene negociar despu\u00e9s de la primera vuelta, porque desde ya se puede afirmar que el proceso electoral se definir\u00e1 en la segunda. El movimiento de masa que est\u00e1 llevando el PLD, de manera especial, busca cambiar la composici\u00f3n de funcionarios electos en los comicios municipales y del Congreso.&nbsp;&nbsp;<\/p>\n\n\n\n<p>Y, Estados Unidos, que cometi\u00f3 muchos errores en abandonar su dominio en Am\u00e9rica Latina, perdiendo el poder de decisiones en parte de sus pa\u00edses, para buscar opciones en otras zonas del mundo, en lo adelante se centrar\u00e1 en reconquistar lo perdido promoviendo gobiernos que respondan directamente a sus intereses internacionales.<\/p>\n\n\n\n<p>\u00a1Gracias por leernos!<\/p>\n\n\n\n<p>Luis C\u00e9spedes Pe\u00f1a<\/p>\n\n\n\n<p><a target=\"_blank\" href=\"mailto:luiscespedesp49@gmail.com\" rel=\"noreferrer noopener\">luiscespedesp49@gmail.com<\/a><\/p>\n","protected":false},"excerpt":{"rendered":"<p>&nbsp;El Mirador Por Luis C\u00e9spedes Pe\u00f1a El panorama pol\u00edtico de nuestro pa\u00eds y el de Estados Unidos son muy complejos, en virtud de las implicaciones internacionales que se mueven alrededor de ambos. La Rep\u00fablica Dominicana est\u00e1 viviendo la misma \u00e9poca de cuando los liderazgos estaban entre Joaqu\u00edn Balaguer, Juan Bosch, Jos\u00e9 Francisco Pe\u00f1a G\u00f3mez y [&hellip;]<\/p>\n","protected":false},"author":2,"featured_media":649639,"comment_status":"closed","ping_status":"closed","sticky":false,"template":"","format":"standard","meta":{"footnotes":""},"categories":[16],"tags":[],"class_list":["post-649638","post","type-post","status-publish","format-standard","has-post-thumbnail","hentry","category-opiniones"],"_links":{"self":[{"href":"https:\/\/diariodominicano.com\/index.php?rest_route=\/wp\/v2\/posts\/649638","targetHints":{"allow":["GET"]}}],"collection":[{"href":"https:\/\/diariodominicano.com\/index.php?rest_route=\/wp\/v2\/posts"}],"about":[{"href":"https:\/\/diariodominicano.com\/index.php?rest_route=\/wp\/v2\/types\/post"}],"author":[{"embeddable":true,"href":"https:\/\/diariodominicano.com\/index.php?rest_route=\/wp\/v2\/users\/2"}],"replies":[{"embeddable":true,"href":"https:\/\/diariodominicano.com\/index.php?rest_route=%2Fwp%2Fv2%2Fcomments&post=649638"}],"version-history":[{"count":1,"href":"https:\/\/diariodominicano.com\/index.php?rest_route=\/wp\/v2\/posts\/649638\/revisions"}],"predecessor-version":[{"id":649640,"href":"https:\/\/diariodominicano.com\/index.php?rest_route=\/wp\/v2\/posts\/649638\/revisions\/649640"}],"wp:featuredmedia":[{"embeddable":true,"href":"https:\/\/diariodominicano.com\/index.php?rest_route=\/wp\/v2\/media\/649639"}],"wp:attachment":[{"href":"https:\/\/diariodominicano.com\/index.php?rest_route=%2Fwp%2Fv2%2Fmedia&parent=649638"}],"wp:term":[{"taxonomy":"category","embeddable":true,"href":"https:\/\/diariodominicano.com\/index.php?rest_route=%2Fwp%2Fv2%2Fcategories&post=649638"},{"taxonomy":"post_tag","embeddable":true,"href":"https:\/\/diariodominicano.com\/index.php?rest_route=%2Fwp%2Fv2%2Ftags&post=649638"}],"curies":[{"name":"wp","href":"https:\/\/api.w.org\/{rel}","templated":true}]}}