{"id":649529,"date":"2025-11-17T03:18:38","date_gmt":"2025-11-17T07:18:38","guid":{"rendered":"https:\/\/diariodominicano.com\/?p=649529"},"modified":"2025-11-17T03:38:36","modified_gmt":"2025-11-17T07:38:36","slug":"presidente-abinader-designa-a-jhael-isa-tavarez-como-nuevo-director-de-la-opret-y-a-alfonso-rodriguez-tejada-nuevo-administrador-general-de-la-eted","status":"publish","type":"post","link":"https:\/\/diariodominicano.com\/?p=649529","title":{"rendered":"Presidente Abinader designa a Jhael Isa Tav\u00e1rez  nuevo director de la Opret y  a Alfonso Rodr\u00edguez Tejada  nuevo administrador general de la ETED"},"content":{"rendered":"\n<p>Las designaciones de Jhael Isa T\u00e1varez y Alfonso Rodr\u00edguez Tejada fueron dadas a conocer el domingo por la Direcci\u00f3n de Comunicaciones de la Presidencia de la Rep\u00fablica.<\/p>\n\n\n\n<h3 class=\"wp-block-heading\">Respecto al nuevo director de la Opret la presidencia inform\u00f3 que la medida procura reorganizar las instituciones vinculadas al Sistema Integrado de Transporte. Isa T\u00e1varez sustituye al ingeniero <strong>Rafael Santos P\u00e9rez<\/strong> .<\/h3>\n\n\n\n<h3 class=\"wp-block-heading\">Tambi\u00e9n comunic\u00f3 que <strong>Alfonso Rodr\u00edguez Tejada<\/strong>&nbsp;fue designado  nuevo administrador general de la Empresa de Transmisi\u00f3n El\u00e9ctrica Dominicana&nbsp;<strong>(ETED)<\/strong> \u00abreforzando la estructura t\u00e9cnica del sector el\u00e9ctrico nacional\u00bb.<\/h3>\n\n\n\n<p>Rodr\u00edguez Tejada sustituye en la ETED al ingeniero &nbsp;&nbsp;<strong><a href=\"https:\/\/www.google.com\/search?q=Mart%C3%ADn+Robles+Morillo&amp;oq=como+se+llama+el+ex+director+de+La+ETED&amp;gs_lcrp=EgZjaHJvbWUyBggAEEUYOTIHCAEQIRigAdIBCTE1Njk1ajBqN6gCCLACAfEFKV8CFUBAXFQ&amp;sourceid=chrome&amp;ie=UTF-8&amp;mstk=AUtExfC40A7K1Qo2xSX2dWeETZWRo8YvintFdgSk5ypbHYB6OjWIQcytQ4HvTy8yD0hSdCCje1TzxfSITdYp5kcB10rvPNPiWE2hicVWdOOhCa1_Na_GUweB2n7YTpxlWfQnj-hDDgpe3NtTY23TJ4n7YGsrxZB2TdamTVVKkTcVchq-3bGEEWZr1L9O6pps_4XDXwyg604QWhwk8b7DKP9XYJh_Gnzb5NCd4DkshBEVw9zYOcH8E7OyTw2r8iFjfmQHnDkowsJwoeE8dFQ8XsLjEb0r-OMT9m4DXfKffYoLWUyMSBsxmGKyun7taGxsS2Mwr0n-uYrMiqEK59vm1My4OGirqreSfD6lDyiMQPhXtPIWh7KTHTTLtJDXg2dBNqCEv40kpunnJQGLf0KomE5pNQ&amp;csui=3&amp;ved=2ahUKEwjfhJCK1fiQAxVsRjABHawyArEQgK4QegQIARAB\">Mart\u00edn Robles Morillo<\/a><\/strong>.&nbsp;<\/p>\n\n\n\n<figure class=\"wp-block-image\"><img decoding=\"async\" src=\"https:\/\/platform-cdn.sharethis.com\/img\/sharethis.svg\" alt=\"sharethis sharing button\"\/><\/figure>\n\n\n\n<p>Santo Domingo, RD.\u2013 Las destituciones del director de la Opret y de la ETED, se producen tras las informaciones encontradas que expresaron los dos funcionarios destituidos tras el apag\u00f3n general que afect\u00f3 a Rep\u00fablica Dominicana el pasado martes.<\/p>\n\n\n\n<p>El ministro de Energ\u00eda y Minas,\u00a0<strong>Joel Santos<\/strong>, inform\u00f3 el  viernes que el\u00a0<strong>Comit\u00e9 de Fallas<\/strong>\u00a0del Organismo Coordinador del Sistema El\u00e9ctrico Nacional Interconectado (OC-SENI), ha identificado\u00a0<strong>hallazgos preliminares<\/strong>\u00a0que aportan datos relevantes al proceso.<\/p>\n\n\n\n<p>Diario Dominicano publica a continuaci\u00f3n las\u2002dos informaciones que dio el domingo la Direcci\u00f3n de Comunicaciones de la Presidencia de la Rep\u00fablica sobre  los nuevos nombramientos que hizo el presidente Luis Abinader.<\/p>\n\n\n\n<p><strong>En la Opret <\/strong><\/p>\n\n\n\n<p>&nbsp;<strong>El presidente de la Rep\u00fablica, Luis Abinader<\/strong>, emiti\u00f3 el&nbsp;<strong>Decreto n\u00fam.&nbsp;<\/strong><a href=\"https:\/\/presidencia.gob.do\/decretos\/652-25\"><strong>652-25<\/strong><\/a>, mediante el cual dispone una reorganizaci\u00f3n profunda del&nbsp;<strong>Sistema Integrado de Transporte,<\/strong>&nbsp;orientada a optimizar la&nbsp;<strong>planificaci\u00f3n, operaci\u00f3n y sostenibilidad<\/strong>&nbsp;del transporte p\u00fablico masivo en todo el territorio nacional.<\/p>\n\n\n\n<p>Como parte de estas disposiciones, el mandatario design\u00f3 al&nbsp;<strong>ingeniero Jhael Isa Tav\u00e1rez<\/strong>&nbsp;como director ejecutivo de la&nbsp;<strong>Oficina para el Reordenamiento del Transporte<\/strong>&nbsp;(Opret). De igual forma, en cumplimiento del decreto, Isa tambi\u00e9n fungir\u00e1, a&nbsp;<strong>t\u00edtulo honor\u00edfico<\/strong>, como director ejecutivo del Fideicomiso para el Desarrollo del Sistema de Transporte Masivo&nbsp;<strong>(Fitram)<\/strong>, \u00f3rgano responsable del dise\u00f1o, construcci\u00f3n, operaci\u00f3n y mantenimiento de la&nbsp;<strong>Red Nacional de Transporte P\u00fablico Masivo<\/strong>.<\/p>\n\n\n\n<p>Isa Tav\u00e1rez tiene una trayectoria vinculada al desarrollo del&nbsp;<strong>transporte masivo<\/strong>. Hasta la fecha, se desempe\u00f1aba como director ejecutivo del Fitram, desde donde supervis\u00f3 proyectos clave como el&nbsp;<strong>Monorriel y Telef\u00e9rico de Santiago<\/strong>, adem\u00e1s de las<strong>&nbsp;<\/strong>L\u00edneas 1, 2 y 3 del&nbsp;<strong>Telef\u00e9rico de Santo Domingo<\/strong>, que forman parte del&nbsp;<strong>Sistema Integrado de Transporte.<\/strong><\/p>\n\n\n\n<p>Es ingeniero civil egresado del Intec, cuenta con una maestr\u00eda en Ingenier\u00eda de Transporte obtenida en el Rensselaer Polytechnic Institute (RPI) en&nbsp;<strong>Nueva York<\/strong>, mediante la prestigiosa beca&nbsp;<strong>Fulbright<\/strong>. Actualmente, cursa un doctorado en Sistemas de Ingenier\u00eda Civil con concentraci\u00f3n en&nbsp;<strong>Transporte en la Universidad Polit\u00e9cnica de Madrid<\/strong>&nbsp;(UPM).<\/p>\n\n\n\n<p>Desde el&nbsp;<strong>Ministerio de la Presidencia,<\/strong>&nbsp;donde ha trabajado por m\u00e1s de una d\u00e9cada, ha impulsado&nbsp;<strong>iniciativas estrat\u00e9gicas de movilidad<\/strong>&nbsp;y ha coordinado la implementaci\u00f3n de proyectos de infraestructura orientados a la&nbsp;<strong>modernizaci\u00f3n del transporte p\u00fablico.<\/strong>&nbsp;Su experiencia incluye consultor\u00edas especializadas y participaci\u00f3n constante en foros y conferencias internacionales sobre&nbsp;<strong>movilidad sostenible.<\/strong><\/p>\n\n\n\n<p>El ingeniero Jhael Isa Tav\u00e1rez ha sido citado como una de las figuras t\u00e9cnicas m\u00e1s influyentes en la&nbsp;<strong>transformaci\u00f3n del transporte masivo&nbsp;<\/strong>en el pa\u00eds, aportando una visi\u00f3n orientada a la&nbsp;<strong>sostenibilidad<\/strong>&nbsp;y a la integraci\u00f3n de modelos de movilidad ajustados a&nbsp;<strong>est\u00e1ndares internacionales<\/strong>.<\/p>\n\n\n\n<p>El decreto del presidente Abinader reconoce que el sistema de transporte masivo constituye un servicio nacional de&nbsp;<strong>uso p\u00fablico,<\/strong>&nbsp;por lo que resulta de&nbsp;<strong>inter\u00e9s prioritario del Gobierno<\/strong>&nbsp;la incorporaci\u00f3n de&nbsp;<strong>modos alternativos<\/strong>&nbsp;de transporte terrestre que coadyuven a una distribuci\u00f3n&nbsp;<strong>m\u00e1s equilibrada<\/strong>&nbsp;del patrimonio y a frenar el deterioro progresivo del medio ambiente, en mejora de la movilidad urbana. Para estos fines, dispone que se priorice la&nbsp;<strong>eficacia del servicio<\/strong>&nbsp;y la eficiencia en el&nbsp;<strong>manejo de los recursos<\/strong>&nbsp;para la prestaci\u00f3n del mismo, procurando que las distintas entidades p\u00fablicas involucradas trabajen de manera&nbsp;<strong>coordinada, oportuna y transparente.<\/strong><\/p>\n\n\n\n<h1 class=\"wp-block-heading\"> Alfonso Rodr\u00edguez Tejada designado nuevo administrador general de la ETED<\/h1>\n\n\n\n<p>16 de Noviembre 2025 <\/p>\n\n\n\n<figure class=\"wp-block-image\"><img decoding=\"async\" src=\"https:\/\/presidencia.gob.do\/sites\/default\/files\/styles\/large\/public\/news\/2025-11\/Foto%20web_4.png?itok=1JLU5vbx\" alt=\"Alfonso Rodr\u00edguez Tejada\"\/><\/figure>\n\n\n\n<figure class=\"wp-block-image\"><img decoding=\"async\" src=\"https:\/\/platform-cdn.sharethis.com\/img\/sharethis.svg\" alt=\"sharethis sharing button\"\/><\/figure>\n\n\n\n<p>La Direcci\u00f3n de Comunicaciones de la Presidencia de la Rep\u00fablica tambi\u00e9n comunic\u00f3 el domingo que el &nbsp;<strong>presidente de la Rep\u00fablica, Luis Abinader,<\/strong>&nbsp;design\u00f3, mediante el&nbsp;<strong>Decreto n\u00fam.&nbsp;<\/strong><a href=\"https:\/\/presidencia.gob.do\/decretos\/653-25\"><strong>653-25<\/strong><\/a><strong>,<\/strong>&nbsp;a&nbsp;<strong>Alfonso Rodr\u00edguez Tejada<\/strong>&nbsp;como nuevo administrador general de la Empresa de Transmisi\u00f3n El\u00e9ctrica Dominicana&nbsp;<strong>(ETED)<\/strong>, reforzando la estructura t\u00e9cnica del sector el\u00e9ctrico nacional.<\/p>\n\n\n\n<p>Rodr\u00edguez Tejada es ingeniero el\u00e9ctrico egresado de Unapec, formaci\u00f3n que complement\u00f3 con una Licenciatura en&nbsp;<strong>Derecho<\/strong>&nbsp;por la Universidad CDEP. Posee, adem\u00e1s, una maestr\u00eda en Mec\u00e1nica Caterpillar del&nbsp;<strong>Institute of The Americas en Miami,<\/strong>&nbsp;Florida, y un MBA en Administraci\u00f3n de Empresas por Unapec. Tambi\u00e9n es auditor certificado en las normas&nbsp;<strong>ISO 9001, ISO 50001 e ISO 14001<\/strong>, credenciales que fortalecen su perfil t\u00e9cnico y de gesti\u00f3n.&nbsp;<\/p>\n\n\n\n<p>Su trayectoria profesional incluye funciones como coordinador de mantenimiento el\u00e9ctrico y cogeneraci\u00f3n en&nbsp;<strong>Implementos y Maquinarias<\/strong>&nbsp;CxA; gerente de ingenier\u00eda del&nbsp;<strong>Grupo Le\u00f3n Jim\u00e9nez;<\/strong>&nbsp;director general de Green Future Renewable Energy en&nbsp;<strong>Granada, Espa\u00f1a<\/strong>, y director facultativo de&nbsp;<strong>Cobra Energ\u00eda<\/strong>&nbsp;en Rep\u00fablica Dominicana. En el \u00e1mbito p\u00fablico, se desempe\u00f1\u00f3 entre 2020 y 2024 como viceministro de&nbsp;<strong>Ahorro y Eficiencia Energ\u00e9tica<\/strong>, adem\u00e1s de viceministro de&nbsp;<strong>Energ\u00eda Nuclear<\/strong>. Desde febrero de 2025 ejerc\u00eda como viceministro de&nbsp;<strong>Energ\u00eda El\u00e9ctrica.<\/strong>&nbsp;<\/p>\n\n\n\n<p>La disposici\u00f3n ser\u00e1 remitida a las instituciones correspondientes.<\/p>\n","protected":false},"excerpt":{"rendered":"<p>Las designaciones de Jhael Isa T\u00e1varez y Alfonso Rodr\u00edguez Tejada fueron dadas a conocer el domingo por la Direcci\u00f3n de Comunicaciones de la Presidencia de la Rep\u00fablica. Respecto al nuevo director de la Opret la presidencia inform\u00f3 que la medida procura reorganizar las instituciones vinculadas al Sistema Integrado de Transporte. Isa T\u00e1varez sustituye al ingeniero [&hellip;]<\/p>\n","protected":false},"author":2,"featured_media":649530,"comment_status":"closed","ping_status":"closed","sticky":true,"template":"","format":"standard","meta":{"footnotes":""},"categories":[20,27],"tags":[],"class_list":["post-649529","post","type-post","status-publish","format-standard","has-post-thumbnail","hentry","category-dominicana-hoy","category-portada"],"_links":{"self":[{"href":"https:\/\/diariodominicano.com\/index.php?rest_route=\/wp\/v2\/posts\/649529","targetHints":{"allow":["GET"]}}],"collection":[{"href":"https:\/\/diariodominicano.com\/index.php?rest_route=\/wp\/v2\/posts"}],"about":[{"href":"https:\/\/diariodominicano.com\/index.php?rest_route=\/wp\/v2\/types\/post"}],"author":[{"embeddable":true,"href":"https:\/\/diariodominicano.com\/index.php?rest_route=\/wp\/v2\/users\/2"}],"replies":[{"embeddable":true,"href":"https:\/\/diariodominicano.com\/index.php?rest_route=%2Fwp%2Fv2%2Fcomments&post=649529"}],"version-history":[{"count":3,"href":"https:\/\/diariodominicano.com\/index.php?rest_route=\/wp\/v2\/posts\/649529\/revisions"}],"predecessor-version":[{"id":649535,"href":"https:\/\/diariodominicano.com\/index.php?rest_route=\/wp\/v2\/posts\/649529\/revisions\/649535"}],"wp:featuredmedia":[{"embeddable":true,"href":"https:\/\/diariodominicano.com\/index.php?rest_route=\/wp\/v2\/media\/649530"}],"wp:attachment":[{"href":"https:\/\/diariodominicano.com\/index.php?rest_route=%2Fwp%2Fv2%2Fmedia&parent=649529"}],"wp:term":[{"taxonomy":"category","embeddable":true,"href":"https:\/\/diariodominicano.com\/index.php?rest_route=%2Fwp%2Fv2%2Fcategories&post=649529"},{"taxonomy":"post_tag","embeddable":true,"href":"https:\/\/diariodominicano.com\/index.php?rest_route=%2Fwp%2Fv2%2Ftags&post=649529"}],"curies":[{"name":"wp","href":"https:\/\/api.w.org\/{rel}","templated":true}]}}