{"id":649478,"date":"2025-11-17T00:59:06","date_gmt":"2025-11-17T04:59:06","guid":{"rendered":"https:\/\/diariodominicano.com\/?p=649478"},"modified":"2025-11-17T00:59:09","modified_gmt":"2025-11-17T04:59:09","slug":"una-bendicion-mal-entendida-cuando-la-narrativa-mediatica-confunde-superacion-con-exhibicionismo","status":"publish","type":"post","link":"https:\/\/diariodominicano.com\/?p=649478","title":{"rendered":"\u00bfUna \u201cbendici\u00f3n\u201d mal entendida? Cuando la narrativa medi\u00e1tica confunde superaci\u00f3n con exhibicionismo"},"content":{"rendered":"\n<p>Por Edwin De La Cruz<\/p>\n\n\n\n<p>\u00b7&nbsp;&nbsp;&nbsp;&nbsp;&nbsp;&nbsp;&nbsp;&nbsp;&nbsp;<em>Se centra en el caso de&nbsp;<strong>Gracie Bon<\/strong>, concursante de&nbsp;La Casa del Alofoke 2, y la forma en que su experiencia con el lipedema ha sido presentada en medio impreso<\/em>.<\/p>\n\n\n\n<p>Un importante medio impreso del pa\u00eds titul\u00f3 recientemente que una figura p\u00fablica \u201cconvirti\u00f3 su lipedema en una bendici\u00f3n\u201d. El titular, aunque llamativo, abre un debate urgente sobre qu\u00e9 estamos llamando \u201cbendici\u00f3n\u201d y c\u00f3mo, desde los discursos medi\u00e1ticos, se est\u00e1n distorsionando los conceptos de superaci\u00f3n personal y dignidad humana.<\/p>\n\n\n\n<p>El caso tratado por ese medio \u201cuna joven que alcanz\u00f3 notoriedad internacional al monetizar su imagen a trav\u00e9s del exhibicionismo digital y el contenido sexual expl\u00edcito\u201d merece una lectura m\u00e1s profunda, no por juzgar a la persona, sino por analizar el mensaje social que se est\u00e1 validando.&nbsp;<strong>Cuando se presenta como logro la explotaci\u00f3n del cuerpo derivada de una enfermedad, el problema no es la protagonista, sino la narrativa que construimos alrededor de ella.<\/strong><\/p>\n\n\n\n<p>El lipedema, seg\u00fan la Cleveland Clinic, es \u201cun trastorno cr\u00f3nico caracterizado por la acumulaci\u00f3n anormal de grasa dolorosa en piernas y brazos, acompa\u00f1ado de sensibilidad, hinchaz\u00f3n y morados frecuentes\u201d.<\/p>\n\n\n\n<p>A esto se suman dificultades cotidianas importantes: dolor al tacto, limitaciones en la movilidad y agotamiento f\u00edsico. De acuerdo con la Mayo Clinic, las pacientes suelen experimentar \u201csensaci\u00f3n de pesadez, inflamaci\u00f3n progresiva y molestias que no mejoran con dieta ni ejercicio\u201d, lo que genera frustraci\u00f3n y un alto impacto emocional.<\/p>\n\n\n\n<p>Ante un cuadro as\u00ed, hablar de \u201cbendici\u00f3n\u201d exige cuidado. La bendici\u00f3n, en sentido profundo, deber\u00eda asociarse a avances en investigaci\u00f3n, acceso a tratamientos, redes de apoyo, fortalecimiento emocional o proyectos de vida transformadores. No al hecho de que una condici\u00f3n m\u00e9dica se convierta en plataforma para contenido sexual.<\/p>\n\n\n\n<p>Aunque la sociedad contempor\u00e1nea ha normalizado ciertas expresiones de exposici\u00f3n extrema, la pornograf\u00eda permanece como un espacio donde la persona es reducida a mercanc\u00eda visual. No es un juicio moral: es una constataci\u00f3n \u00e9tica y sociol\u00f3gica.<\/p>\n\n\n\n<p>Lo preocupante, entonces, no es la decisi\u00f3n individual de quien vive su vida a su modo, \u201cdecisi\u00f3n que le pertenece\u201d, sino el modo en que la&nbsp;<strong>prensa construye referentes<\/strong>. Cada titular contribuye a moldear imaginarios colectivos. Y cuando un medio presenta como \u00e9xito convertir el dolor en espect\u00e1culo, sin contexto ni an\u00e1lisis, env\u00eda un mensaje a j\u00f3venes y adolescentes de que la vulnerabilidad es rentable y que la intimidad es negociable si genera ingresos.<\/p>\n\n\n\n<p>Esto abre preguntas mayores:<br>\u00bfEstamos formando una generaci\u00f3n que asocia el valor personal con la capacidad de exhibirse? \u00bfEstamos confundiendo autonom\u00eda con cosificaci\u00f3n? \u00bfEstamos aceptando que una enfermedad es \u201cbendici\u00f3n\u201d s\u00f3lo cuando produce dinero?<\/p>\n\n\n\n<p>Este debate no pretende despojar a nadie de su libertad individual. Pretende se\u00f1alar que la responsabilidad medi\u00e1tica es tan grande como la capacidad de influencia de un titular. La \u201cbendici\u00f3n\u201d debe asociarse a la dignidad, a la resiliencia y al crecimiento aut\u00e9ntico, no a la erotizaci\u00f3n del dolor ni a la comercializaci\u00f3n del cuerpo.<\/p>\n\n\n\n<p>Ojal\u00e1 que la conversaci\u00f3n sobre el lipedema y sobre cualquier condici\u00f3n que afecta la vida de tantas mujeres no quede atrapada en el espect\u00e1culo. Que los medios eleven la mirada. Y que la sociedad recuerde que la verdadera bendici\u00f3n nunca nace del exhibicionismo, sino de la conciencia, la dignidad y la capacidad de transformar la propia historia en un aporte genuino para los dem\u00e1s.<\/p>\n\n\n\n<p><strong>Sobre el autor<\/strong><\/p>\n\n\n\n<p>Edwin de la Cruz es periodista y abogado con una trayectoria dedicada a la comunicaci\u00f3n y la promoci\u00f3n de la justicia social. Su trabajo combina la cobertura informativa con un profundo compromiso con los derechos humanos y la defensa de la dignidad de las personas.<\/p>\n\n\n\n<p>A lo largo de su carrera, Edwin ha mostrado un alto inter\u00e9s en la lucha por los derechos laborales y en visibilizar las causas sociales que fortalecen la equidad y la protecci\u00f3n de los m\u00e1s vulnerables. Su enfoque period\u00edstico busca generar conciencia, fomentar el respeto y promover un di\u00e1logo \u00e9tico en torno a temas de relevancia social y humana.<\/p>\n\n\n\n<p>Edwin DeLaCruz<\/p>\n\n\n\n<p><a target=\"_blank\" href=\"mailto:edwindelacruzr@gmail.com\" rel=\"noreferrer noopener\">edwindelacruzr@gmail.com<\/a><\/p>\n","protected":false},"excerpt":{"rendered":"<p>Por Edwin De La Cruz \u00b7&nbsp;&nbsp;&nbsp;&nbsp;&nbsp;&nbsp;&nbsp;&nbsp;&nbsp;Se centra en el caso de&nbsp;Gracie Bon, concursante de&nbsp;La Casa del Alofoke 2, y la forma en que su experiencia con el lipedema ha sido presentada en medio impreso. Un importante medio impreso del pa\u00eds titul\u00f3 recientemente que una figura p\u00fablica \u201cconvirti\u00f3 su lipedema en una bendici\u00f3n\u201d. El titular, aunque [&hellip;]<\/p>\n","protected":false},"author":2,"featured_media":649479,"comment_status":"closed","ping_status":"closed","sticky":true,"template":"","format":"standard","meta":{"footnotes":""},"categories":[19,16],"tags":[],"class_list":["post-649478","post","type-post","status-publish","format-standard","has-post-thumbnail","hentry","category-mi-voz","category-opiniones"],"_links":{"self":[{"href":"https:\/\/diariodominicano.com\/index.php?rest_route=\/wp\/v2\/posts\/649478","targetHints":{"allow":["GET"]}}],"collection":[{"href":"https:\/\/diariodominicano.com\/index.php?rest_route=\/wp\/v2\/posts"}],"about":[{"href":"https:\/\/diariodominicano.com\/index.php?rest_route=\/wp\/v2\/types\/post"}],"author":[{"embeddable":true,"href":"https:\/\/diariodominicano.com\/index.php?rest_route=\/wp\/v2\/users\/2"}],"replies":[{"embeddable":true,"href":"https:\/\/diariodominicano.com\/index.php?rest_route=%2Fwp%2Fv2%2Fcomments&post=649478"}],"version-history":[{"count":1,"href":"https:\/\/diariodominicano.com\/index.php?rest_route=\/wp\/v2\/posts\/649478\/revisions"}],"predecessor-version":[{"id":649480,"href":"https:\/\/diariodominicano.com\/index.php?rest_route=\/wp\/v2\/posts\/649478\/revisions\/649480"}],"wp:featuredmedia":[{"embeddable":true,"href":"https:\/\/diariodominicano.com\/index.php?rest_route=\/wp\/v2\/media\/649479"}],"wp:attachment":[{"href":"https:\/\/diariodominicano.com\/index.php?rest_route=%2Fwp%2Fv2%2Fmedia&parent=649478"}],"wp:term":[{"taxonomy":"category","embeddable":true,"href":"https:\/\/diariodominicano.com\/index.php?rest_route=%2Fwp%2Fv2%2Fcategories&post=649478"},{"taxonomy":"post_tag","embeddable":true,"href":"https:\/\/diariodominicano.com\/index.php?rest_route=%2Fwp%2Fv2%2Ftags&post=649478"}],"curies":[{"name":"wp","href":"https:\/\/api.w.org\/{rel}","templated":true}]}}