{"id":649442,"date":"2025-11-16T23:59:42","date_gmt":"2025-11-17T03:59:42","guid":{"rendered":"https:\/\/diariodominicano.com\/?p=649442"},"modified":"2025-11-17T00:10:13","modified_gmt":"2025-11-17T04:10:13","slug":"grandes-dominicanos-alcanzan-la-gloria-suprema-del-deporte-al-ser-inmortalizados-por-el-pabellon-de-la-fama","status":"publish","type":"post","link":"https:\/\/diariodominicano.com\/?p=649442","title":{"rendered":"Grandes dominicanos alcanzan la gloria suprema del deporte al ser inmortalizados por el Pabell\u00f3n de la Fama"},"content":{"rendered":"\n<p>Desde la izquierda, los nuevos iGonzalo Mej\u00eda, Wilfredo Almonte, Luis Ben\u00edtez, Juan Carlos Jacinto, Rubel Salom\u00f3n, Jos\u00e9 Offerman, Jos\u00e9 Reyes, Cristian Cruz, Francisca Cabrera de la Cruz, Charlie Villanueva, Edwin Encarnaci\u00f3n y Joan Guzm\u00e1n comparten con Manuel Estrella, presidente de Honor del Ceremonial, Dionisio Guzm\u00e1n y Rafael Damir\u00f3n, presidente y secretario del Pabell\u00f3n de la Fama. De la Cruz representa a su hija Francia Jackson y Cristian a su fallecido padre Beato Miguel Cruz.<\/p>\n\n\n\n<p><strong>Salom\u00f3n, Ben\u00edtez, Jacinto, Joan, Miguelo, Gonzalo, Offerman, Encarnaci\u00f3n, Reyes, Almonte, Jackson y Villanueva ya son parte de la eternidad del deporte nacional<\/strong><\/p>\n\n\n\n<p><strong>SANTO DOMINGO, RD.<\/strong>\u00a0Doce grandes dominicanos alcanzaron hoy la gloria suprema al ser exaltados a la inmortalidad del Pabell\u00f3n de la Fama del Deporte Dominicano.<\/p>\n\n\n\n<figure class=\"wp-block-image size-large\"><img loading=\"lazy\" decoding=\"async\" width=\"1024\" height=\"683\" src=\"https:\/\/diariodominicano.com\/wp-content\/uploads\/2025\/11\/Los-12-inmortales-junto-a-sus-respectivos-edecanes-1-1024x683.jpg\" alt=\"\" class=\"wp-image-649445\" srcset=\"https:\/\/diariodominicano.com\/wp-content\/uploads\/2025\/11\/Los-12-inmortales-junto-a-sus-respectivos-edecanes-1-1024x683.jpg 1024w, https:\/\/diariodominicano.com\/wp-content\/uploads\/2025\/11\/Los-12-inmortales-junto-a-sus-respectivos-edecanes-1-300x200.jpg 300w, https:\/\/diariodominicano.com\/wp-content\/uploads\/2025\/11\/Los-12-inmortales-junto-a-sus-respectivos-edecanes-1-768x512.jpg 768w, https:\/\/diariodominicano.com\/wp-content\/uploads\/2025\/11\/Los-12-inmortales-junto-a-sus-respectivos-edecanes-1-816x544.jpg 816w, https:\/\/diariodominicano.com\/wp-content\/uploads\/2025\/11\/Los-12-inmortales-junto-a-sus-respectivos-edecanes-1.jpg 1280w\" sizes=\"auto, (max-width: 1024px) 100vw, 1024px\" \/><\/figure>\n\n\n\n<p>Los peloteros Jos\u00e9 Reyes, Edwin Encarnaci\u00f3n, Jos\u00e9 Offerman, el boxeador Joan Guzm\u00e1n, Juan Carlos Jacinto, judoca; Rubel Salom\u00f3n en karate y Luis Ben\u00edtez en taekwondo, ya son parte de la eternidad al ser investidos como inmortales por el Pabell\u00f3n de la Fama.<\/p>\n\n\n\n<p>En el sagrado lugar de la inmortalidad por igual fueron instalados Francia Jackson, una de las mejores acomodadoras del voleibol mundial de su generaci\u00f3n; Wilfredo Almonte, el hombre r\u00e9cord de los eventos de salto en el atletismo nacional y el baloncestista Charlie Villanueva, due\u00f1o de una carrera de 11 a\u00f1os en la NBA.<\/p>\n\n\n\n<p>La eternidad deportiva tambi\u00e9n fue otorgada a los insignes promotores del tenis y el voleibol, el jugador y dirigente Gonzalo Mej\u00eda; y Beato Miguel Cruz (Miguelo-fallecido), un gigante entre los entrenadores por sus logros en los torneos distritales masculino y femenino, as\u00ed como con la selecci\u00f3n en competencias internacionales.<\/p>\n\n\n\n<p>Los exaltados fueron reconocidos con la perennidad por sus trayectorias deportivas y ejemplar comportamiento ciudadano. El ceremonial, auspiciado por el Banco Popular, estuvo cargado de emotividad por los discursos de los exaltados. &nbsp;<\/p>\n\n\n\n<p>Protagonizaron el 59 ceremonial realizado este domingo 16 de noviembre por el Pabell\u00f3n de la Fama, durante el acto celebrado en el auditorio principal de la instituci\u00f3n con sede en el Centro Ol\u00edmpico Juan Pablo Duarte.<\/p>\n\n\n\n<p>Dionisio Guzm\u00e1n, al dirigir las palabras de bienvenida en su condici\u00f3n de presidente del Comit\u00e9 Permanente del Pabell\u00f3n de la Fama, ponder\u00f3 las virtudes de los inmortales y como enaltecieron a una naci\u00f3n cuando les toc\u00f3 competir y representarla en los escenarios internacionales.<\/p>\n\n\n\n<p>Guzm\u00e1n expres\u00f3 optimismo sobre la realizaci\u00f3n de los Juegos del Centenario, asegurando su \u00e9xito gracias a las adecuaciones y construcciones en las instalaciones deportivas.<\/p>\n\n\n\n<p>Destac\u00f3 los logros recientes en el deporte base, mencionando la celebraci\u00f3n exitosa de los Juegos Fronterizos y los Juegos Escolares de este a\u00f1o, subrayando la importancia del apoyo a los atletas y la juventud a trav\u00e9s de la infraestructura en los clubes.<\/p>\n\n\n\n<p>Finalmente, el presidente del Comit\u00e9 extendi\u00f3 un agradecimiento especial a colaboradores y patrocinadores: el&nbsp;&nbsp; Banco Popular, por su apoyo constante a\u00f1o tras a\u00f1o; al ministro del Deporte Kelvin Cruz, o tanto por el apoyo en el Ceremonial, c\u00f3mo por su gesti\u00f3n continua.<\/p>\n\n\n\n<p>Guzm\u00e1n presidi\u00f3 la exaltaci\u00f3n junto al presidente de Honor, empresario Manuel Estrella y el secretario del Pabell\u00f3n, Rafael Damir\u00f3n.<\/p>\n\n\n\n<p>La exaltaci\u00f3n comenz\u00f3 con el pelotero Jos\u00e9 Reyes y finaliz\u00f3 con el boxeador Joan Guzm\u00e1n. El ceremonial, como de costumbre, fue conducido magistralmente por Yancen Pujols (moderador) y Jos\u00e9 Antonio Mena (conductor).<\/p>\n\n\n\n<p><strong>Reconocimientos<\/strong><strong><\/strong><\/p>\n\n\n\n<p>El Pabell\u00f3n de la Fama reconoci\u00f3 con la dedicatoria del Ceremonial el trabajo desempe\u00f1ado por Jos\u00e9 Ram\u00edrez durante 13 temporadas en las Grandes Ligas como jugador superestrella de los Guardianes de Cleveland y del b\u00e9isbol en general.<\/p>\n\n\n\n<p>El tributo al nativo de Peravia, Ban\u00ed, fue por su trayectoria en el terreno de juego y su comportamiento ciudadano tanto en los Estados Unidos como en su natal Rep\u00fablica Dominicana.<\/p>\n\n\n\n<p>Su impacto ha sido de tal magnitud para los Guardianes y para Cleveland, que este mismo a\u00f1o, durante la temporada regular, la ciudad design\u00f3 una calle en honor a Jos\u00e9 Ram\u00edrez, quien en unas breves palabras dijo que la dedicatoria del evento a su persona \u201ces algo que aprecio mucho\u201d.<\/p>\n\n\n\n<p>El reconocimiento al antesalista estrella fue entregado por Dionisio Guzm\u00e1n, Rafael Damir\u00f3n, Niurca Herrera y Rub\u00e9n And\u00fajar Scheker.<\/p>\n\n\n\n<p>El Pabell\u00f3n tambi\u00e9n reconoci\u00f3 la haza\u00f1a alcanzada en octubre pasado por la pesista Yudelina Mej\u00eda, quien se convirti\u00f3 en la primera atleta de su deporte, sin importar el g\u00e9nero, en ganar una medalla de oro en un Campeonato Mundial de Halterofilia.<\/p>\n\n\n\n<p>Mej\u00eda, oriunda de San Pedro de Macor\u00eds, domin\u00f3 la modalidad de arranque con 122 kilos en la categor\u00eda 81 kilogramos, y coron\u00f3 su relevante actuaci\u00f3n con respectivas preseas de plata en envi\u00f3n y total, con 149 y 271 kilos. El Mundial fue celebrado en F\u00f8rde, Noruega.<\/p>\n\n\n\n<p>Yudelina, quien declar\u00f3 sentirse honrada y privilegiada por el homenaje, recibi\u00f3 un galard\u00f3n de manos de Manuel Estrella, Juan Niemen, Guzm\u00e1n, Damir\u00f3n y William Ozuna, presidente de la Federaci\u00f3n Dominicana de Pesas.<\/p>\n\n\n\n<p><strong>Actuantes y edecanes<\/strong><\/p>\n\n\n\n<p>Durante el evento la promesa del atletismo mundial Liranyi Alonso y el destacado miembro de la selecci\u00f3n nacional de boliche Alex Prats portaron la Bandera Nacional y del Pabell\u00f3n, respectivamente. Mientras que la veterana cronista deportiva Aledaida Hern\u00e1ndez, una de las pioneras en su g\u00e9nero, y el \u00e1rbitro internacional de voleibol Yuri Ram\u00edrez desfilaron portando el Laurel y el Machete, los s\u00edmbolos del Pabell\u00f3n.<\/p>\n\n\n\n<p>Los edecanes de los exaltados hoy fueron Emma Mej\u00eda, Dinorah Serafina Cruz, Mar\u00eda Gertrudis Mercedes, Jaime D\u00edaz, Katherine Reyes y Felipe -Jay- Payano, quienes respectivamente acompa\u00f1aron hasta la gloria inmortal a Gonzalo, Miguelo, Offerman, Encarnaci\u00f3n, Reyes y Guzm\u00e1n.<\/p>\n\n\n\n<p>Salom\u00f3n tuvo como edec\u00e1n a Jos\u00e9 Luis Ram\u00edrez, Ben\u00edtez a su hija Jeriffer, Villanueva a su padre Roberto, Jacinto a Rafael Mena Canto, Jackson a la inmortal Cosiris Rodr\u00edguez y Almonte desfil\u00f3 con Dante Toribio.<\/p>\n\n\n\n<p>Jackson no hizo el viaje desde los Estados Unidos porque se encuentra en el proceso de su ciudadan\u00eda y la represent\u00f3 su madre Francisca Cabrera de la Cruz. Mientras que, en lugar del fallecido Beato Miguel, recibi\u00f3 su hijo e inmortal del voleibol Cristian Cruz.<\/p>\n\n\n\n<p>El solemne acto inici\u00f3 con la instalaci\u00f3n de los miembros del Comit\u00e9 Permanente, seguido de la interpretaci\u00f3n de los himnos Nacional y del Pabell\u00f3n, a cargo del Orfe\u00f3n de Santiago. Monse\u00f1or Lorenzo Vargas tuvo a su cargo la bendici\u00f3n del ceremonial.<\/p>\n\n\n\n<p><strong>DISCURSO DE LOS EXALTADOS<\/strong><strong><\/strong><\/p>\n\n\n\n<p><strong>Jos\u00e9 Reyes (B\u00e9isbol profesional)<\/strong><strong><\/strong><\/p>\n\n\n\n<p>El pelotero dominicano Jos\u00e9 Reyes fue inmortalizado hoy en el Pabell\u00f3n de la Fama del Deporte Dominicano en una emotiva ceremonia, donde ofreci\u00f3 un discurso centrado en el agradecimiento a Dios, su familia y aquellos que forjaron su camino.<\/p>\n\n\n\n<p>Reyes expres\u00f3 su inmenso orgullo por el honor, atribuyendo su \u00e9xito a la gu\u00eda divina, la salud, el talento y la disciplina.<\/p>\n\n\n\n<p>Un agradecimiento profundo fue dedicado a sus padres, Jos\u00e9 Manuel Reyes y Rosal\u00eda Toribio, a quienes se\u00f1al\u00f3 como sus primeras inspiraciones por ense\u00f1arle el valor del trabajo, la humildad y el respeto. Tambi\u00e9n extendi\u00f3 su amor y gratitud a su esposa Katherine, hijas y hermana por su apoyo incondicional.<\/p>\n\n\n\n<p>El nuevo inmortal no olvid\u00f3 a figuras clave en su carrera, citando a:<\/p>\n\n\n\n<p>*&nbsp;&nbsp; T\u00edo Freddy Reyes: Reconocido por su acompa\u00f1amiento en los sacrificios iniciales y por ense\u00f1arle a manejar.<\/p>\n\n\n\n<p>*&nbsp;&nbsp; Eli Toledo: El scout que le dio la oportunidad de firmar profesionalmente, un momento que Reyes afirm\u00f3 \u201ccambi\u00f3 mi vida\u201d.<\/p>\n\n\n\n<p>*&nbsp;&nbsp; Juan Robles: Mi coach boricua, quien viaj\u00f3 desde Puerto Rico para guiarlo dentro y fuera del terreno.<\/p>\n\n\n\n<p>Finalmente, Reyes dedic\u00f3 un sentido homenaje a sus compa\u00f1eros de equipo y a sus amistades, mencionando especialmente a aquellos que viajaban desde Palmar Arriba en autobuses a las 6 de la ma\u00f1ana para apoyarlo, declarando: \u00abAqu\u00ed est\u00e1 su logro, en el pabell\u00f3n de la Fama.\u00bb<\/p>\n\n\n\n<p>El discurso concluy\u00f3 con un mensaje de motivaci\u00f3n para las nuevas generaciones, impulsado por el reconocimiento del Comit\u00e9 del Pabell\u00f3n de la Fama y el apoyo de la empresa deportiva nacional.<\/p>\n\n\n\n<p><strong>Beato Miguel Cruz &#8211; Fallecido (palabras de su hijo Cristian)<\/strong><strong><\/strong><\/p>\n\n\n\n<p>En una ceremonia trascendental para el deporte dominicano, Beato Miguel Cruz fue inmortalizado en el Pabell\u00f3n de la Fama, un reconocimiento que su familia ha calificado como un \u201cacto de justicia hist\u00f3rica\u201d.<\/p>\n\n\n\n<p>\u201cEste es un acto de justicia hist\u00f3rica. El legado de Beato Miguel Cruz trasciende la cancha en el d\u00eda de su exaltaci\u00f3n al Pabell\u00f3n de la Fama\u201d<\/p>\n\n\n\n<p>Cristian, representando a la familia, destac\u00f3 que el legado de Beato Miguel Cruz, esposo de Carmen Dinora Cruz y padre de Dinora y Miguel Cruz, va mucho m\u00e1s all\u00e1 de sus logros como entrenador o estratega de medallas.<\/p>\n\n\n\n<p>El discurso enfatiz\u00f3 la filosof\u00eda de vida del homenajeado:<\/p>\n\n\n\n<p>*&nbsp;&nbsp; Formaba Car\u00e1cter: Cristian subray\u00f3 que Miguel no solo entrenaba cuerpos, sino que \u201centren\u00f3 car\u00e1cter\u201d y \u201clevant\u00f3 generaciones\u201d.<\/p>\n\n\n\n<p>*&nbsp;&nbsp; Visi\u00f3n y Convicci\u00f3n: Destac\u00f3 su capacidad para ver el futuro y creer antes que los dem\u00e1s, entendiendo que la verdadera victoria se gestaba \u201cen la mente, y en el coraz\u00f3n de cada atleta\u201d.<\/p>\n\n\n\n<p>*&nbsp;&nbsp; Legado de Vida: Su herencia no se mide solo en medallas, sino en las \u201cvidas transformadas\u201d que inspir\u00f3.<\/p>\n\n\n\n<p>Cruz concluy\u00f3 que el nombre de Miguel Cruz se eleva al Pabell\u00f3n de la Fama como un visionario que comprendi\u00f3 que el deporte \u201cno solo entrenaba cuerpos, formaba ciudadanos, controlaba identidad y edificaba una naci\u00f3n\u201d.<\/p>\n\n\n\n<p>XXXXXXXXXXXXXXXXXXXXXXXXXXXXXXXXXXXXXXXXXXXXXXXXX<\/p>\n\n\n\n<p><strong>Rubel Salom\u00f3n (Karate)<\/strong><strong><\/strong><\/p>\n\n\n\n<p>Rubel Salom\u00f3n fue exaltado hoy al Pabell\u00f3n de la Fama del Deporte Dominicano, un honor que, seg\u00fan expres\u00f3, le llega a pesar de las dificultades, destacando el desarrollo y estabilizaci\u00f3n que el deporte est\u00e1 brindando a los j\u00f3venes del pa\u00eds.<\/p>\n\n\n\n<p>Salom\u00f3n, quien se enorgullece de provenir de una provincia peque\u00f1a, Zamora, donde hoy celebra su primer inmortal.<\/p>\n\n\n\n<p>Entre los agradecimientos clave, Salom\u00f3n destac\u00f3:<\/p>\n\n\n\n<p>*&nbsp;&nbsp; Apoyo ante la Lesi\u00f3n: Reconoci\u00f3 a Luis\u00edn Mej\u00eda por defender su desarrollo tras una lesi\u00f3n en 2004 en los cuellos. En 2015, Mej\u00eda le consigui\u00f3 una beca para una maestr\u00eda en Santo Domingo, contactando inmediatamente a la rectora de la universidad.<\/p>\n\n\n\n<p>*&nbsp;&nbsp; Cr\u00f3nica Deportiva: Agradeci\u00f3 a Leo Corpor\u00e1n, a quien llam\u00f3 su padre, y a Rolando Guante, por su apoyo desde la cr\u00f3nica.<\/p>\n\n\n\n<p>*&nbsp;&nbsp; Apoyo Reciente: Mencion\u00f3 al viceministro de Deportes, Kennedy Vargas, por su apoyo.<\/p>\n\n\n\n<p>El discurso reflej\u00f3 la emoci\u00f3n de Salom\u00f3n ante el logro, reconociendo a todos los que contribuyeron a su camino.<\/p>\n\n\n\n<p>XXXXXXXXXXXXXXXXXXXXXXXXXXXXXXXXXXXXXXXXXXXXXXXXX<\/p>\n\n\n\n<p><strong>Francia Jackson (este fue su mensaje a trav\u00e9s de un audio)<\/strong><strong><\/strong><\/p>\n\n\n\n<p>La voleibolista Francia Jackson fue exaltada al Pabell\u00f3n de la Fama, recibiendo un honor que calific\u00f3 como un \u201cplacer\u201d y el cumplimiento de un sue\u00f1o. Aunque no pudo estar presente, su mensaje, le\u00eddo en su nombre, estuvo cargado de gratitud hacia quienes moldearon su carrera.<\/p>\n\n\n\n<p>Jackson expres\u00f3 su profundo agradecimiento al Pabell\u00f3n de la Fama por la distinci\u00f3n, la cual ve como el reconocimiento a \u201ca\u00f1os de sacrificio, dedicaci\u00f3n, esfuerzo y amor por este deporte\u201d.<\/p>\n\n\n\n<p>Los agradecimientos centrales incluyeron:<\/p>\n\n\n\n<p>*&nbsp;&nbsp; Familia y Or\u00edgenes: Agradeci\u00f3 incondicionalmente a su familia, destacando especialmente a su padre, Juan Jos\u00e9 Jackson, por ense\u00f1arle a amar el deporte y darle el impulso para creer en s\u00ed misma.<\/p>\n\n\n\n<p>*&nbsp;&nbsp; Impulsores Clave: Mencion\u00f3 a Crist\u00f3bal Marte por su generosidad al abrirle puertas para el siguiente paso en su desarrollo y a su primera entrenadora, Mayo Sibilia, por ense\u00f1arle que la estatura no define la grandeza.<\/p>\n\n\n\n<p>*&nbsp;&nbsp; Cuerpo T\u00e9cnico y M\u00e9dico: Extendi\u00f3 su agradecimiento al cuerpo t\u00e9cnico (Jorge P\u00e9rez Vento, Jacinto Campechano, H\u00e9ctor Romero) y al personal m\u00e9dico por su dedicaci\u00f3n y por mantenerla en pie, cuando su cuerpo dec\u00eda lo contrario.<\/p>\n\n\n\n<p>*&nbsp;&nbsp; Compa\u00f1eras y Comunidad: Record\u00f3 con cari\u00f1o a sus compa\u00f1eras de equipo por compartir el sudor, las l\u00e1grimas y las risas, y agradeci\u00f3 el aliento constante de los moradores de su sector, Los \u00c1ngeles.<\/p>\n\n\n\n<p>Jackson concluy\u00f3 reafirmando que su logro no es s\u00f3lo suyo, sino de todos los que han cre\u00eddo y sostenido su camino.<\/p>\n\n\n\n<p>XXXXXXXXXXXXXXXXXXXXXXXXXXXXXXXXXXXXXXXXXXXXXXXXX<\/p>\n\n\n\n<p><strong>Jos\u00e9 Offerman (B\u00e9isbol profesional)<\/strong><strong><\/strong><\/p>\n\n\n\n<p>Jos\u00e9 Offerman fue exaltado hoy al Pabell\u00f3n de la Fama, un honor que llevar\u00e9 \u201cen lo m\u00e1s profundo de mi coraz\u00f3n\u201d. Offerman dedic\u00f3 gran parte de su discurso a reconocer a quienes lo sustentaron a \u00e9l y a su familia, destacando una carrera libre de las lesiones que han limitado a otros talentos.<\/p>\n\n\n\n<p>Pilares Familiares:<\/p>\n\n\n\n<p>Offerman inici\u00f3 expresando su inmensa gratitud a su madre por ser su apoyo constante en los momentos dif\u00edciles. Extendi\u00f3 su agradecimiento a sus hermanos: Jos\u00e9 Manuel, Julio C\u00e9sar, Mario Alberto, V\u00edctor Vicente, Juan Ram\u00f3n, Jos\u00e9 Osvaldo y Yasori, por su presencia continua.<\/p>\n\n\n\n<p>*&nbsp;&nbsp; Hijos y Esposa: A sus hijos Josan, Jalen, Joseph Josu\u00e9, Joslin y Valery, a quienes llam\u00f3 sus \u201cmejores fan\u00e1ticos\u201d, reconociendo su apoyo tanto en su rol de jugador como de manager en las \u00faltimas dos d\u00e9cadas. Especialmente, agradeci\u00f3 a su esposa, llam\u00e1ndola \u201cla due\u00f1a de las oraciones en los momentos complicados\u201d, por estar siempre en el estadio y ser su apoyo cuando perd\u00eda la fe.<\/p>\n\n\n\n<p>Apoyo Profesional y Amistades:<\/p>\n\n\n\n<p>El inmortalizado record\u00f3 a su padre, Jos\u00e9 Offerman Cruz, quien le inculc\u00f3 el amor por el b\u00e9isbol desde los cinco a\u00f1os. Tambi\u00e9n agradeci\u00f3 a figuras clave de su desarrollo:<\/p>\n\n\n\n<p>*&nbsp;&nbsp; Inicios: Don Gregorio Olivares y Don Rafael \u00c1vila (quien dio el visto bueno para su firma profesional), tras ser recomendado por Elvio Jim\u00e9nez y Micky Nazario..<\/p>\n\n\n\n<p>*&nbsp;&nbsp; Ascenso: Epifanio Guerrero, quien vio su potencial como centerfield y gestion\u00f3 un cambio que benefici\u00f3 su carrera al atraer la atenci\u00f3n de los Dodgers.<\/p>\n\n\n\n<p>Offerman reconoci\u00f3 a los medios de comunicaci\u00f3n y periodistas por destacar sus logros y usar la cr\u00edtica constructiva para ayudarle a crecer. Finalmente, agradeci\u00f3 a:<\/p>\n\n\n\n<p>*&nbsp;&nbsp; Fundaci\u00f3n Dominicana de Autismo por su apoyo.<\/p>\n\n\n\n<p>* &nbsp;&nbsp;La organizaci\u00f3n Azucarero del Este (hoy Toro del Este) por ser el primer equipo que le dio la oportunidad de jugar en la Liga Dominicana, y a los Gloriosos Tigres del Licey, el equipo de mi vida, y con estos a todas las organizaciones del b\u00e9isbol profesional dominicano.<\/p>\n\n\n\n<p>XXXXXXXXXXXXXXXXXXXXXXXXXXXXXXXXXXXXXXXXXXXXXXXXX<\/p>\n\n\n\n<p><strong>Wilfredo -Willy- Almonte (Atletismo)<\/strong><strong><\/strong><\/p>\n\n\n\n<p>Wilfredo Almonte fue exaltado hoy al Pabell\u00f3n de la Fama del Deporte Dominicano. En el inicio de su discurso, Almonte expres\u00f3 su profunda gratitud por la oportunidad de estar presente, atribuyendo su presencia a la gracia de Dios.<\/p>\n\n\n\n<p>XXXXXXXXXXXXXXXXXXXXXXXXXXXXXXXXXXXXXXXXXXXXXXXXX<\/p>\n\n\n\n<p><strong>Luis Ben\u00edtez (Taekwondo)<\/strong><strong><\/strong><\/p>\n\n\n\n<p>Este nuevo miembro del Pabell\u00f3n de la Fama del Deporte Dominicano comparti\u00f3 un emotivo discurso donde destac\u00f3 el \u201cla entrega\u201d como la base de su \u00e9xito, dedicando el honor a quienes lo han apoyado incondicionalmente.<\/p>\n\n\n\n<p>El orador expres\u00f3 el profundo agradecimiento a su familia, a quienes considera sus \u201cfan\u00e1ticos preferidos\u201d:<\/p>\n\n\n\n<p>*&nbsp;&nbsp; Hijos: Mencion\u00f3 a Jeriffer, Rafael y Elizabeth, pero dedic\u00f3 un mensaje especial a su primog\u00e9nita y edec\u00e1n, Jeriffer, inspiradora desde 2001, afirmando: \u201cEsto es para ti y esto fue para t\u00ed. Te amo.\u201d<\/p>\n\n\n\n<p>*&nbsp;&nbsp; Padres: Agradeci\u00f3 la disciplina inculcada por su madre, Padrita Santi, y su padre, Rafael Ben\u00edtez, quien se encuentra en Estados Unidos, asegurando que el \u00e9xito de hoy le llegar\u00eda.<\/p>\n\n\n\n<p>El discurso tambi\u00e9n honr\u00f3 a figuras formativas en su carrera:<\/p>\n\n\n\n<p>*&nbsp;&nbsp; Apoyos Cruciales: Mencion\u00f3 a Tony Mesa (a quien llam\u00f3 \u201cmi pap\u00e1\u201d).<\/p>\n\n\n\n<p>Finalmente, agradeci\u00f3 a sus hermanos (Rosario, Jos\u00e9) y a sus compa\u00f1eros, incluyendo a Luisito Pies y el fisioterapeuta Jos\u00e9 Silverio (Pe\u00f1a), y al p\u00fablico presente.<\/p>\n\n\n\n<p>XXXXXXXXXXXXXXXXXXXXXXXXXXXXXXXXXXXXXXXXXXXXXXXXX<\/p>\n\n\n\n<p><strong>CHARLIE VILLANUEVA (BALONCESTO)<\/strong><strong><\/strong><\/p>\n\n\n\n<p>Charlie Villanueva fue exaltado hoy al Pabell\u00f3n de la Fama del Deporte Dominicano, un honor que recibi\u00f3 con inmensa gratitud hacia quienes lo apoyaron y una profunda conexi\u00f3n con su herencia dominicana.<\/p>\n\n\n\n<p>Villanueva comenz\u00f3 su discurso con un agradecimiento general, pero r\u00e1pidamente se centr\u00f3 en su equipo de apoyo:<\/p>\n\n\n\n<p>*&nbsp;&nbsp; Familia y Equipo: Expres\u00f3 su amor y agradecimiento a su esposa, hermanos, primos, amigos y familia presentes, declarando: \u201cGracias por ser mi equipo&#8230; esto va a ustedes tambi\u00e9n.\u201d Dedic\u00f3 un mensaje especial a su madre y a sus hijos e hijas.<\/p>\n\n\n\n<p>*&nbsp;&nbsp; Representaci\u00f3n Nacional: Un momento central de su discurso fue recordar la decisi\u00f3n que tom\u00f3 a los 17 a\u00f1os. Aunque naci\u00f3 en Estados Unidos, record\u00f3 sentirse \u201ccomo un traidor\u201d al representar a Estados Unidos en un torneo en Halifax, Canad\u00e1, optando luego de ese campeonato por representar a la Rep\u00fablica Dominicana, un sue\u00f1o que se le permiti\u00f3 cumplir.<\/p>\n\n\n\n<p>Ra\u00edces y Futuro:<\/p>\n\n\n\n<p>Villanueva enfatiz\u00f3 sus ra\u00edces, se\u00f1alando que naci\u00f3 en Estados Unidos, pero creci\u00f3 en \u201cun hogar dominicano,\u201d donde se compart\u00edan costumbres como el mang\u00fa. Concluy\u00f3 anunciando que pasar\u00e1 m\u00e1s tiempo en el pa\u00eds, ya que pronto se mudar\u00e1 a una casa en la Rep\u00fablica Dominicana.<\/p>\n\n\n\n<p>El discurso tambi\u00e9n incluy\u00f3 un agradecimiento inicial por los consejos recibidos.<\/p>\n\n\n\n<p>XXXXXXXXXXXXXXXXXXXXXXXXXXXXXXXXXXXXXXXXXXXXXXXXX<\/p>\n\n\n\n<p><strong>JUAN CARLOS JACINTO (JUDO)<\/strong><strong><\/strong><\/p>\n\n\n\n<p>El judoca Juan Carlos Jacinto fue exaltado hoy al Pabell\u00f3n de la Fama del Deporte Dominicano, un d\u00eda que calific\u00f3 como profundamente especial y el resultado de una vida dedicada a la competici\u00f3n, el sacrificio y la entrega al judo.<\/p>\n\n\n\n<p>Jacinto dedic\u00f3 su agradecimiento inicial a Dios por guiar su camino y permitirle recibir este honor que trasciende cualquier medalla.<\/p>\n\n\n\n<p>Pilares Familiares:<\/p>\n\n\n\n<p>El inmortalizado expres\u00f3 su mayor gratitud hacia su familia, el verdadero pilar de todo lo que es\u201d:<\/p>\n\n\n\n<p>*&nbsp;&nbsp; Esposa: Carmen Matera, por su paciencia, apoyo incondicional y por caminar con \u00e9l en cada etapa.<\/p>\n\n\n\n<p>*&nbsp;&nbsp; Hijos: Carla, Juan Carlos y Cael, su motor e inspiraci\u00f3n diaria.<\/p>\n\n\n\n<p>*&nbsp;&nbsp; Madre: Se\u00f1ora Melina Jim\u00e9nez, presente en el acto, a quien agradeci\u00f3 por ense\u00f1arle que con fe y esfuerzo todo es posible.<\/p>\n\n\n\n<p>*&nbsp;&nbsp; Hermanos: Reconoci\u00f3 que el logro tambi\u00e9n es de ellos por compartir la pasi\u00f3n por el judo y el valor del trabajo en equipo.<\/p>\n\n\n\n<p>Agradecimientos Institucionales y Mentores:<\/p>\n\n\n\n<p>Jacinto extendi\u00f3 su agradecimiento a varias instituciones y personas clave:<\/p>\n\n\n\n<p>*&nbsp;&nbsp; Federaci\u00f3n Dominicana de Judo (FEDOJUDO): Agradeci\u00f3 por crearle su trabajo, por el apoyo como atleta y formador, y por la oportunidad de contribuir al desarrollo de nuevas generaciones. Mencion\u00f3 especialmente al licenciado Gilberto Garc\u00eda, a quien calific\u00f3 como su entrenador, mentor y ejemplo de liderazgo.<\/p>\n\n\n\n<p>*&nbsp;&nbsp; Armada de la Rep\u00fablica Dominicana: Instituci\u00f3n a la que pertenece y de la cual siempre ha contado con su apoyo.<\/p>\n\n\n\n<p>*&nbsp;&nbsp; Otras Entidades: Agradeci\u00f3 al Ministerio de Deporte y al Comit\u00e9 Ol\u00edmpico Dominicano por el respaldo durante su carrera.<\/p>\n\n\n\n<p>*&nbsp;&nbsp; Club Deportivo de Naco: Donde encontr\u00f3 una familia que comparte su pasi\u00f3n por el judo. Mencion\u00f3 al Sensei Juan Chalas, a la Asociaci\u00f3n de Padres del Club Naco, y a toda la familia que le brind\u00f3 amistad.<\/p>\n\n\n\n<p>*&nbsp;&nbsp; Club de Judo de San Crist\u00f3bal: Lugar donde comenz\u00f3 todo, agradeciendo a su maestro, Profesor Felipe Morb\u00e1n y otros entrenadores, quienes le ense\u00f1aron valor, respeto, humildad y consistencia.<\/p>\n\n\n\n<p>Jacinto concluy\u00f3 afirmando que este reconocimiento es la confirmaci\u00f3n de que el esfuerzo vale la pena cuando se trabaja con pasi\u00f3n y disciplina. Se comprometi\u00f3 a seguir aportando al desarrollo del judo y del deporte dominicano, siendo un ejemplo para las nuevas generaciones.<\/p>\n\n\n\n<p>XXXXXXXXXXXXXXXXXXXXXXXXXXXXXXXXXXXXXXXXXXXXXXXXX<\/p>\n\n\n\n<p><strong>EDWIN ENCARNACI\u00d3N (BEISBOL)<\/strong><strong><\/strong><\/p>\n\n\n\n<p>El inmortal Edwin Encarnaci\u00f3n recibi\u00f3 hoy un profundo honor al ser exaltado al Pabell\u00f3n de la Fama del Deporte Dominicano.<\/p>\n\n\n\n<p>En un discurso cargado de emoci\u00f3n, Edwin agradeci\u00f3 al Comit\u00e9 por la distinci\u00f3n y destac\u00f3 que este logro es compartido con todos quienes lo apoyaron en los momentos buenos y dif\u00edciles.<\/p>\n\n\n\n<p>El Pilar Familiar:<\/p>\n\n\n\n<p>Rodr\u00edguez dedic\u00f3 la mayor parte de su intervenci\u00f3n a su c\u00edrculo \u00edntimo, reconociendo su apoyo incondicional:<\/p>\n\n\n\n<p>*&nbsp;&nbsp; Esposa e Hijos: Agradeci\u00f3 a su esposa, Karen Yapor, y a sus hijos, Henry Jr., Eben y Eire, a quienes llam\u00f3 su motor, felicidad y mayor bendici\u00f3n.<\/p>\n\n\n\n<p>*&nbsp;&nbsp; Madre: Envi\u00f3 un mensaje de amor y esperanza a su madre, quien no pudo asistir por problemas de salud, agradeci\u00e9ndole por ser un ejemplo de trabajo, lucha y sacrificio.<\/p>\n\n\n\n<p>*&nbsp;&nbsp; Familia Extensa: Expres\u00f3 su amor a sus m\u00e1s de 20 hermanos y 30 sobrinos por facilitar su carrera.<\/p>\n\n\n\n<p>Agradecimientos Clave y Mentores:<\/p>\n\n\n\n<p>El deportista reconoci\u00f3 a figuras cruciales en su camino:<\/p>\n\n\n\n<p>Guillermo Estrella: Por su apoyo incondicional.<\/p>\n\n\n\n<p>*&nbsp;&nbsp; Ram\u00f3n Cuello: Por su lealtad, trabajo y confianza.<\/p>\n\n\n\n<p>Jaime D\u00edaz (Jimmy): A quien consider\u00f3 un segundo padre, agradeci\u00e9ndole por ser el instrumento de Dios para convertir su sue\u00f1o en realidad.<\/p>\n\n\n\n<p>*&nbsp;&nbsp; Organizaci\u00f3n de las \u00c1guilas Cibae\u00f1as: Agradeci\u00f3 por la oportunidad de ser parte de su historia.<\/p>\n\n\n\n<p>El Legado del Padre:<\/p>\n\n\n\n<p>Uno de los momentos m\u00e1s conmovedores fue el homenaje a su padre Elpidio Encarnaci\u00f3n, cuyo video de exaltaci\u00f3n fue proyectado. El padre de Encarnaci\u00f3n fue un connotado entrenador de atletismo en su pa\u00eds y en Puerto Rico.<\/p>\n\n\n\n<p>Encarnaci\u00f3n expres\u00f3 el profundo dolor por su ausencia f\u00edsica, pero afirm\u00f3 sentirlo siempre consigo. Destac\u00f3 que de su padre aprendi\u00f3 que \u201ccon trabajo y disciplina uno puede conquistar lo que sue\u00f1a,\u201d honr\u00e1ndolo como un verdadero \u201cinmortal del deporte dominicano.\u201d<\/p>\n\n\n\n<p>XXXXXXXXXXXXXXXXXXXXXXXXXXXXXXXXXXXXXXXXXXXXXXXXXXXXX<\/p>\n\n\n\n<p><strong>GONZALO MEJIA (TENIS DE CAMPO)<\/strong><strong><\/strong><\/p>\n\n\n\n<p>Durante una emotiva intervenci\u00f3n, una figura ligada tanto a la profesi\u00f3n legal como al deporte, Gonzalo Mej\u00eda agradeci\u00f3 a todas las personas e instituciones que apoyaron su trayectoria, haciendo un llamado enf\u00e1tico a los dirigentes pol\u00edticos y deportivos.<\/p>\n\n\n\n<p>El orador, quien mencion\u00f3 ser abogado y deportista de profesi\u00f3n, expres\u00f3 su gratitud a una gran cantidad de personas e instituciones, aunque opt\u00f3 por no nombrarlos a todos para no omitir a nadie, asegurando que su agradecimiento es consciente y permanente.<\/p>\n\n\n\n<p>Homenaje a Ausentes y Mecenas:<\/p>\n\n\n\n<p>Se dedic\u00f3 un momento especial para recordar a figuras que ya no est\u00e1n, mencionando:<\/p>\n\n\n\n<p>*&nbsp;&nbsp; En el plano operativo: a To\u00f1ito Ram\u00edrez, Cholo Suero y Nelly Manuel Do\u00f1\u00e9, por su apoyo incondicional.<\/p>\n\n\n\n<p>*&nbsp;&nbsp; Mecenas del deporte: George Arzeno Brugal y Jos\u00e9 Le\u00f3n Asensio.<\/p>\n\n\n\n<p>Reflexi\u00f3n Central: Formaci\u00f3n Ciudadana:<\/p>\n\n\n\n<p>El punto culminante del discurso fue una reflexi\u00f3n dirigida a los l\u00edderes del deporte nacional:<\/p>\n\n\n\n<p>\u201cDeben entender que el papel de los deportes debe ser formativo para un entorno social \u00f3ptimo. No es solo hacer campeones&#8230; El fin \u00faltimo es y debe ser formar personas integrales y buenos ciudadanos.\u201d<\/p>\n\n\n\n<p>Solicit\u00f3 a los dirigentes devolver la cultura f\u00edsica a su sitio primordial en la educaci\u00f3n. Tambi\u00e9n mencion\u00f3 que su agradecimiento se extiende a quienes apoyaron su tesis de grado sobre la organizaci\u00f3n deportiva.<\/p>\n\n\n\n<p>XXXXXXXXXXXXXXXXXXXXXXXXXXXXXXXXXXXXXXXXXXXXXXXXX<\/p>\n\n\n\n<p><strong>JOAN GUZMAN (BOXEADOR)<\/strong><strong><\/strong><\/p>\n\n\n\n<p>El boxeador Joan Guzm\u00e1n expres\u00f3 gran emoci\u00f3n y nerviosismo al ser exaltado hoy al Pabell\u00f3n de la Fama del Deporte Dominicano, un sue\u00f1o que se hizo realidad para \u00e9l y su familia.<\/p>\n\n\n\n<p>Guzm\u00e1n inici\u00f3 su discurso saludando a figuras importantes presentes, como Crist\u00f3bal Marte, Leo Corpor\u00e1n y Jos\u00e9 Joaqu\u00edn Puello.<\/p>\n\n\n\n<p>Agradecimiento Inicial y Apoyo Presidencial:<\/p>\n\n\n\n<p>El p\u00fagil record\u00f3 que su primera casa, obtenida en 1993, fue gracias a la gesti\u00f3n de Crist\u00f3bal Marte ante el fallecido ex presidente dominicano Joaqu\u00edn Balaguer, para que se diera un apartamento al atleta.<\/p>\n\n\n\n<p>Gratitud Familiar y de Amistad:<\/p>\n\n\n\n<p>Dirigi\u00f3 palabras de agradecimiento a sus pilares fundamentales:<\/p>\n\n\n\n<p>*&nbsp;&nbsp; Dios, Padre y Madre: Por cuidarlo y llevarlo hasta donde est\u00e1.<\/p>\n\n\n\n<p>*&nbsp;&nbsp; Esposa: Por ser un soporte constante durante sus 29 a\u00f1os de relaci\u00f3n.<\/p>\n\n\n\n<p>*&nbsp;&nbsp; Hijos (Mar\u00eda, Michael, Joan Junior): Por ser muchachos de bien y motivo de orgullo.<\/p>\n\n\n\n<p>El Primer Impulso Ol\u00edmpico:<\/p>\n\n\n\n<p>Mencion\u00f3 con especial afecto a su amigo Alberto Zorrilla, capit\u00e1n del equipo ol\u00edmpico, quien fue el primero en ayudarlo a formalizar su carrera internacional:<\/p>\n\n\n\n<p>*&nbsp;&nbsp; Zorrilla lo busc\u00f3 en Guachupita y se asegur\u00f3 de que sacara su pasaporte, con el cual Guzm\u00e1n logr\u00f3 \u201chacer gloria para el deporte dominicano.\u201d<\/p>\n\n\n\n<p>Reconocimientos Institucionales y Personales:<\/p>\n\n\n\n<p>Guzm\u00e1n agradeci\u00f3 a varias entidades y personas clave:<\/p>\n\n\n\n<p>*&nbsp;&nbsp; Federaci\u00f3n de Boxeo: Por el aporte y soporte brindado.<\/p>\n\n\n\n<p>*&nbsp;&nbsp; Ingeniero Bienvenido Solano: Por su apoyo.<\/p>\n\n\n\n<p>*&nbsp;&nbsp; Maestros (Chivo, Arturo, Leo G\u00f3mez): Por inculcarle valores y hacerle creer en s\u00ed mismo.<\/p>\n\n\n\n<p>*&nbsp;&nbsp; Ej\u00e9rcito de la Rep\u00fablica Dominicana: Destac\u00f3 que el cheque que recib\u00eda como atleta cuando era un joven sin dinero fue vital para su sustento, afirmando que sigue siendo guardia de por vida.<\/p>\n\n\n\n<p>Agradecimiento Especial a Felipe -Jay- Payano:<\/p>\n\n\n\n<p>El agradecimiento m\u00e1s particular fue para su amigo, edec\u00e1n de la ocasi\u00f3n y ex ministro de Deportes, Felipe -Jay- Payano, a quien llam\u00f3 su decano.<\/p>\n\n\n\n<p>Prensa Pabellon<\/p>\n\n\n\n<p><a target=\"_blank\" href=\"mailto:pabellonprensa33@gmail.com\" rel=\"noreferrer noopener\">pabellonprensa33@gmail.co<\/a><\/p>\n","protected":false},"excerpt":{"rendered":"<p>Desde la izquierda, los nuevos iGonzalo Mej\u00eda, Wilfredo Almonte, Luis Ben\u00edtez, Juan Carlos Jacinto, Rubel Salom\u00f3n, Jos\u00e9 Offerman, Jos\u00e9 Reyes, Cristian Cruz, Francisca Cabrera de la Cruz, Charlie Villanueva, Edwin Encarnaci\u00f3n y Joan Guzm\u00e1n comparten con Manuel Estrella, presidente de Honor del Ceremonial, Dionisio Guzm\u00e1n y Rafael Damir\u00f3n, presidente y secretario del Pabell\u00f3n de la [&hellip;]<\/p>\n","protected":false},"author":2,"featured_media":649443,"comment_status":"closed","ping_status":"closed","sticky":true,"template":"","format":"standard","meta":{"footnotes":""},"categories":[17,27],"tags":[],"class_list":["post-649442","post","type-post","status-publish","format-standard","has-post-thumbnail","hentry","category-deportes","category-portada"],"_links":{"self":[{"href":"https:\/\/diariodominicano.com\/index.php?rest_route=\/wp\/v2\/posts\/649442","targetHints":{"allow":["GET"]}}],"collection":[{"href":"https:\/\/diariodominicano.com\/index.php?rest_route=\/wp\/v2\/posts"}],"about":[{"href":"https:\/\/diariodominicano.com\/index.php?rest_route=\/wp\/v2\/types\/post"}],"author":[{"embeddable":true,"href":"https:\/\/diariodominicano.com\/index.php?rest_route=\/wp\/v2\/users\/2"}],"replies":[{"embeddable":true,"href":"https:\/\/diariodominicano.com\/index.php?rest_route=%2Fwp%2Fv2%2Fcomments&post=649442"}],"version-history":[{"count":3,"href":"https:\/\/diariodominicano.com\/index.php?rest_route=\/wp\/v2\/posts\/649442\/revisions"}],"predecessor-version":[{"id":649448,"href":"https:\/\/diariodominicano.com\/index.php?rest_route=\/wp\/v2\/posts\/649442\/revisions\/649448"}],"wp:featuredmedia":[{"embeddable":true,"href":"https:\/\/diariodominicano.com\/index.php?rest_route=\/wp\/v2\/media\/649443"}],"wp:attachment":[{"href":"https:\/\/diariodominicano.com\/index.php?rest_route=%2Fwp%2Fv2%2Fmedia&parent=649442"}],"wp:term":[{"taxonomy":"category","embeddable":true,"href":"https:\/\/diariodominicano.com\/index.php?rest_route=%2Fwp%2Fv2%2Fcategories&post=649442"},{"taxonomy":"post_tag","embeddable":true,"href":"https:\/\/diariodominicano.com\/index.php?rest_route=%2Fwp%2Fv2%2Ftags&post=649442"}],"curies":[{"name":"wp","href":"https:\/\/api.w.org\/{rel}","templated":true}]}}