{"id":649309,"date":"2025-11-15T12:10:32","date_gmt":"2025-11-15T16:10:32","guid":{"rendered":"https:\/\/diariodominicano.com\/?p=649309"},"modified":"2025-11-15T12:16:57","modified_gmt":"2025-11-15T16:16:57","slug":"jce-realizo-con-exito-cuarto-simulacro-de-evacuacion-por-sismo-en-su-sede-central","status":"publish","type":"post","link":"https:\/\/diariodominicano.com\/?p=649309","title":{"rendered":"JCE realiz\u00f3  cuarto simulacro de evacuaci\u00f3n por sismo en su sede central"},"content":{"rendered":"\n<p>Durante el simulacro se moviliz\u00f3 el personal de la sede central.<\/p>\n\n\n\n<p>Enlace de video SS:&nbsp;<a href=\"https:\/\/www.transfernow.net\/dl\/20251115HWtrQhMG\/jDVXU3Yf\" target=\"_blank\" rel=\"noreferrer noopener\">https:\/\/www.transfernow.net\/dl\/20251115HWtrQhMG\/jDVXU3Yf<\/a><\/p>\n\n\n\n<p>Santo Domingo, RD. &#8211; La Junta Central Electoral (JCE) realiz\u00f3 con \u00e9xito su cuarto ejercicio del plan de evacuaci\u00f3n y simulacro de terremoto. Durante el desarrollo del mismo el personal y usuarios procedieron a salir de los cinco edificios de la sede central tras escuchar la alarma, acci\u00f3n que se ejecut\u00f3 en aproximadamente cinco minutos.<\/p>\n\n\n\n<figure class=\"wp-block-image size-large\"><img loading=\"lazy\" decoding=\"async\" width=\"1024\" height=\"819\" src=\"https:\/\/diariodominicano.com\/wp-content\/uploads\/2025\/11\/JCE-Ensayo-2-1024x819.jpeg\" alt=\"\" class=\"wp-image-649313\" srcset=\"https:\/\/diariodominicano.com\/wp-content\/uploads\/2025\/11\/JCE-Ensayo-2-1024x819.jpeg 1024w, https:\/\/diariodominicano.com\/wp-content\/uploads\/2025\/11\/JCE-Ensayo-2-300x240.jpeg 300w, https:\/\/diariodominicano.com\/wp-content\/uploads\/2025\/11\/JCE-Ensayo-2-768x614.jpeg 768w, https:\/\/diariodominicano.com\/wp-content\/uploads\/2025\/11\/JCE-Ensayo-2-816x653.jpeg 816w, https:\/\/diariodominicano.com\/wp-content\/uploads\/2025\/11\/JCE-Ensayo-2.jpeg 1280w\" sizes=\"auto, (max-width: 1024px) 100vw, 1024px\" \/><\/figure>\n\n\n\n<p>Con este ejercicio, realizado la tarde del viernes, en el que intervinieron miembros del Cuerpo de Bomberos de Santo Domingo Oeste y del Sistema Nacional de Atenci\u00f3n a Emergencias y Seguridad (9-1-1), la instituci\u00f3n prob\u00f3 las medidas implementadas en el Plan de Evacuaci\u00f3n y Simulacro que garantizan la seguridad y bienestar de sus colaboradores y visitantes, en caso de ocurrir un desastre.<\/p>\n\n\n\n<figure class=\"wp-block-image size-large\"><img loading=\"lazy\" decoding=\"async\" width=\"1024\" height=\"819\" src=\"https:\/\/diariodominicano.com\/wp-content\/uploads\/2025\/11\/JCE-Ensayo-3-1024x819.jpeg\" alt=\"\" class=\"wp-image-649315\" srcset=\"https:\/\/diariodominicano.com\/wp-content\/uploads\/2025\/11\/JCE-Ensayo-3-1024x819.jpeg 1024w, https:\/\/diariodominicano.com\/wp-content\/uploads\/2025\/11\/JCE-Ensayo-3-300x240.jpeg 300w, https:\/\/diariodominicano.com\/wp-content\/uploads\/2025\/11\/JCE-Ensayo-3-768x614.jpeg 768w, https:\/\/diariodominicano.com\/wp-content\/uploads\/2025\/11\/JCE-Ensayo-3-816x653.jpeg 816w, https:\/\/diariodominicano.com\/wp-content\/uploads\/2025\/11\/JCE-Ensayo-3.jpeg 1280w\" sizes=\"auto, (max-width: 1024px) 100vw, 1024px\" \/><\/figure>\n\n\n\n<p>Emilio Madera P\u00e9rez, encargado de Investigaci\u00f3n y en representaci\u00f3n de la Direcci\u00f3n de Seguridad Civil, destac\u00f3 la colaboraci\u00f3n del personal que condujo la ejecuci\u00f3n del ejercicio, as\u00ed como la acogida de los colaboradores de la instituci\u00f3n para responder a las indicaciones durante la evacuaci\u00f3n ante una cat\u00e1strofe simulada.<\/p>\n\n\n\n<p>Expres\u00f3 que durante el simulacro se moviliz\u00f3 el personal de la sede central, se activaron las alarmas contra incendios y el ejercicio forma parte de los requerimientos de la norma ISO 22301, de la Continuidad de Negocio.<\/p>\n\n\n\n<figure class=\"wp-block-image size-large\"><img loading=\"lazy\" decoding=\"async\" width=\"1024\" height=\"682\" src=\"https:\/\/diariodominicano.com\/wp-content\/uploads\/2025\/11\/JCE-Ensayo-6-1024x682.jpeg\" alt=\"\" class=\"wp-image-649317\" srcset=\"https:\/\/diariodominicano.com\/wp-content\/uploads\/2025\/11\/JCE-Ensayo-6-1024x682.jpeg 1024w, https:\/\/diariodominicano.com\/wp-content\/uploads\/2025\/11\/JCE-Ensayo-6-300x200.jpeg 300w, https:\/\/diariodominicano.com\/wp-content\/uploads\/2025\/11\/JCE-Ensayo-6-768x512.jpeg 768w, https:\/\/diariodominicano.com\/wp-content\/uploads\/2025\/11\/JCE-Ensayo-6-816x544.jpeg 816w, https:\/\/diariodominicano.com\/wp-content\/uploads\/2025\/11\/JCE-Ensayo-6.jpeg 1280w\" sizes=\"auto, (max-width: 1024px) 100vw, 1024px\" \/><\/figure>\n\n\n\n<p>Agreg\u00f3 que la medida se inscribe dentro del Plan de Prevenci\u00f3n y Protecci\u00f3n que el \u00f3rgano electoral implementa de acuerdo con los lineamientos del Sistema de Gesti\u00f3n Integrado (SGI).<\/p>\n\n\n\n<p>Como parte del personal que condujo la ejecuci\u00f3n del ejercicio estuvieron C\u00e9sar Mer\u00e1n, subdirector de Seguridad; Kelvin Alexis Mar\u00eda, asistente del director; y Samuel Mambr\u00fa, subencargado de la Unidad Integral de Gesti\u00f3n de Riesgos.<\/p>\n\n\n\n<p>Direcci\u00f3n de Comunicaciones<\/p>\n\n\n\n<p>15 de noviembre de 2025<\/p>\n","protected":false},"excerpt":{"rendered":"<p>Durante el simulacro se moviliz\u00f3 el personal de la sede central. Enlace de video SS:&nbsp;https:\/\/www.transfernow.net\/dl\/20251115HWtrQhMG\/jDVXU3Yf Santo Domingo, RD. &#8211; La Junta Central Electoral (JCE) realiz\u00f3 con \u00e9xito su cuarto ejercicio del plan de evacuaci\u00f3n y simulacro de terremoto. Durante el desarrollo del mismo el personal y usuarios procedieron a salir de los cinco edificios de [&hellip;]<\/p>\n","protected":false},"author":2,"featured_media":649319,"comment_status":"closed","ping_status":"closed","sticky":true,"template":"","format":"standard","meta":{"footnotes":""},"categories":[20,22],"tags":[],"class_list":["post-649309","post","type-post","status-publish","format-standard","has-post-thumbnail","hentry","category-dominicana-hoy","category-politica"],"_links":{"self":[{"href":"https:\/\/diariodominicano.com\/index.php?rest_route=\/wp\/v2\/posts\/649309","targetHints":{"allow":["GET"]}}],"collection":[{"href":"https:\/\/diariodominicano.com\/index.php?rest_route=\/wp\/v2\/posts"}],"about":[{"href":"https:\/\/diariodominicano.com\/index.php?rest_route=\/wp\/v2\/types\/post"}],"author":[{"embeddable":true,"href":"https:\/\/diariodominicano.com\/index.php?rest_route=\/wp\/v2\/users\/2"}],"replies":[{"embeddable":true,"href":"https:\/\/diariodominicano.com\/index.php?rest_route=%2Fwp%2Fv2%2Fcomments&post=649309"}],"version-history":[{"count":4,"href":"https:\/\/diariodominicano.com\/index.php?rest_route=\/wp\/v2\/posts\/649309\/revisions"}],"predecessor-version":[{"id":649318,"href":"https:\/\/diariodominicano.com\/index.php?rest_route=\/wp\/v2\/posts\/649309\/revisions\/649318"}],"wp:featuredmedia":[{"embeddable":true,"href":"https:\/\/diariodominicano.com\/index.php?rest_route=\/wp\/v2\/media\/649319"}],"wp:attachment":[{"href":"https:\/\/diariodominicano.com\/index.php?rest_route=%2Fwp%2Fv2%2Fmedia&parent=649309"}],"wp:term":[{"taxonomy":"category","embeddable":true,"href":"https:\/\/diariodominicano.com\/index.php?rest_route=%2Fwp%2Fv2%2Fcategories&post=649309"},{"taxonomy":"post_tag","embeddable":true,"href":"https:\/\/diariodominicano.com\/index.php?rest_route=%2Fwp%2Fv2%2Ftags&post=649309"}],"curies":[{"name":"wp","href":"https:\/\/api.w.org\/{rel}","templated":true}]}}