{"id":649291,"date":"2025-11-15T11:39:42","date_gmt":"2025-11-15T15:39:42","guid":{"rendered":"https:\/\/diariodominicano.com\/?p=649291"},"modified":"2025-11-15T11:39:46","modified_gmt":"2025-11-15T15:39:46","slug":"danilo-medina-y-johnny-pujols-encabezaran-acto-del-pld","status":"publish","type":"post","link":"https:\/\/diariodominicano.com\/?p=649291","title":{"rendered":"Danilo Medina y Johnny Pujols encabezar\u00e1n acto del PLD"},"content":{"rendered":"\n<p>ARCHIVO: Danilo Medina en asamblea de dirigentes del PLD<\/p>\n\n\n\n<p><em>El PLD en el Distrito Nacional est\u00e1 preparado para el masivo acto que realizar\u00e1 este domingo el Club Rafael Barias en&nbsp;&nbsp;Villa Consuelo.<\/em><\/p>\n\n\n\n<p>En los barrios y sectores del Distrito Nacional los miembros y simpatizantes&nbsp;&nbsp;del Partido de la Liberaci\u00f3n Dominicana se preparan para asistir masivamente a la Asamblea de Dirigentes y Militantes que se celebrar\u00e1 este domingo (16 noviembre) en el local del Club Rafael Barias en Villa Consuelo.<\/p>\n\n\n\n<p>Desde inicio de la semana los integrantes de los bloques de Comit\u00e9s Intermedios del PLD en la capital motivan la participaci\u00f3n y tienen organizado su traslado colectivo a la actividad.<\/p>\n\n\n\n<p>&nbsp;El acto est\u00e1 programado para iniciar&nbsp;&nbsp;partir de las 10.00 de la ma\u00f1ana en el local del Club Rafael Barias, ubicado en la Calle Eusebio Manzueta, Villa Consuelo y ser\u00e1 encabezado por el ex Presidente Danilo Medina, Presidente del PLD y Johnny Pujols, su secretario general, con el respaldo del Comit\u00e9 Pol\u00edtico y la direcci\u00f3n partidaria en el Distrito Nacional. }<\/p>\n\n\n\n<p>El encuentro se enmarca dentro de las actividades de fortalecimiento y motivaci\u00f3n de la dirigencia y militancia pelede\u00edsta, que ha llevado a la direcci\u00f3n del PLD a realizar actos similares en todo el pa\u00eds.<\/p>\n\n\n\n<p>Alrededor de trescientos (300) nuevos miembros ingresar\u00e1n al Partido de la Liberaci\u00f3n Dominicana (PLD) en la actividad,&nbsp; con la juramentaci\u00f3n a cargo del ex presidente de la Rep\u00fablica,&nbsp; Danilo Medina.<\/p>\n\n\n\n<p>En el desarrollo de la agenda de la actividad intervendr\u00e1 la direcci\u00f3n Pelede\u00edsta en el Distrito Nacional, el secretario general, Johnny Pujols y el presidente&nbsp;del PLD,&nbsp; Danilo Medina, quien adem\u00e1s de tomar el juramento a los nuevos miembros, tiene a su cargo las palabras de cierre.<\/p>\n\n\n\n<p><strong>SECRETARIA COMUNICACIONES<\/strong><\/p>\n\n\n\n<p><strong>15 NOVIEMBRE 2025<\/strong><\/p>\n","protected":false},"excerpt":{"rendered":"<p>ARCHIVO: Danilo Medina en asamblea de dirigentes del PLD El PLD en el Distrito Nacional est\u00e1 preparado para el masivo acto que realizar\u00e1 este domingo el Club Rafael Barias en&nbsp;&nbsp;Villa Consuelo. En los barrios y sectores del Distrito Nacional los miembros y simpatizantes&nbsp;&nbsp;del Partido de la Liberaci\u00f3n Dominicana se preparan para asistir masivamente a la [&hellip;]<\/p>\n","protected":false},"author":2,"featured_media":649292,"comment_status":"closed","ping_status":"closed","sticky":true,"template":"","format":"standard","meta":{"footnotes":""},"categories":[22],"tags":[],"class_list":["post-649291","post","type-post","status-publish","format-standard","has-post-thumbnail","hentry","category-politica"],"_links":{"self":[{"href":"https:\/\/diariodominicano.com\/index.php?rest_route=\/wp\/v2\/posts\/649291","targetHints":{"allow":["GET"]}}],"collection":[{"href":"https:\/\/diariodominicano.com\/index.php?rest_route=\/wp\/v2\/posts"}],"about":[{"href":"https:\/\/diariodominicano.com\/index.php?rest_route=\/wp\/v2\/types\/post"}],"author":[{"embeddable":true,"href":"https:\/\/diariodominicano.com\/index.php?rest_route=\/wp\/v2\/users\/2"}],"replies":[{"embeddable":true,"href":"https:\/\/diariodominicano.com\/index.php?rest_route=%2Fwp%2Fv2%2Fcomments&post=649291"}],"version-history":[{"count":1,"href":"https:\/\/diariodominicano.com\/index.php?rest_route=\/wp\/v2\/posts\/649291\/revisions"}],"predecessor-version":[{"id":649293,"href":"https:\/\/diariodominicano.com\/index.php?rest_route=\/wp\/v2\/posts\/649291\/revisions\/649293"}],"wp:featuredmedia":[{"embeddable":true,"href":"https:\/\/diariodominicano.com\/index.php?rest_route=\/wp\/v2\/media\/649292"}],"wp:attachment":[{"href":"https:\/\/diariodominicano.com\/index.php?rest_route=%2Fwp%2Fv2%2Fmedia&parent=649291"}],"wp:term":[{"taxonomy":"category","embeddable":true,"href":"https:\/\/diariodominicano.com\/index.php?rest_route=%2Fwp%2Fv2%2Fcategories&post=649291"},{"taxonomy":"post_tag","embeddable":true,"href":"https:\/\/diariodominicano.com\/index.php?rest_route=%2Fwp%2Fv2%2Ftags&post=649291"}],"curies":[{"name":"wp","href":"https:\/\/api.w.org\/{rel}","templated":true}]}}