{"id":649284,"date":"2025-11-15T11:28:14","date_gmt":"2025-11-15T15:28:14","guid":{"rendered":"https:\/\/diariodominicano.com\/?p=649284"},"modified":"2025-11-15T11:28:20","modified_gmt":"2025-11-15T15:28:20","slug":"autobus-cultural-iniciativa-en-siria-para-promover-lectura-y-arte-fotos","status":"publish","type":"post","link":"https:\/\/diariodominicano.com\/?p=649284","title":{"rendered":"Autob\u00fas Cultural, iniciativa en Siria para promover lectura y arte (+Fotos)"},"content":{"rendered":"\n<p>Damasco, 15 nov (Prensa Latina) El Ministerio de Cultura de Siria puso en marcha hoy el denominado Autob\u00fas Cultural, una iniciativa itinerante destinada a acercar la literatura, el arte y diversas expresiones del conocimiento a comunidades de todo el pa\u00eds.<\/p>\n\n\n\n<ul class=\"wp-block-list\">\n<li><a href=\"https:\/\/www.prensa-latina.cu\/2025\/11\/15\/\"><time>noviembre 15, 2025 | 09:06<\/time><\/a><\/li>\n<\/ul>\n\n\n\n<ul class=\"wp-block-list\">\n<li><a href=\"https:\/\/www.prensa-latina.cu\/2025\/11\/15\/autobus-cultural-iniciativa-en-siria-para-promover-lectura-y-arte\/#\"><\/a><\/li>\n\n\n\n<li><a href=\"https:\/\/www.prensa-latina.cu\/2025\/11\/15\/autobus-cultural-iniciativa-en-siria-para-promover-lectura-y-arte\/#\"><\/a><\/li>\n\n\n\n<li><a href=\"https:\/\/www.prensa-latina.cu\/2025\/11\/15\/autobus-cultural-iniciativa-en-siria-para-promover-lectura-y-arte\/#\"><\/a><\/li>\n\n\n\n<li><a href=\"https:\/\/www.prensa-latina.cu\/2025\/11\/15\/autobus-cultural-iniciativa-en-siria-para-promover-lectura-y-arte\/#\"><\/a><\/li>\n<\/ul>\n\n\n\n<p>El veh\u00edculo, acondicionado como una biblioteca m\u00f3vil, transporta una amplia colecci\u00f3n de libros, novelas y cuentos para ni\u00f1os y adultos. A bordo participan escritores y poetas voluntarios que dinamizan la vida cultural con actividades que combinan entretenimiento y aprendizaje.<\/p>\n\n\n\n<p>El programa incluye lecturas compartidas, talleres de escritura y dibujo, sesiones de cuentacuentos y concursos recreativos dirigidos a ni\u00f1os y j\u00f3venes. Estas acciones se desarrollan en coordinaci\u00f3n con organizaciones no gubernamentales, escuelas y grupos de voluntarios locales, de acuerdo con un cronograma que busca cubrir el mayor n\u00famero posible de ciudades y pueblos.<\/p>\n\n\n\n<p>El director de Cultura de la provincia de Damasco-campo, Muhammad Irhabi, explic\u00f3 que la iniciativa responde al objetivo de democratizar el acceso al conocimiento y consolidar la presencia de la cultura en todos los barrios del pa\u00eds.<\/p>\n\n\n\n<p>Subray\u00f3 que el proyecto pretende fomentar el h\u00e1bito de la lectura como pr\u00e1ctica cotidiana y fortalecer los v\u00ednculos entre la comunidad y su patrimonio cultural.<\/p>\n\n\n\n<figure class=\"wp-block-image\"><img decoding=\"async\" src=\"https:\/\/www.prensa-latina.cu\/wp-content\/uploads\/2025\/11\/siria-cultural-1.jpg\" alt=\"\" class=\"wp-image-1664681\"\/><\/figure>\n\n\n\n<p>Irhabi explic\u00f3 que la creaci\u00f3n del autob\u00fas surge de la necesidad de revitalizar el panorama cultural nacional y reforzar la identidad siria, as\u00ed como de acercar a las nuevas generaciones a los valores est\u00e9ticos y humanos de su herencia cultural, bajo el lema \u201cCultura, Conciencia y Construcci\u00f3n\u201d.<\/p>\n\n\n\n<figure class=\"wp-block-image\"><img decoding=\"async\" src=\"https:\/\/www.prensa-latina.cu\/wp-content\/uploads\/2025\/11\/siria-cultural-3.jpg\" alt=\"\" class=\"wp-image-1664680\"\/><\/figure>\n\n\n\n<p>El Ministerio extendi\u00f3 el recorrido del Autob\u00fas Cultural a todas las gobernaciones del pa\u00eds, con el prop\u00f3sito de convertirlo en un puente m\u00f3vil del conocimiento y en una herramienta para fortalecer la relaci\u00f3n de la poblaci\u00f3n con la lectura y las expresiones culturales.<\/p>\n\n\n\n<p>Experiencias similares existen en otras regiones del mundo desde la d\u00e9cada de 1930, como las bibliotecas m\u00f3viles en el Reino Unido, el Bookcar en Jap\u00f3n o los Bibliobus en varios pa\u00edses de Am\u00e9rica Latina, iniciativas que han contribuido a reducir brechas culturales y a promover la creatividad entre comunidades urbanas y rurales.<\/p>\n\n\n\n<p>arc\/fm<\/p>\n\n\n\n<ul class=\"wp-block-list\">\n<li>#<a href=\"https:\/\/www.prensa-latina.cu\/etiqueta\/cultura\/\">cultura<\/a>\u00a0#<a href=\"https:\/\/www.prensa-latina.cu\/etiqueta\/siria\/\">siria<\/a><\/li>\n<\/ul>\n","protected":false},"excerpt":{"rendered":"<p>Damasco, 15 nov (Prensa Latina) El Ministerio de Cultura de Siria puso en marcha hoy el denominado Autob\u00fas Cultural, una iniciativa itinerante destinada a acercar la literatura, el arte y diversas expresiones del conocimiento a comunidades de todo el pa\u00eds. El veh\u00edculo, acondicionado como una biblioteca m\u00f3vil, transporta una amplia colecci\u00f3n de libros, novelas y [&hellip;]<\/p>\n","protected":false},"author":2,"featured_media":649285,"comment_status":"closed","ping_status":"closed","sticky":true,"template":"","format":"standard","meta":{"footnotes":""},"categories":[21,23],"tags":[],"class_list":["post-649284","post","type-post","status-publish","format-standard","has-post-thumbnail","hentry","category-cultura","category-internacional"],"_links":{"self":[{"href":"https:\/\/diariodominicano.com\/index.php?rest_route=\/wp\/v2\/posts\/649284","targetHints":{"allow":["GET"]}}],"collection":[{"href":"https:\/\/diariodominicano.com\/index.php?rest_route=\/wp\/v2\/posts"}],"about":[{"href":"https:\/\/diariodominicano.com\/index.php?rest_route=\/wp\/v2\/types\/post"}],"author":[{"embeddable":true,"href":"https:\/\/diariodominicano.com\/index.php?rest_route=\/wp\/v2\/users\/2"}],"replies":[{"embeddable":true,"href":"https:\/\/diariodominicano.com\/index.php?rest_route=%2Fwp%2Fv2%2Fcomments&post=649284"}],"version-history":[{"count":1,"href":"https:\/\/diariodominicano.com\/index.php?rest_route=\/wp\/v2\/posts\/649284\/revisions"}],"predecessor-version":[{"id":649286,"href":"https:\/\/diariodominicano.com\/index.php?rest_route=\/wp\/v2\/posts\/649284\/revisions\/649286"}],"wp:featuredmedia":[{"embeddable":true,"href":"https:\/\/diariodominicano.com\/index.php?rest_route=\/wp\/v2\/media\/649285"}],"wp:attachment":[{"href":"https:\/\/diariodominicano.com\/index.php?rest_route=%2Fwp%2Fv2%2Fmedia&parent=649284"}],"wp:term":[{"taxonomy":"category","embeddable":true,"href":"https:\/\/diariodominicano.com\/index.php?rest_route=%2Fwp%2Fv2%2Fcategories&post=649284"},{"taxonomy":"post_tag","embeddable":true,"href":"https:\/\/diariodominicano.com\/index.php?rest_route=%2Fwp%2Fv2%2Ftags&post=649284"}],"curies":[{"name":"wp","href":"https:\/\/api.w.org\/{rel}","templated":true}]}}