{"id":649262,"date":"2025-11-15T03:25:08","date_gmt":"2025-11-15T07:25:08","guid":{"rendered":"https:\/\/diariodominicano.com\/?p=649262"},"modified":"2025-11-15T03:25:45","modified_gmt":"2025-11-15T07:25:45","slug":"ministro-de-la-presidencia-encabeza-mision-oficial-a-centros-de-excelencia-de-inteligencia-artificial-de-nvidia-en-miami","status":"publish","type":"post","link":"https:\/\/diariodominicano.com\/?p=649262","title":{"rendered":"Ministro de la Presidencia encabeza misi\u00f3n oficial a Centros de Excelencia de Inteligencia Artificial de NVIDIA, en Miami"},"content":{"rendered":"\n<h3 class=\"wp-block-heading\">Buscan replicar estos modelos en el pa\u00eds como parte del acuerdo con la multinacional. La visita incluy\u00f3 discusiones sobre el desarrollo de talento especializado, el impulso de un ecosistema de innovaci\u00f3n y emprendimiento.<\/h3>\n\n\n\n<p>14 de Noviembre 2025 <\/p>\n\n\n\n<figure class=\"wp-block-image\"><img decoding=\"async\" src=\"https:\/\/platform-cdn.sharethis.com\/img\/facebook.svg\" alt=\"facebook sharing button\"\/><\/figure>\n\n\n\n<figure class=\"wp-block-image\"><img decoding=\"async\" src=\"https:\/\/platform-cdn.sharethis.com\/img\/sharethis.svg\" alt=\"sharethis sharing button\"\/><\/figure>\n\n\n\n<p>Miami, Florida.\u2013 El ministro de la Presidencia,&nbsp;<strong>Jos\u00e9 Ignacio Paliza<\/strong>, encabez\u00f3 este viernes una visita oficial a dos&nbsp;<strong>Centros de Excelencia de Inteligencia Artificial<\/strong>&nbsp;(IA) en la ciudad de&nbsp;<strong>Miami<\/strong>, como parte de la agenda que desarrolla el Gobierno en el marco del&nbsp;<strong>acuerdo<\/strong>&nbsp;firmado recientemente con&nbsp;<strong>NVIDIA<\/strong>, empresa l\u00edder mundial en tecnolog\u00edas de c\u00f3mputo acelerado e inteligencia artificial.&nbsp;<\/p>\n\n\n\n<p>La delegaci\u00f3n oficial estuvo integrada, adem\u00e1s, por la embajadora de la Rep\u00fablica Dominicana ante los Estados Unidos,&nbsp;<strong>Mar\u00eda Isabel Castillo<\/strong>; el director de la Oficina Gubernamental de Tecnolog\u00eda de la Informaci\u00f3n y Comunicaciones (Ogtic),&nbsp;<strong>Edgar Batista<\/strong>; el rector del Instituto Tecnol\u00f3gico de las Am\u00e9ricas (ITLA),&nbsp;<strong>Rafael F\u00e9liz;<\/strong>&nbsp;la CEO del NAP del Caribe,&nbsp;<strong>Mar\u00eda Waleska \u00c1lvarez,<\/strong>&nbsp;y el gerente general de OneMax,&nbsp;<strong>Manuel Tavares.<\/strong><\/p>\n\n\n\n<p>El primer encuentro se realiz\u00f3 en el&nbsp;<strong>Miami Dade College AI Center,<\/strong>&nbsp;donde se present\u00f3 el modelo operativo de la instituci\u00f3n, se realiz\u00f3 un recorrido guiado por sus laboratorios y se expusieron las estrategias de formaci\u00f3n de talento, desarrollo de capacidades avanzadas en IA y creaci\u00f3n de&nbsp;<strong>oportunidades educativas<\/strong>&nbsp;dirigidas a estudiantes y profesionales.&nbsp;<\/p>\n\n\n\n<figure class=\"wp-block-image\"><img decoding=\"async\" src=\"https:\/\/www.presidencia.gob.do\/sites\/default\/files\/inline-images\/WhatsApp%20Image%202025-11-14%20at%2016.41.02%20%282%29_0.jpeg\" alt=\"\"\/><\/figure>\n\n\n\n<p>Posteriormente, la delegaci\u00f3n se traslad\u00f3 al&nbsp;<strong>Alan B. Levan | NSU Broward Center of Innovation<\/strong>, en Nova Southeastern University, donde conocieron los esquemas de incubaci\u00f3n, aceleraci\u00f3n de&nbsp;<em>startups<\/em>, alianzas con la industria, investigaci\u00f3n aplicada y modelos de&nbsp;<strong>colaboraci\u00f3n p\u00fablico-privada<\/strong>&nbsp;que han convertido a este centro en un referente regional.&nbsp;&nbsp;<\/p>\n\n\n\n<p>En ambos espacios, las autoridades dominicanas sostuvieron sesiones de trabajo orientadas a analizar&nbsp;<strong>experiencias, procesos y pr\u00e1cticas&nbsp;<\/strong>que contribuir\u00e1n a la implementaci\u00f3n de iniciativas similares en la Rep\u00fablica Dominicana.<\/p>\n\n\n\n<p>El ministro Paliza destac\u00f3 que esta agenda \u201c<em>refuerza el compromiso del Gobierno dominicano con un modelo de crecimiento basado en el conocimiento, la innovaci\u00f3n y la preparaci\u00f3n de nuestro capital humano. La alianza con NVIDIA es un paso decisivo para posicionar a la Rep\u00fablica Dominicana en la econom\u00eda del futuro, y estas visitas nos permiten replicar buenas pr\u00e1cticas y acelerar la implementaci\u00f3n de nuestros propios centros de excelencia\u201d.<\/em><\/p>\n\n\n\n<figure class=\"wp-block-image\"><img decoding=\"async\" src=\"https:\/\/www.presidencia.gob.do\/sites\/default\/files\/inline-images\/WhatsApp%20Image%202025-11-14%20at%2016.41.01%20%282%29_0.jpeg\" alt=\"\"\/><\/figure>\n\n\n\n<p>La visita incluy\u00f3 discusiones sobre el desarrollo de talento especializado, el impulso de un ecosistema de&nbsp;<strong>innovaci\u00f3n y emprendimiento,<\/strong>&nbsp;la creaci\u00f3n de&nbsp;<strong>centros de excelencia en IA<\/strong>&nbsp;y las lecciones aprendidas en instituciones que han logrado consolidar&nbsp;<strong>infraestructura, gobernanza y programas efectivos<\/strong>&nbsp;en materia tecnol\u00f3gica.&nbsp;&nbsp;<\/p>\n\n\n\n<p>Esta misi\u00f3n forma parte de los esfuerzos del\u00a0<strong>presidente Luis Abinader<\/strong>\u00a0para impulsar la transformaci\u00f3n digital del pa\u00eds y consolidar un\u00a0<strong>ecosistema robusto<\/strong>\u00a0de innovaci\u00f3n, formaci\u00f3n de talento y desarrollo tecnol\u00f3gico.<\/p>\n\n\n\n<p>Con informaci\u00f3n de la Presidencia de la Rep\u00fablica.<\/p>\n\n\n\n<p><\/p>\n","protected":false},"excerpt":{"rendered":"<p>Buscan replicar estos modelos en el pa\u00eds como parte del acuerdo con la multinacional. La visita incluy\u00f3 discusiones sobre el desarrollo de talento especializado, el impulso de un ecosistema de innovaci\u00f3n y emprendimiento. 14 de Noviembre 2025 Miami, Florida.\u2013 El ministro de la Presidencia,&nbsp;Jos\u00e9 Ignacio Paliza, encabez\u00f3 este viernes una visita oficial a dos&nbsp;Centros de [&hellip;]<\/p>\n","protected":false},"author":2,"featured_media":649263,"comment_status":"closed","ping_status":"closed","sticky":true,"template":"","format":"standard","meta":{"footnotes":""},"categories":[20],"tags":[],"class_list":["post-649262","post","type-post","status-publish","format-standard","has-post-thumbnail","hentry","category-dominicana-hoy"],"_links":{"self":[{"href":"https:\/\/diariodominicano.com\/index.php?rest_route=\/wp\/v2\/posts\/649262","targetHints":{"allow":["GET"]}}],"collection":[{"href":"https:\/\/diariodominicano.com\/index.php?rest_route=\/wp\/v2\/posts"}],"about":[{"href":"https:\/\/diariodominicano.com\/index.php?rest_route=\/wp\/v2\/types\/post"}],"author":[{"embeddable":true,"href":"https:\/\/diariodominicano.com\/index.php?rest_route=\/wp\/v2\/users\/2"}],"replies":[{"embeddable":true,"href":"https:\/\/diariodominicano.com\/index.php?rest_route=%2Fwp%2Fv2%2Fcomments&post=649262"}],"version-history":[{"count":2,"href":"https:\/\/diariodominicano.com\/index.php?rest_route=\/wp\/v2\/posts\/649262\/revisions"}],"predecessor-version":[{"id":649266,"href":"https:\/\/diariodominicano.com\/index.php?rest_route=\/wp\/v2\/posts\/649262\/revisions\/649266"}],"wp:featuredmedia":[{"embeddable":true,"href":"https:\/\/diariodominicano.com\/index.php?rest_route=\/wp\/v2\/media\/649263"}],"wp:attachment":[{"href":"https:\/\/diariodominicano.com\/index.php?rest_route=%2Fwp%2Fv2%2Fmedia&parent=649262"}],"wp:term":[{"taxonomy":"category","embeddable":true,"href":"https:\/\/diariodominicano.com\/index.php?rest_route=%2Fwp%2Fv2%2Fcategories&post=649262"},{"taxonomy":"post_tag","embeddable":true,"href":"https:\/\/diariodominicano.com\/index.php?rest_route=%2Fwp%2Fv2%2Ftags&post=649262"}],"curies":[{"name":"wp","href":"https:\/\/api.w.org\/{rel}","templated":true}]}}