{"id":649217,"date":"2025-11-15T02:29:31","date_gmt":"2025-11-15T06:29:31","guid":{"rendered":"https:\/\/diariodominicano.com\/?p=649217"},"modified":"2025-11-15T02:32:17","modified_gmt":"2025-11-15T06:32:17","slug":"pentatlon-moderno-obtiene-clasificacion-a-los-juegos-panam-de-lima-2027","status":"publish","type":"post","link":"https:\/\/diariodominicano.com\/?p=649217","title":{"rendered":"Pentatl\u00f3n Moderno obtiene clasificaci\u00f3n a los Juegos Panam de Lima 2027"},"content":{"rendered":"\n<p><strong>Desde la izquierda, Kenny N\u00fa\u00f1ez, los pentatletas Jos\u00e9 Ozoria, Karina Ferm\u00edn,\u00a0Gabriel Dom\u00ednguez \u00a0y Marcelo Derouville, en Argentina.<\/strong><\/p>\n\n\n\n<figure class=\"wp-block-image size-large\"><img loading=\"lazy\" decoding=\"async\" width=\"682\" height=\"1024\" src=\"https:\/\/diariodominicano.com\/wp-content\/uploads\/2025\/11\/Gabriel-Dominguez-682x1024.jpg\" alt=\"\" class=\"wp-image-649219\" srcset=\"https:\/\/diariodominicano.com\/wp-content\/uploads\/2025\/11\/Gabriel-Dominguez-682x1024.jpg 682w, https:\/\/diariodominicano.com\/wp-content\/uploads\/2025\/11\/Gabriel-Dominguez-200x300.jpg 200w, https:\/\/diariodominicano.com\/wp-content\/uploads\/2025\/11\/Gabriel-Dominguez-768x1153.jpg 768w, https:\/\/diariodominicano.com\/wp-content\/uploads\/2025\/11\/Gabriel-Dominguez-1023x1536.jpg 1023w, https:\/\/diariodominicano.com\/wp-content\/uploads\/2025\/11\/Gabriel-Dominguez-816x1225.jpg 816w, https:\/\/diariodominicano.com\/wp-content\/uploads\/2025\/11\/Gabriel-Dominguez.jpg 1066w\" sizes=\"auto, (max-width: 682px) 100vw, 682px\" \/><\/figure>\n\n\n\n<p>Gabriel Dom\u00ednguez<\/p>\n\n\n\n<p>Fueron los atletas Gabriel Dom\u00ednguez y Karina Ferm\u00edn en campeonato Panam Argentina<\/p>\n\n\n\n<p>El Pentatl\u00f3n Moderno de Rep\u00fablica Dominicana obtuvo sus primeros dos clasificados a los Juegos Panamericanos de Lima 2027, en el reci\u00e9n concluido Campeonato Panamericano de la ciudad de Buenos Aires, en Argentina, del 6 al 9 del presente mes.<\/p>\n\n\n\n<p>Con el pase a la final de los atletas Gabriel Dom\u00ednguez y Karina Ferm\u00edn, la Rep\u00fablica Dominicana se afianz\u00f3 para los juegos m\u00e1s importantes del Continente Americano.<\/p>\n\n\n\n<figure class=\"wp-block-image size-large\"><img loading=\"lazy\" decoding=\"async\" width=\"1024\" height=\"682\" src=\"https:\/\/diariodominicano.com\/wp-content\/uploads\/2025\/11\/Karina-Fermin-1024x682.jpg\" alt=\"\" class=\"wp-image-649222\" srcset=\"https:\/\/diariodominicano.com\/wp-content\/uploads\/2025\/11\/Karina-Fermin-1024x682.jpg 1024w, https:\/\/diariodominicano.com\/wp-content\/uploads\/2025\/11\/Karina-Fermin-300x200.jpg 300w, https:\/\/diariodominicano.com\/wp-content\/uploads\/2025\/11\/Karina-Fermin-768x512.jpg 768w, https:\/\/diariodominicano.com\/wp-content\/uploads\/2025\/11\/Karina-Fermin-1536x1023.jpg 1536w, https:\/\/diariodominicano.com\/wp-content\/uploads\/2025\/11\/Karina-Fermin-816x544.jpg 816w, https:\/\/diariodominicano.com\/wp-content\/uploads\/2025\/11\/Karina-Fermin.jpg 1600w\" sizes=\"auto, (max-width: 1024px) 100vw, 1024px\" \/><\/figure>\n\n\n\n<p>Los dirigidos por el entrenador nacional <strong>Kenny N\u00fa\u00f1ez Veras <\/strong>ocuparon la cuarta posici\u00f3n en la competencia de relevo de g\u00e9nero masculino, donde vieron acci\u00f3n Jos\u00e9 Ozoria y Gabriel Dom\u00ednguez, ense\u00f1ando el potencial de Quisqueya.<\/p>\n\n\n\n<p>En el Campeonato Panamericano de Buenos Aires participaron 12 pa\u00edses y m\u00e1s de 40 atletas en la rama masculina y unas 34 f\u00e9minas.<\/p>\n\n\n\n<p>La delegaci\u00f3n en Argentina estuvo integrada por los pentatletas Gabriel Dom\u00ednguez, Jos\u00e9 Ozoria y Karina Ferm\u00edn, as\u00ed como los oficiales Kenny N\u00fa\u00f1ez Veras y Marcelo Derouville.<\/p>\n\n\n\n<p><strong>Dom\u00ednguez recibe indumentarias<\/strong><\/p>\n\n\n\n<p>El dirigente Kenny N\u00fa\u00f1ez Veras entreg\u00f3 este viernes varias indumentarias deportivas al pentatleta Gabriel Dom\u00ednguez, punta de lanza del equipo dominicano para los Juegos Bolivarianos.<\/p>\n\n\n\n<p>Las indumentarias entregadas a Dom\u00ednguez son un par de tenis para competencia, juggles y gorro para nataci\u00f3n, medias de esgrima y visera para un mejor enfoque a la hora de hacer el L\u00e1ser Run.<\/p>\n\n\n\n<p><strong>Curso Taller en La Vega<\/strong><\/p>\n\n\n\n<p>Este fin de semana Kenny N\u00fa\u00f1ez y la Asociaci\u00f3n Vegana de Pentatl\u00f3n Moderno impartir\u00e1n el segundo curso taller de Pentatl\u00f3n Moderno para profesores de educaci\u00f3n f\u00edsica y dirigentes deportivos, viernes y s\u00e1bado, concluyendo el domingo 16 con el tercer Biatle Escolar.<\/p>\n\n\n\n<p>Odalis Sanchez<\/p>\n\n\n\n<p><a target=\"_blank\" href=\"mailto:odalissanchez@gmail.com\" rel=\"noreferrer noopener\">odalissanchez@gmail.com<\/a><\/p>\n","protected":false},"excerpt":{"rendered":"<p>Desde la izquierda, Kenny N\u00fa\u00f1ez, los pentatletas Jos\u00e9 Ozoria, Karina Ferm\u00edn,\u00a0Gabriel Dom\u00ednguez \u00a0y Marcelo Derouville, en Argentina. Gabriel Dom\u00ednguez Fueron los atletas Gabriel Dom\u00ednguez y Karina Ferm\u00edn en campeonato Panam Argentina El Pentatl\u00f3n Moderno de Rep\u00fablica Dominicana obtuvo sus primeros dos clasificados a los Juegos Panamericanos de Lima 2027, en el reci\u00e9n concluido Campeonato Panamericano [&hellip;]<\/p>\n","protected":false},"author":2,"featured_media":649218,"comment_status":"closed","ping_status":"closed","sticky":true,"template":"","format":"standard","meta":{"footnotes":""},"categories":[17],"tags":[],"class_list":["post-649217","post","type-post","status-publish","format-standard","has-post-thumbnail","hentry","category-deportes"],"_links":{"self":[{"href":"https:\/\/diariodominicano.com\/index.php?rest_route=\/wp\/v2\/posts\/649217","targetHints":{"allow":["GET"]}}],"collection":[{"href":"https:\/\/diariodominicano.com\/index.php?rest_route=\/wp\/v2\/posts"}],"about":[{"href":"https:\/\/diariodominicano.com\/index.php?rest_route=\/wp\/v2\/types\/post"}],"author":[{"embeddable":true,"href":"https:\/\/diariodominicano.com\/index.php?rest_route=\/wp\/v2\/users\/2"}],"replies":[{"embeddable":true,"href":"https:\/\/diariodominicano.com\/index.php?rest_route=%2Fwp%2Fv2%2Fcomments&post=649217"}],"version-history":[{"count":4,"href":"https:\/\/diariodominicano.com\/index.php?rest_route=\/wp\/v2\/posts\/649217\/revisions"}],"predecessor-version":[{"id":649224,"href":"https:\/\/diariodominicano.com\/index.php?rest_route=\/wp\/v2\/posts\/649217\/revisions\/649224"}],"wp:featuredmedia":[{"embeddable":true,"href":"https:\/\/diariodominicano.com\/index.php?rest_route=\/wp\/v2\/media\/649218"}],"wp:attachment":[{"href":"https:\/\/diariodominicano.com\/index.php?rest_route=%2Fwp%2Fv2%2Fmedia&parent=649217"}],"wp:term":[{"taxonomy":"category","embeddable":true,"href":"https:\/\/diariodominicano.com\/index.php?rest_route=%2Fwp%2Fv2%2Fcategories&post=649217"},{"taxonomy":"post_tag","embeddable":true,"href":"https:\/\/diariodominicano.com\/index.php?rest_route=%2Fwp%2Fv2%2Ftags&post=649217"}],"curies":[{"name":"wp","href":"https:\/\/api.w.org\/{rel}","templated":true}]}}