{"id":649186,"date":"2025-11-15T01:13:53","date_gmt":"2025-11-15T05:13:53","guid":{"rendered":"https:\/\/diariodominicano.com\/?p=649186"},"modified":"2025-11-15T01:13:57","modified_gmt":"2025-11-15T05:13:57","slug":"apagon-nacional-domino-la-semana-informativa-en-dominicana","status":"publish","type":"post","link":"https:\/\/diariodominicano.com\/?p=649186","title":{"rendered":"Apag\u00f3n nacional domin\u00f3 la semana informativa en Dominicana"},"content":{"rendered":"\n<p>Santo Domingo, 15 nov (Prensa Latina) El reciente apag\u00f3n nacional en la Rep\u00fablica Dominicana marc\u00f3, sin duda, la semana noticiosa que termina hoy y congreg\u00f3 la atenci\u00f3n de los ciudadanos, las autoridades y los medios de prensa.<\/p>\n\n\n\n<ul class=\"wp-block-list\">\n<li><a href=\"https:\/\/www.prensa-latina.cu\/2025\/11\/15\/\"><time>noviembre 15, 2025 | 00:02<\/time><\/a><\/li>\n<\/ul>\n\n\n\n<ul class=\"wp-block-list\">\n<li><a href=\"https:\/\/www.prensa-latina.cu\/2025\/11\/15\/apagon-nacional-domino-la-semana-informativa-en-dominicana\/#\"><\/a><\/li>\n\n\n\n<li><a href=\"https:\/\/www.prensa-latina.cu\/2025\/11\/15\/apagon-nacional-domino-la-semana-informativa-en-dominicana\/#\"><\/a><\/li>\n\n\n\n<li><a href=\"https:\/\/www.prensa-latina.cu\/2025\/11\/15\/apagon-nacional-domino-la-semana-informativa-en-dominicana\/#\"><\/a><\/li>\n\n\n\n<li><a href=\"https:\/\/www.prensa-latina.cu\/2025\/11\/15\/apagon-nacional-domino-la-semana-informativa-en-dominicana\/#\"><\/a><\/li>\n<\/ul>\n\n\n\n<p>Lo que comenz\u00f3 el martes pasado como una falla cr\u00edtica en una subestaci\u00f3n de San Pedro de Macor\u00eds (en la regi\u00f3n Este) desemboc\u00f3 en un corte total del suministro el\u00e9ctrico que afect\u00f3 a hogares, comercios, industrias, hospitales, transporte y servicios b\u00e1sicos.<\/p>\n\n\n\n<p>El impacto fue inmediato y evidente: el sistema interconectado sufri\u00f3 la salida instant\u00e1nea de varias plantas generadoras, lo que ocasion\u00f3 una cascada de desconexiones.<\/p>\n\n\n\n<p>La interrupci\u00f3n del suministro el\u00e9ctrico cerca de las 13:30, hora local, provoc\u00f3 la falla de los sem\u00e1foros y perjudic\u00f3 servicios b\u00e1sicos, causando tapones (congestionamiento del tr\u00e1nsito) y la suspensi\u00f3n moment\u00e1nea del telef\u00e9rico de Santiago de los Caballeros, uno de los principales medios de transporte urbano.<\/p>\n\n\n\n<p>Miles de personas permanecieron durante horas fuera de las estaciones del Metro de Santo Domingo, esperando poder llegar a sus hogares.<\/p>\n\n\n\n<p>El apag\u00f3n gener\u00f3 cuestionamientos hacia la gesti\u00f3n del Gobierno por parte de diversas figuras pol\u00edticas y sociales, quienes se\u00f1alaron deficiencias en el manejo del sistema el\u00e9ctrico.<\/p>\n\n\n\n<p>Entre las voces se encuentra la del expresidente Leonel Fern\u00e1ndez, l\u00edder del opositor partido Fuerza del Pueblo, quien calific\u00f3 el suceso como \u201cuna muestra de ineficiencia gubernamental\u201d y atribuy\u00f3 la falla a la falta de previsi\u00f3n y mantenimiento del sistema energ\u00e9tico nacional.<\/p>\n\n\n\n<p>Por su parte, Mar\u00eda Teresa Cabrera, dirigente del Frente Amplio, sostuvo que este hecho puso otra vez en evidencia la fragilidad del sistema el\u00e9ctrico nacional y exigi\u00f3 una investigaci\u00f3n exhaustiva e inmediata sobre el incidente.<\/p>\n\n\n\n<p>El ministro dominicano de Energ\u00eda y Minas, Joel Santos, inform\u00f3 la v\u00edspera que la investigaci\u00f3n se encuentra en un 65 por ciento de avance y reiter\u00f3 el compromiso con la rigurosidad t\u00e9cnica.<\/p>\n\n\n\n<p>Precis\u00f3 que el Comit\u00e9 de Fallas del Organismo Coordinador del Sistema El\u00e9ctrico Nacional Interconectado identific\u00f3 hallazgos que aportan datos relevantes al proceso, y reiter\u00f3 que \u00abla determinaci\u00f3n precisa de las causas requiere un an\u00e1lisis exhaustivo y especializado\u00bb.<\/p>\n\n\n\n<p>De acuerdo con el titular, luego de completado este trabajo se proceder\u00e1 a preparar el informe que ser\u00e1 compartido con la poblaci\u00f3n en unas dos semanas.<\/p>\n\n\n\n<p>Explic\u00f3 que este proceso no busca solo determinar el origen de la aver\u00eda, sino evaluar la secuencia de eventos que se concatenaron a partir de ella, dado que el pa\u00eds cuenta con un sistema interconectado.<\/p>\n\n\n\n<p>Asimismo, reafirm\u00f3 que el objetivo central es fortalecer la seguridad, la confiabilidad y la resiliencia del sistema el\u00e9ctrico nacional, mediante la implementaci\u00f3n de un plan de mejora que minimice la posibilidad de que el evento se repita.<\/p>\n\n\n\n<p>ga\/mpv<\/p>\n","protected":false},"excerpt":{"rendered":"<p>Santo Domingo, 15 nov (Prensa Latina) El reciente apag\u00f3n nacional en la Rep\u00fablica Dominicana marc\u00f3, sin duda, la semana noticiosa que termina hoy y congreg\u00f3 la atenci\u00f3n de los ciudadanos, las autoridades y los medios de prensa. Lo que comenz\u00f3 el martes pasado como una falla cr\u00edtica en una subestaci\u00f3n de San Pedro de Macor\u00eds [&hellip;]<\/p>\n","protected":false},"author":2,"featured_media":0,"comment_status":"closed","ping_status":"closed","sticky":true,"template":"","format":"standard","meta":{"footnotes":""},"categories":[20],"tags":[],"class_list":["post-649186","post","type-post","status-publish","format-standard","hentry","category-dominicana-hoy"],"_links":{"self":[{"href":"https:\/\/diariodominicano.com\/index.php?rest_route=\/wp\/v2\/posts\/649186","targetHints":{"allow":["GET"]}}],"collection":[{"href":"https:\/\/diariodominicano.com\/index.php?rest_route=\/wp\/v2\/posts"}],"about":[{"href":"https:\/\/diariodominicano.com\/index.php?rest_route=\/wp\/v2\/types\/post"}],"author":[{"embeddable":true,"href":"https:\/\/diariodominicano.com\/index.php?rest_route=\/wp\/v2\/users\/2"}],"replies":[{"embeddable":true,"href":"https:\/\/diariodominicano.com\/index.php?rest_route=%2Fwp%2Fv2%2Fcomments&post=649186"}],"version-history":[{"count":1,"href":"https:\/\/diariodominicano.com\/index.php?rest_route=\/wp\/v2\/posts\/649186\/revisions"}],"predecessor-version":[{"id":649187,"href":"https:\/\/diariodominicano.com\/index.php?rest_route=\/wp\/v2\/posts\/649186\/revisions\/649187"}],"wp:attachment":[{"href":"https:\/\/diariodominicano.com\/index.php?rest_route=%2Fwp%2Fv2%2Fmedia&parent=649186"}],"wp:term":[{"taxonomy":"category","embeddable":true,"href":"https:\/\/diariodominicano.com\/index.php?rest_route=%2Fwp%2Fv2%2Fcategories&post=649186"},{"taxonomy":"post_tag","embeddable":true,"href":"https:\/\/diariodominicano.com\/index.php?rest_route=%2Fwp%2Fv2%2Ftags&post=649186"}],"curies":[{"name":"wp","href":"https:\/\/api.w.org\/{rel}","templated":true}]}}