{"id":649154,"date":"2025-11-14T22:31:35","date_gmt":"2025-11-15T02:31:35","guid":{"rendered":"https:\/\/diariodominicano.com\/?p=649154"},"modified":"2025-11-14T22:41:51","modified_gmt":"2025-11-15T02:41:51","slug":"inefi-desarrolla-jornada-de-acompanamiento-docente-focalizado-en-40-distritos-educativos","status":"publish","type":"post","link":"https:\/\/diariodominicano.com\/?p=649154","title":{"rendered":"INEFI desarrolla jornada de Acompa\u00f1amiento Docente Focalizado en 40 distritos educativos"},"content":{"rendered":"\n<p>SANTO DOMINGO.\u2013 El Instituto Nacional de Educaci\u00f3n F\u00edsica (INEFI) realiz\u00f3 del 10 al 14 de noviembre el \u201cAcompa\u00f1amiento Docente Focalizado\u201d, una jornada desarrollada en 40 distritos educativos de la Rep\u00fablica Dominicana seleccionados entre los 122 con menor rendimiento en el \u00faltimo Acompa\u00f1amiento Docente Nacional en Brigada.<\/p>\n\n\n\n<p>Durante las actividades, adem\u00e1s de acompa\u00f1ar las clases de 45 minutos, se destinaron al menos otros 45 minutos para la socializaci\u00f3n y reflexi\u00f3n pedag\u00f3gica, solicitando a los docentes su planificaci\u00f3n general y espec\u00edfica, as\u00ed como otros documentos que evidenciaron su desempe\u00f1o.<\/p>\n\n\n\n<p>El acompa\u00f1amiento se efectu\u00f3 junto a los coordinadores pedag\u00f3gicos y profesores invitados de Educaci\u00f3n F\u00edsica, quienes observaron las clases y completaron una gu\u00eda de observaci\u00f3n como parte del proceso de evaluaci\u00f3n y mejora continua.<\/p>\n\n\n\n<figure class=\"wp-block-image size-large\"><img loading=\"lazy\" decoding=\"async\" width=\"768\" height=\"1024\" src=\"https:\/\/diariodominicano.com\/wp-content\/uploads\/2025\/11\/Reconocimiento-la-trayectoria-y-dedicacion-del-Dr.-Gonzalez-768x1024.jpeg\" alt=\"\" class=\"wp-image-649150\" srcset=\"https:\/\/diariodominicano.com\/wp-content\/uploads\/2025\/11\/Reconocimiento-la-trayectoria-y-dedicacion-del-Dr.-Gonzalez-768x1024.jpeg 768w, https:\/\/diariodominicano.com\/wp-content\/uploads\/2025\/11\/Reconocimiento-la-trayectoria-y-dedicacion-del-Dr.-Gonzalez-225x300.jpeg 225w, https:\/\/diariodominicano.com\/wp-content\/uploads\/2025\/11\/Reconocimiento-la-trayectoria-y-dedicacion-del-Dr.-Gonzalez-816x1088.jpeg 816w, https:\/\/diariodominicano.com\/wp-content\/uploads\/2025\/11\/Reconocimiento-la-trayectoria-y-dedicacion-del-Dr.-Gonzalez.jpeg 960w\" sizes=\"auto, (max-width: 768px) 100vw, 768px\" \/><\/figure>\n\n\n\n<p>Con esta iniciativa, el INEFI reafirma su compromiso con la formaci\u00f3n y el fortalecimiento continuo del cuerpo docente, impulsando estrategias que elevan la calidad de la ense\u00f1anza de la educaci\u00f3n f\u00edsica en todo el pa\u00eds y garantizan una educaci\u00f3n m\u00e1s integral, din\u00e1mica y efectiva para los estudiantes dominicanos.<\/p>\n\n\n\n<p>Prensa INEFI <a href=\"mailto:prensainefi@gmail.com\">prensainefi@gmail.com<\/a><\/p>\n","protected":false},"excerpt":{"rendered":"<p>SANTO DOMINGO.\u2013 El Instituto Nacional de Educaci\u00f3n F\u00edsica (INEFI) realiz\u00f3 del 10 al 14 de noviembre el \u201cAcompa\u00f1amiento Docente Focalizado\u201d, una jornada desarrollada en 40 distritos educativos de la Rep\u00fablica Dominicana seleccionados entre los 122 con menor rendimiento en el \u00faltimo Acompa\u00f1amiento Docente Nacional en Brigada. Durante las actividades, adem\u00e1s de acompa\u00f1ar las clases de [&hellip;]<\/p>\n","protected":false},"author":7,"featured_media":0,"comment_status":"closed","ping_status":"closed","sticky":false,"template":"","format":"standard","meta":{"footnotes":""},"categories":[17],"tags":[491],"class_list":["post-649154","post","type-post","status-publish","format-standard","hentry","category-deportes","tag-inefi"],"_links":{"self":[{"href":"https:\/\/diariodominicano.com\/index.php?rest_route=\/wp\/v2\/posts\/649154","targetHints":{"allow":["GET"]}}],"collection":[{"href":"https:\/\/diariodominicano.com\/index.php?rest_route=\/wp\/v2\/posts"}],"about":[{"href":"https:\/\/diariodominicano.com\/index.php?rest_route=\/wp\/v2\/types\/post"}],"author":[{"embeddable":true,"href":"https:\/\/diariodominicano.com\/index.php?rest_route=\/wp\/v2\/users\/7"}],"replies":[{"embeddable":true,"href":"https:\/\/diariodominicano.com\/index.php?rest_route=%2Fwp%2Fv2%2Fcomments&post=649154"}],"version-history":[{"count":2,"href":"https:\/\/diariodominicano.com\/index.php?rest_route=\/wp\/v2\/posts\/649154\/revisions"}],"predecessor-version":[{"id":649163,"href":"https:\/\/diariodominicano.com\/index.php?rest_route=\/wp\/v2\/posts\/649154\/revisions\/649163"}],"wp:attachment":[{"href":"https:\/\/diariodominicano.com\/index.php?rest_route=%2Fwp%2Fv2%2Fmedia&parent=649154"}],"wp:term":[{"taxonomy":"category","embeddable":true,"href":"https:\/\/diariodominicano.com\/index.php?rest_route=%2Fwp%2Fv2%2Fcategories&post=649154"},{"taxonomy":"post_tag","embeddable":true,"href":"https:\/\/diariodominicano.com\/index.php?rest_route=%2Fwp%2Fv2%2Ftags&post=649154"}],"curies":[{"name":"wp","href":"https:\/\/api.w.org\/{rel}","templated":true}]}}