{"id":649055,"date":"2025-11-14T02:25:34","date_gmt":"2025-11-14T06:25:34","guid":{"rendered":"https:\/\/diariodominicano.com\/?p=649055"},"modified":"2025-11-14T02:29:31","modified_gmt":"2025-11-14T06:29:31","slug":"mision-de-alto-nivel-de-la-dea-felicita-al-presidente-luis-abinader-por-su-apoyo-a-la-lucha-contra-narcotrafico-internacional","status":"publish","type":"post","link":"https:\/\/diariodominicano.com\/?p=649055","title":{"rendered":"Misi\u00f3n de la DEA felicita al presidente Luis Abinader por su apoyo a la lucha contra narcotr\u00e1fico internacional"},"content":{"rendered":"\n<h3 class=\"wp-block-heading\">13 de Noviembre 2025 <\/h3>\n\n\n\n<p>Santo Domingo.-&nbsp;El presidente de la Republica,&nbsp;<strong>Lu\u00eds Abinader<\/strong>, &nbsp;fue felicitado por la&nbsp;<strong>Agencia Antidrogas de Estados Unidos (DEA)<\/strong>, por el apoyo brindado a la&nbsp;<strong>lucha contra el narcotr\u00e1fico<\/strong>&nbsp;tanto en el pa\u00eds como en la regi\u00f3n del Caribe.<\/p>\n\n\n\n<p>Para tal efecto,\u00a0<strong>viaj\u00f3 a la Rep\u00fablica Dominicana una<\/strong>\u00a0<strong>misi\u00f3n de alto nivel de la DEA<\/strong>, la cual fue recibida por el jefe del Estado dominicano.\u2002Estuvo encabezada por los se\u00f1ores\u00a0<strong>Daniel Salter<\/strong>, administrador adjunto principal, y\u00a0<strong>Miles Aley<\/strong>; jefe adjunto de Operaciones Internacionales\u00a0 de la DEA, entre otros funcionarios\u00a0 de la\u00a0<strong>lucha antidrogas<\/strong>\u00a0de Estados Unidos.<\/p>\n\n\n\n<p>Al agradecer el gesto de los principales directivos del \u00f3rgano antidrogas de Estados Unidos, el presidente Luis Abinader dijo sentirse&nbsp;<strong>honrado por la distinci\u00f3n<\/strong>&nbsp;y afirm\u00f3 que&nbsp; el Gobierno continuar\u00e1 la&nbsp;<strong>colaboraci\u00f3n con el Gobierno de Estados Unidos&nbsp;<\/strong>en su lucha por combatir el&nbsp;<strong>tr\u00e1fico de narc\u00f3tico internacional, narcoterrorismo y otros il\u00edcitos.&nbsp;<\/strong><\/p>\n\n\n\n<p>En la visita al presidente de la Rep\u00fablica tambi\u00e9n participaron&nbsp;<strong>Michael A. Miranda<\/strong>, agente especial de la DEA, Divisi\u00f3n del Caribe, y&nbsp;<strong>Kaleb T. Sanderson<\/strong>, agregado de la DEA en Rep\u00fablica Dominicana y Hait\u00ed. Adem\u00e1s el&nbsp; presidente de la Direccion Nacional de Control de Drogas (DNCD), vicealmirante&nbsp;<strong>Jos\u00e9 M. Cabrera Ulloa<\/strong>.<\/p>\n\n\n\n<p>El gobernante&nbsp;<strong>agradeci\u00f3<\/strong>&nbsp;la presencia de los importantes funcionarios del Gobierno de Estados Unidos, dando garant\u00edas de que la&nbsp;<strong>Rep\u00fablica Dominicana continuar\u00e1 siendo un aliado importante<\/strong>&nbsp;en la lucha contra el tr\u00e1fico de drogas en la regi\u00f3n.<\/p>\n\n\n\n<p>Luego de la reuni\u00f3n con el presidente de la Rep\u00fablica, los representantes de la&nbsp; DEA&nbsp; se trasladaron a la Direcci\u00f3n Nacional de Control de Drogas, DNCD, donde sostuvieron un&nbsp;<strong>encuentro con el Vicealmirante Jos\u00e9 M. Cabrera Ulloa y la plana mayor del organismo antidrogas&nbsp;<\/strong>de la Rep\u00fablica Dominicana.<\/p>\n\n\n\n<p>Durante el encuentro se acord\u00f3 reforzar la&nbsp;<strong>cooperaci\u00f3n, equipamiento e intercambio de informaci\u00f3n en tiempo real<\/strong>, para enfrentar con determinaci\u00f3n los carteles del narcotr\u00e1fico,&nbsp;<strong>espec\u00edficamente el de los Soles<\/strong>&nbsp;y otras estructuras vinculadas al grupo criminal que operan en la regi\u00f3n<\/p>\n\n\n\n<p>En la reuni\u00f3n de trabajo en la DNCD, Daniel Salter, administrador adjunto principal de la DEA, resalt\u00f3&nbsp;<strong>el alto nivel de colaboraci\u00f3n<\/strong>&nbsp;de la Rep\u00fablica Dominicana con los Estados Unidos,&nbsp;<strong>alianza que ha sido exitosa<\/strong>&nbsp;para combatir y desmantelar los carteles de las drogas, en el marco de los esfuerzos conjuntos que se desarrollan en toda la regi\u00f3n.&nbsp;<\/p>\n\n\n\n<p><em>\u201cSeguiremos fortaleciendo el intercambio de informaci\u00f3n y la cooperaci\u00f3n internacional con todos los pa\u00edses aliados, para desarticular estas estructuras criminales, que intentan llevar inestabilidad a nuestros pueblos\u201d<\/em>&nbsp;preciso Salter.<\/p>\n\n\n\n<p>De su parte, el vicealmirante Cabrera Ulloa, titular de la DNCD, valor\u00f3 la confianza de Estados Unidos a trav\u00e9s de la DEA, lo que ha permitido a la Rep\u00fablica Dominicana liderar<strong>\u00a0la lucha contra el narcotr\u00e1fico y la criminalidad organizada transnacional en la regi\u00f3n<\/strong>.<\/p>\n\n\n\n<p>Con informaci\u00f3n de la Presidencia de la Rep\u00fablica Dominicana.<\/p>\n","protected":false},"excerpt":{"rendered":"<p>13 de Noviembre 2025 Santo Domingo.-&nbsp;El presidente de la Republica,&nbsp;Lu\u00eds Abinader, &nbsp;fue felicitado por la&nbsp;Agencia Antidrogas de Estados Unidos (DEA), por el apoyo brindado a la&nbsp;lucha contra el narcotr\u00e1fico&nbsp;tanto en el pa\u00eds como en la regi\u00f3n del Caribe. Para tal efecto,\u00a0viaj\u00f3 a la Rep\u00fablica Dominicana una\u00a0misi\u00f3n de alto nivel de la DEA, la cual fue [&hellip;]<\/p>\n","protected":false},"author":2,"featured_media":649056,"comment_status":"closed","ping_status":"closed","sticky":true,"template":"","format":"standard","meta":{"footnotes":""},"categories":[20,29,27],"tags":[],"class_list":["post-649055","post","type-post","status-publish","format-standard","has-post-thumbnail","hentry","category-dominicana-hoy","category-policiasucesos","category-portada"],"_links":{"self":[{"href":"https:\/\/diariodominicano.com\/index.php?rest_route=\/wp\/v2\/posts\/649055","targetHints":{"allow":["GET"]}}],"collection":[{"href":"https:\/\/diariodominicano.com\/index.php?rest_route=\/wp\/v2\/posts"}],"about":[{"href":"https:\/\/diariodominicano.com\/index.php?rest_route=\/wp\/v2\/types\/post"}],"author":[{"embeddable":true,"href":"https:\/\/diariodominicano.com\/index.php?rest_route=\/wp\/v2\/users\/2"}],"replies":[{"embeddable":true,"href":"https:\/\/diariodominicano.com\/index.php?rest_route=%2Fwp%2Fv2%2Fcomments&post=649055"}],"version-history":[{"count":4,"href":"https:\/\/diariodominicano.com\/index.php?rest_route=\/wp\/v2\/posts\/649055\/revisions"}],"predecessor-version":[{"id":649062,"href":"https:\/\/diariodominicano.com\/index.php?rest_route=\/wp\/v2\/posts\/649055\/revisions\/649062"}],"wp:featuredmedia":[{"embeddable":true,"href":"https:\/\/diariodominicano.com\/index.php?rest_route=\/wp\/v2\/media\/649056"}],"wp:attachment":[{"href":"https:\/\/diariodominicano.com\/index.php?rest_route=%2Fwp%2Fv2%2Fmedia&parent=649055"}],"wp:term":[{"taxonomy":"category","embeddable":true,"href":"https:\/\/diariodominicano.com\/index.php?rest_route=%2Fwp%2Fv2%2Fcategories&post=649055"},{"taxonomy":"post_tag","embeddable":true,"href":"https:\/\/diariodominicano.com\/index.php?rest_route=%2Fwp%2Fv2%2Ftags&post=649055"}],"curies":[{"name":"wp","href":"https:\/\/api.w.org\/{rel}","templated":true}]}}