{"id":649049,"date":"2025-11-14T02:18:29","date_gmt":"2025-11-14T06:18:29","guid":{"rendered":"https:\/\/diariodominicano.com\/?p=649049"},"modified":"2025-11-14T02:18:35","modified_gmt":"2025-11-14T06:18:35","slug":"la-dgii-y-dgcp-disponen-uso-obligatorio-de-facturacion-electronica-en-contrataciones-publicas","status":"publish","type":"post","link":"https:\/\/diariodominicano.com\/?p=649049","title":{"rendered":"La DGII y DGCP disponen uso obligatorio de facturaci\u00f3n electr\u00f3nica en contrataciones p\u00fablicas"},"content":{"rendered":"\n<h3 class=\"wp-block-heading\">Mediante una circular conjunta, las entidades resaltaron que esta medida tendr\u00e1 un impacto directo en la trazabilidad del gasto p\u00fablico, la eficiencia administrativa y la lucha contra la corrupci\u00f3n.<\/h3>\n\n\n\n<p>13 de Noviembre 2025 | <\/p>\n\n\n\n<p>Santo Domingo, RD.- La Direcci\u00f3n General de Impuestos Internos\u00a0<strong>(DGII)<\/strong>\u00a0y la Direcci\u00f3n General de Contrataciones P\u00fablicas\u00a0<strong>(DGCP)<\/strong>\u00a0emitieron una\u00a0<strong>circular conjunta<\/strong>\u00a0que ordena\u00a0<strong>emitir de manera electr\u00f3nica<\/strong>\u00a0las facturas derivadas de los procedimientos de contrataci\u00f3n p\u00fablica\u00a0<strong>para fines de pago.<\/strong><\/p>\n\n\n\n<p>En ese sentido, ambas instituciones exhortaron a los&nbsp;<strong>proveedores del Estado a regularizar su estatus ante la DGII<\/strong>&nbsp;y solicitar su autorizaci\u00f3n como&nbsp;<strong>emisores electr\u00f3nicos<\/strong>, as\u00ed como a las instituciones contratantes a adaptar sus&nbsp;<strong>pliegos de condiciones<\/strong>&nbsp;para asegurar el cumplimiento de esta medida.<\/p>\n\n\n\n<p>La disposici\u00f3n que da cumplimiento a lo establecido en la&nbsp;<strong>Ley 32-23 de Facturaci\u00f3n Electr\u00f3nica y la Ley 340-06 de Contrataciones P\u00fablicas<\/strong>, fue dada a conocer durante el acto de firma de la circular encabezado por el director de la DGII,&nbsp;<strong>Luis Valdez Veras,<\/strong>&nbsp;y el director de la DGCP,&nbsp;<strong>Carlos Pimentel Florenz\u00e1n<\/strong>.<\/p>\n\n\n\n<p>Valdez Veras explic\u00f3 que actualmente&nbsp;<strong>611 grandes contribuyentes<\/strong>&nbsp;tienen la obligaci\u00f3n de emitir comprobantes fiscales electr\u00f3nicos, no s\u00f3lo para la DGII, sino tambi\u00e9n al momento de realizar operaciones con instituciones del Estado.<\/p>\n\n\n\n<p>Destac\u00f3 que esta&nbsp;<strong>obligatoriedad<\/strong>&nbsp;tambi\u00e9n recae sobre&nbsp;<strong>entidades p\u00fablicas<\/strong>&nbsp;que deber\u00e1n exigir y gestionar la facturaci\u00f3n electr\u00f3nica en todos sus procesos de compras y contrataciones.<\/p>\n\n\n\n<p><em>\u201cEsta circular que hoy firmamos reafirma el compromiso y consolida la coordinaci\u00f3n interinstitucional entre la DGII y DGCP con la aplicaci\u00f3n del marco normativo referente a la Ley 32-23 de Facturaci\u00f3n Electr\u00f3nica. Se trata de un paso importante porque dispone que todas las entidades p\u00fablicas deber\u00e1n incluir en sus pliegos de condiciones los requisitos sobre contrataci\u00f3n y pago de servicios, garantizando as\u00ed el cumplimiento de los plazos y procesos establecidos por esta ley\u201d,&nbsp;<\/em>enfatiz\u00f3 el director general de la DGII.<\/p>\n\n\n\n<p>Pimentel afirm\u00f3 que la implementaci\u00f3n de la facturaci\u00f3n electr\u00f3nica en los procesos de contrataci\u00f3n p\u00fablica representa un paso firme hacia una&nbsp;<strong>gesti\u00f3n m\u00e1s transparente, eficiente y trazable del gasto p\u00fablico<\/strong>.<\/p>\n\n\n\n<p><em>\u201cCon esta medida fortalecemos la rendici\u00f3n de cuentas, facilitamos la interoperabilidad entre las instituciones y contribuimos a una Administraci\u00f3n p\u00fablica m\u00e1s moderna y responsable con los recursos del Estado\u201d,<\/em>&nbsp;expres\u00f3 el director general de Contrataciones P\u00fablicas.<\/p>\n\n\n\n<p>La circular conjunta instruye a las instituciones contratantes a colocar en la&nbsp;<strong>secci\u00f3n de \u201cCondiciones de Pago y retenciones\u201d<\/strong>&nbsp;de sus pliegos de condiciones, la emisi\u00f3n de&nbsp;<strong>facturas electr\u00f3nicas por parte de los proveedores<\/strong>, a fines de tramitar los pagos correspondientes a los bienes, servicios u obras contratados, en cumplimiento a lo previsto en el&nbsp;<strong>art\u00edculo 20 de la Ley 340-06 de Contrataciones P\u00fablicas<\/strong>, as\u00ed como el&nbsp;<strong>numeral 4 del art\u00edculo 3<\/strong>&nbsp;que establece el&nbsp;<strong>principio de econom\u00eda y flexibilidad.&nbsp;&nbsp;<\/strong><\/p>\n\n\n\n<p><em>\u201cPor consiguiente, tanto los proveedores del Estado como las instituciones contratantes deben asegurar la correcta emisi\u00f3n y recepci\u00f3n de las facturas electr\u00f3nicas, conforme a la normativa tributaria y de contrataci\u00f3n p\u00fablica vigente\u201d,<\/em>&nbsp;subraya la medida dada a conocer mediante una nota de prensa.<\/p>\n\n\n\n<p>Con esta circular conjunta,\u00a0<strong>disponible en la secci\u00f3n Circulares\u00a0<\/strong>del portal institucional de la DGCP https:\/\/www.dgcp.gob.do\/sobre-nosotros\/marco-legal\/circulares\/ ambas instituciones reafirman su compromiso con la transparencia, eficiencia y alineada con los\u00a0<strong>est\u00e1ndares internacionales de gobernanza<\/strong>.<\/p>\n\n\n\n<p>Con informaci\u00f3n de la Presidencia de la Rep\u00fablica.<\/p>\n","protected":false},"excerpt":{"rendered":"<p>Mediante una circular conjunta, las entidades resaltaron que esta medida tendr\u00e1 un impacto directo en la trazabilidad del gasto p\u00fablico, la eficiencia administrativa y la lucha contra la corrupci\u00f3n. 13 de Noviembre 2025 | Santo Domingo, RD.- La Direcci\u00f3n General de Impuestos Internos\u00a0(DGII)\u00a0y la Direcci\u00f3n General de Contrataciones P\u00fablicas\u00a0(DGCP)\u00a0emitieron una\u00a0circular conjunta\u00a0que ordena\u00a0emitir de manera electr\u00f3nica\u00a0las [&hellip;]<\/p>\n","protected":false},"author":2,"featured_media":649050,"comment_status":"closed","ping_status":"closed","sticky":true,"template":"","format":"standard","meta":{"footnotes":""},"categories":[20,18],"tags":[],"class_list":["post-649049","post","type-post","status-publish","format-standard","has-post-thumbnail","hentry","category-dominicana-hoy","category-economia"],"_links":{"self":[{"href":"https:\/\/diariodominicano.com\/index.php?rest_route=\/wp\/v2\/posts\/649049","targetHints":{"allow":["GET"]}}],"collection":[{"href":"https:\/\/diariodominicano.com\/index.php?rest_route=\/wp\/v2\/posts"}],"about":[{"href":"https:\/\/diariodominicano.com\/index.php?rest_route=\/wp\/v2\/types\/post"}],"author":[{"embeddable":true,"href":"https:\/\/diariodominicano.com\/index.php?rest_route=\/wp\/v2\/users\/2"}],"replies":[{"embeddable":true,"href":"https:\/\/diariodominicano.com\/index.php?rest_route=%2Fwp%2Fv2%2Fcomments&post=649049"}],"version-history":[{"count":1,"href":"https:\/\/diariodominicano.com\/index.php?rest_route=\/wp\/v2\/posts\/649049\/revisions"}],"predecessor-version":[{"id":649051,"href":"https:\/\/diariodominicano.com\/index.php?rest_route=\/wp\/v2\/posts\/649049\/revisions\/649051"}],"wp:featuredmedia":[{"embeddable":true,"href":"https:\/\/diariodominicano.com\/index.php?rest_route=\/wp\/v2\/media\/649050"}],"wp:attachment":[{"href":"https:\/\/diariodominicano.com\/index.php?rest_route=%2Fwp%2Fv2%2Fmedia&parent=649049"}],"wp:term":[{"taxonomy":"category","embeddable":true,"href":"https:\/\/diariodominicano.com\/index.php?rest_route=%2Fwp%2Fv2%2Fcategories&post=649049"},{"taxonomy":"post_tag","embeddable":true,"href":"https:\/\/diariodominicano.com\/index.php?rest_route=%2Fwp%2Fv2%2Ftags&post=649049"}],"curies":[{"name":"wp","href":"https:\/\/api.w.org\/{rel}","templated":true}]}}