{"id":649046,"date":"2025-11-14T02:13:06","date_gmt":"2025-11-14T06:13:06","guid":{"rendered":"https:\/\/diariodominicano.com\/?p=649046"},"modified":"2025-11-14T02:13:11","modified_gmt":"2025-11-14T06:13:11","slug":"presidente-abinader-juramenta-2421-nuevos-agentes-policias","status":"publish","type":"post","link":"https:\/\/diariodominicano.com\/?p=649046","title":{"rendered":"Presidente Abinader juramenta 2,421 nuevos agentes polic\u00edas"},"content":{"rendered":"\n<p>Con los nuevos\u2002efectivos suman 6,500 polic\u00edas formados en el marco de la Reforma Policial,<\/p>\n\n\n\n<h3 class=\"wp-block-heading\">La ministra Raful dice  que esta promoci\u00f3n reafirma el compromiso del Gobierno con la equidad y la modernizaci\u00f3n de la Polic\u00eda Nacional, destacando la integraci\u00f3n de 1,013 mujeres como muestra de una instituci\u00f3n m\u00e1s inclusiva.<\/h3>\n\n\n\n<p>13 de Noviembre 2025 | 14:14<\/p>\n\n\n\n<p>Santo Domingo, RD.\u2013\u00a0<strong>El presidente Luis Abinader<\/strong>\u00a0encabez\u00f3 el jueves la\u00a0<strong>juramentaci\u00f3n<\/strong>\u00a0de\u00a0<strong>2,421 nuevos agentes<\/strong>\u00a0de la Polic\u00eda Nacional, en su\u00a0<strong>tercera promoci\u00f3n<\/strong>, para alcanzar un\u00a0<strong>total de 6,500 miembros<\/strong>\u00a0formados bajo el modelo educativo de la\u00a0<strong>Reforma Policial<\/strong>\u00a0que impulsa el Gobierno, con \u00e9nfasis en los\u00a0<strong>valores<\/strong>, la\u00a0<strong>disciplina<\/strong>\u00a0y la\u00a0<strong>vocaci\u00f3n de servicio<\/strong>.<\/p>\n\n\n\n<p>Tras tomar el juramento a los nuevos miembros de la Polic\u00eda en el Coliseo Teo Cruz, de&nbsp; las promociones&nbsp;<strong>146 \u201cMar\u00eda Trinidad S\u00e1nchez\u201d<\/strong>&nbsp;de la Escuela de Entrenamiento Policial de&nbsp;<strong>Hatillo<\/strong>, San Crist\u00f3bal y&nbsp;<strong>147 \u201cHermanas Mirabal\u201d<\/strong>&nbsp;del Campus&nbsp;<strong>Gaspar Hern\u00e1ndez<\/strong>, Espaillat, el jefe de Estado&nbsp;<strong>felicit\u00f3 a los padres y madres<\/strong>&nbsp;de los graduandos por el&nbsp;<strong>apoyo, sacrificio y dedicaci\u00f3n<\/strong>&nbsp;brindados durante el proceso de formaci\u00f3n, al tiempo que los exhort\u00f3 a sentirse orgullosos de ver a sus hijos servir a la patria con&nbsp;<strong>honor, disciplina y compromiso ciudadano.<\/strong><\/p>\n\n\n\n<figure class=\"wp-block-image\"><img decoding=\"async\" src=\"https:\/\/www.presidencia.gob.do\/sites\/default\/files\/inline-images\/WhatsApp%20Image%202025-11-13%20at%201.46.15%20PM.jpeg\" alt=\"\"\/><\/figure>\n\n\n\n<p><strong>Equidad, transparencia y modernizaci\u00f3n<\/strong><\/p>\n\n\n\n<p>Durante la ceremonia de graduaci\u00f3n del&nbsp;<strong>\u00abCurso B\u00e1sico de Formaci\u00f3n Policial\u201d<\/strong>, la ministra de Interior y Polic\u00eda,&nbsp;<strong>Faride Raful<\/strong>, destac\u00f3 la visi\u00f3n de Estado del&nbsp;<strong>presidente Luis Abinader<\/strong>&nbsp;y reafirm\u00f3 el compromiso del Gobierno con&nbsp;<strong>la equidad, la transparencia y la modernizaci\u00f3n de la Polic\u00eda<\/strong>&nbsp;Nacional, al tiempo que celebr\u00f3 la graduaci\u00f3n de 2,421 nuevos agentes, entre ellos&nbsp;<strong>1,408 hombres y 1,013 mujeres<\/strong>, una promoci\u00f3n que representa un paso firme hacia la&nbsp;<strong>meta<\/strong>&nbsp;de incorporar&nbsp;<strong>20,000 nuevos miembros<\/strong>&nbsp;a la instituci\u00f3n para el a\u00f1o 2028.<\/p>\n\n\n\n<p>La funcionaria inform\u00f3 que de este grupo,&nbsp;<strong>1,800<\/strong>&nbsp;ser\u00e1n integrados al programa piloto del&nbsp;<strong>nuevo modelo de patrullaje<\/strong>&nbsp;que se implementa en distintas zonas del pa\u00eds, donde ser\u00e1n&nbsp;<strong>monitoreados y evaluados de forma continua<\/strong>, tanto en su desempe\u00f1o como en las condiciones necesarias para ejercer su labor con&nbsp;<strong>honor y eficiencia<\/strong>. Adem\u00e1s,&nbsp;<strong>621<\/strong>&nbsp;de los graduados pasar\u00e1n a formar parte de la&nbsp;<strong>Direcci\u00f3n Central de Prevenci\u00f3n<\/strong>&nbsp;de la Polic\u00eda Nacional, fortaleciendo as\u00ed las acciones de seguridad ciudadana.&nbsp;<em>\u201cUstedes representan hoy la satisfacci\u00f3n del deber cumplido en una primera etapa y el desaf\u00edo de seguir trabajando para mejorar. Su presencia en la Polic\u00eda Nacional aumenta las esperanzas de hombres y mujeres que aspiran a una polic\u00eda que, como su mismo logo lo dice, es para proteger y servir\u201d.<\/em><\/p>\n\n\n\n<p><strong>Visi\u00f3n del presidente Abinader de fortalecer la educaci\u00f3n en la Polic\u00eda<\/strong><\/p>\n\n\n\n<p>La presidenta de la Comisi\u00f3n de Reforma Educativa,&nbsp;<strong>Mu-Kien Adriana Sang Ben<\/strong>, explic\u00f3 que su participaci\u00f3n en el proceso de reforma policial responde a la visi\u00f3n del presidente Abinader de fortalecer la&nbsp;<strong>educaci\u00f3n continuada dentro de la instituci\u00f3n<\/strong>, un pilar esencial para lograr una&nbsp;<strong>transformaci\u00f3n estructural sostenible.<\/strong><\/p>\n\n\n\n<p>Sang Ben resalt\u00f3 que se han desarrollado m\u00faltiples programas formativos enfocados en&nbsp;<strong>derechos humanos y actualizaci\u00f3n profesional<\/strong>, con el apoyo de la Polic\u00eda de Chile y de Colombia. Destac\u00f3 que el mandato presidencial se ha cumplido con responsabilidad, avanzando hacia la meta de contar con 20,000 nuevos agentes para 2028 y explic\u00f3 que p<strong>ara abril del pr\u00f3ximo a\u00f1o se espera alcanzar la cifra de 9,000 agentes graduados<\/strong>, lo que representa casi el 50 % de la meta establecida. Indic\u00f3 que hasta la fecha, ya se han formado alrededor de 6,500 polic\u00edas, y con la pr\u00f3xima graduaci\u00f3n de abril se prev\u00e9 superar significativamente ese n\u00famero, fortaleciendo as\u00ed el proceso de&nbsp;<strong>transformaci\u00f3n y profesionalizaci\u00f3n de la entidad.<\/strong><\/p>\n\n\n\n<p><strong>Un nuevo cap\u00edtulo en la historia<\/strong><\/p>\n\n\n\n<p>De su lado, la directora de Entrenamiento Policial, coronel&nbsp;<strong>Alexandra Familia Acevedo<\/strong>, destac\u00f3 el esfuerzo, la disciplina y el compromiso de los nuevos agentes que hoy se integran a las filas de la Polic\u00eda Nacional Dominicana y se\u00f1al\u00f3 que esta graduaci\u00f3n marca<em>&nbsp;\u201cun nuevo cap\u00edtulo en la historia de quienes asumen el noble compromiso de proteger y servir a los ciudadanos\u201d<\/em>, resaltando que los graduandos son el reflejo de una instituci\u00f3n que avanza hacia una transformaci\u00f3n basada en la profesionalidad, la transparencia y el respeto a los derechos humanos.<\/p>\n\n\n\n<figure class=\"wp-block-image\"><img decoding=\"async\" src=\"https:\/\/www.presidencia.gob.do\/sites\/default\/files\/inline-images\/WhatsApp%20Image%202025-11-13%20at%201.46.14%20PM.jpeg\" alt=\"\"\/><\/figure>\n\n\n\n<p>Asimismo, la coronel Familia Acevedo&nbsp;<strong>agradeci\u00f3 el respaldo del presidente Luis Abinader<\/strong>&nbsp;por su firme compromiso con la&nbsp;<strong>seguridad ciudadana<\/strong>&nbsp;y por impulsar la&nbsp;<strong>dignificaci\u00f3n del cuerpo policial<\/strong>, as\u00ed como al director general de la Polic\u00eda Nacional, mayor general&nbsp;<strong>Ram\u00f3n Antonio Guzm\u00e1n Peralta<\/strong>, por su liderazgo en el proceso de reforma. Como&nbsp;<strong>primera mujer<\/strong>&nbsp;designada al frente de la Escuela de Entrenamiento Policial Mayor General Retirado Eulogio Benito Monci\u00f3n Leonardo, expres\u00f3 que asumi\u00f3 esta responsabilidad con humildad y determinaci\u00f3n, convencida de que&nbsp;<strong>el liderazgo y la entrega no tienen g\u00e9nero, sino vocaci\u00f3n y sentido de patriotismo.<\/strong><\/p>\n\n\n\n<p><strong>Entrega de diplomas a los graduandos m\u00e1s destacados<\/strong>&nbsp;<\/p>\n\n\n\n<p>El jefe de Estado entreg\u00f3 los&nbsp;<strong>diplomas<\/strong>&nbsp;a los j\u00f3venes&nbsp;<strong>Rossibel Danerys De la Rosa Flori\u00e1n y Josu\u00e9 De los Santos Campusano<\/strong>, quienes recibieron el reconocimiento en representaci\u00f3n de todos los graduandos, simbolizando&nbsp;<strong>el orgullo, la dedicaci\u00f3n y el compromiso<\/strong>&nbsp;de esta nueva generaci\u00f3n de servidores p\u00fablicos.<\/p>\n\n\n\n<p>Mientras que la ministra de Interior y Polic\u00eda, entreg\u00f3&nbsp;<strong>placas de reconocimiento<\/strong>&nbsp;a las graduandas de la promoci\u00f3n 146 \u201cMar\u00eda Trinidad S\u00e1nchez\u201d de la Escuela de Entrenamiento Policial de Hatillo, San Crist\u00f3bal:&nbsp;<strong>Rossibel Danerys De la Rosa<\/strong>&nbsp;(m\u00e9rito al conocimiento);&nbsp;<strong>Mirna Yeliza F\u00e9liz<\/strong>&nbsp;( m\u00e9rito a la disciplina);&nbsp;<strong>Altagracia Garc\u00eda Polanco<\/strong>&nbsp;( m\u00e9rito al esp\u00edritu policial) y&nbsp;<strong>G\u00e9nesis Abad del Orbe<\/strong>&nbsp;(m\u00e9rito al concepto del deber).<\/p>\n\n\n\n<p>De igual forma, el mayor general Ram\u00f3n Antonio Guzm\u00e1n Peralta, director general de la Polic\u00eda Nacional, entreg\u00f3 placas de reconocimiento a los graduandos destacados de la promoci\u00f3n 147 \u201cHermanas Mirabal\u201d del Campus Gaspar Hern\u00e1ndez:&nbsp;<strong>Josu\u00e9 De los Santos Campusano<\/strong>&nbsp;(m\u00e9rito al conocimiento),&nbsp;<strong>Samuel David Fern\u00e1ndez F\u00e9liz<\/strong>&nbsp;(m\u00e9rito a la disciplina),&nbsp;<strong>Luis Manuel Guzm\u00e1n Delgadillo<\/strong>&nbsp;(m\u00e9rito al esp\u00edritu policial) y&nbsp;<strong>Darling Javier Mej\u00eda P\u00e9rez<\/strong>&nbsp;(m\u00e9rito al concepto del deber).<\/p>\n\n\n\n<p>En representaci\u00f3n de los graduandos, la raso&nbsp;<strong>Arianna Abiga\u00edl Montero<\/strong>&nbsp;expres\u00f3 palabras de agradecimiento, en las que destac\u00f3 el honor de haber culminado con \u00e9xito esta etapa de formaci\u00f3n y el compromiso de servir al pa\u00eds con&nbsp;<strong>integridad, disciplina y vocaci\u00f3n.<\/strong>&nbsp;Agradeci\u00f3 al presidente Luis Abinader, a las autoridades policiales y a los instructores por el respaldo y la orientaci\u00f3n recibidos durante el proceso, reafirmando que cada uno de los nuevos agentes asume con orgullo la misi\u00f3n de&nbsp;<strong>velar por la seguridad y el bienestar de todos los dominicanos.<\/strong><\/p>\n\n\n\n<p>La&nbsp;<strong>bendici\u00f3n<\/strong>&nbsp;de la ceremonia estuvo a cargo del capell\u00e1n teniente coronel&nbsp;<strong>Catalino P\u00e9rez<\/strong>, quien elev\u00f3 una oraci\u00f3n de gratitud y pidi\u00f3 la gu\u00eda divina para los nuevos graduandos en el cumplimiento de su misi\u00f3n al servicio del pa\u00eds.<\/p>\n\n\n\n<p>Acompa\u00f1aron al presidente Luis Abinader, en representaci\u00f3n del ministro de Defensa, teniente coronel&nbsp;<strong>Carlos Antonio Fern\u00e1ndez Onofre<\/strong>, el rector de la Universidad Nacional de la Defensa (Unade), mayor general&nbsp;<strong>Rafael V\u00e1zquez Esp\u00ednola,&nbsp;<\/strong>junto con el subdirector de la Polic\u00eda Nacional, general&nbsp;<strong>Juan Guzm\u00e1n<\/strong>; el comisionado ejecutivo para la Reforma Policial,&nbsp;<strong>Luis Ernesto Hern\u00e1ndez,<\/strong>&nbsp;y la rectora interina del Instituto Policial de Educaci\u00f3n Superior (IPES), coronel&nbsp;<strong>A\u00edda M. Valdez<\/strong>.<\/p>\n","protected":false},"excerpt":{"rendered":"<p>Con los nuevos\u2002efectivos suman 6,500 polic\u00edas formados en el marco de la Reforma Policial, La ministra Raful dice que esta promoci\u00f3n reafirma el compromiso del Gobierno con la equidad y la modernizaci\u00f3n de la Polic\u00eda Nacional, destacando la integraci\u00f3n de 1,013 mujeres como muestra de una instituci\u00f3n m\u00e1s inclusiva. 13 de Noviembre 2025 | 14:14 [&hellip;]<\/p>\n","protected":false},"author":2,"featured_media":649047,"comment_status":"closed","ping_status":"closed","sticky":true,"template":"","format":"standard","meta":{"footnotes":""},"categories":[20,29],"tags":[],"class_list":["post-649046","post","type-post","status-publish","format-standard","has-post-thumbnail","hentry","category-dominicana-hoy","category-policiasucesos"],"_links":{"self":[{"href":"https:\/\/diariodominicano.com\/index.php?rest_route=\/wp\/v2\/posts\/649046","targetHints":{"allow":["GET"]}}],"collection":[{"href":"https:\/\/diariodominicano.com\/index.php?rest_route=\/wp\/v2\/posts"}],"about":[{"href":"https:\/\/diariodominicano.com\/index.php?rest_route=\/wp\/v2\/types\/post"}],"author":[{"embeddable":true,"href":"https:\/\/diariodominicano.com\/index.php?rest_route=\/wp\/v2\/users\/2"}],"replies":[{"embeddable":true,"href":"https:\/\/diariodominicano.com\/index.php?rest_route=%2Fwp%2Fv2%2Fcomments&post=649046"}],"version-history":[{"count":1,"href":"https:\/\/diariodominicano.com\/index.php?rest_route=\/wp\/v2\/posts\/649046\/revisions"}],"predecessor-version":[{"id":649048,"href":"https:\/\/diariodominicano.com\/index.php?rest_route=\/wp\/v2\/posts\/649046\/revisions\/649048"}],"wp:featuredmedia":[{"embeddable":true,"href":"https:\/\/diariodominicano.com\/index.php?rest_route=\/wp\/v2\/media\/649047"}],"wp:attachment":[{"href":"https:\/\/diariodominicano.com\/index.php?rest_route=%2Fwp%2Fv2%2Fmedia&parent=649046"}],"wp:term":[{"taxonomy":"category","embeddable":true,"href":"https:\/\/diariodominicano.com\/index.php?rest_route=%2Fwp%2Fv2%2Fcategories&post=649046"},{"taxonomy":"post_tag","embeddable":true,"href":"https:\/\/diariodominicano.com\/index.php?rest_route=%2Fwp%2Fv2%2Ftags&post=649046"}],"curies":[{"name":"wp","href":"https:\/\/api.w.org\/{rel}","templated":true}]}}