{"id":649024,"date":"2025-11-14T01:27:46","date_gmt":"2025-11-14T05:27:46","guid":{"rendered":"https:\/\/diariodominicano.com\/?p=649024"},"modified":"2025-11-14T01:29:06","modified_gmt":"2025-11-14T05:29:06","slug":"santiago-recibe-con-orgullo-subsede-juegos-santo-domingo-2026","status":"publish","type":"post","link":"https:\/\/diariodominicano.com\/?p=649024","title":{"rendered":"Santiago recibe con orgullo subsede Juegos Santo Domingo 2026"},"content":{"rendered":"\n<p>Presidenta de Udesa Margarita J\u00e1quez afirma que no habr\u00e1 \u00abdesperdicio\u00bb y pide a poblaci\u00f3n cibae\u00f1a integrarse como voluntaria a la cita deportiva internacional.<br><br>SANTO DOMINGO.- La provincia de Santiago respira \u00absatisfacci\u00f3n y orgullo\u00bb con la realizaci\u00f3n, en calidad de subsede, de los Juegos Centroamericanos y del Caribe Santo Domingo 2026, adem\u00e1s de garantizar que no habr\u00e1 desperdicio.<br><br>\u00abNosotros estamos s\u00faper orgullosos de eso y ojal\u00e1 pudi\u00e9ramos tener m\u00e1s disciplinas que pudieran estar aqu\u00ed porque eso aporta mucho a la provincia\u00bb, dijo la presidenta de la Uni\u00f3n Deportiva de Santiago (UDESA), Margarita J\u00e1quez. \u00abClaro que s\u00ed, felices nosotros, muy orgullosos\u00bb.<br><br>Dijo que Santiago se prepara para recibir con \u00e1nimo esa fiesta deportiva con la garant\u00eda de que ser\u00e1 un gran disfrute. \u00abNo va a haber desperdicio, va a ser todo armon\u00eda y sabemos que se va a dar en un buen escenario y nosotros como santiagueros los vamos a apoyar\u00bb, expres\u00f3 J\u00e1quez.<br><br>Sugiri\u00f3 a la comunidad de la provincia que se sienta la calidez que caracteriza a Santiago, trabajar en equipo como siempre ha sido y el apoyo de uno a otro.<br><br>Pidi\u00f3 a la poblaci\u00f3n que brinden \u00abel apoyo total\u00bb a los Juegos , que \u00abvivan el momento\u00bb y \u00abtodav\u00eda tienen oportunidad de que sean voluntarios y vivan la experiencia de tener en nuestro pa\u00eds estos Juegos\u00bb.<br><br>Los Juegos de 2026 ser\u00e1n del 24 de julio al 8 de agosto, con Santo Domingo como su sede principal.<br><br>Santiago acoger\u00e1 el f\u00fatbol masculino y el femenino en el Estadio Cibao FC y el circuito del ciclismo mountain bike. La provincia fue sede de la edici\u00f3n de 1986, para entonces, la segunda ocasi\u00f3n que el pa\u00eds montaba los Juegos, despu\u00e9s de recibirlos por primera vez en Santo Domingo 1974.<br><br>\u00abQueda el \u00e1nimo, esa efervescencia, que muestra participar en unos Juegos Centroamericanos y reaviva el movimiento deportivo\u00bb, continu\u00f3 la dirigente. \u00abY vuelvo y digo, ojal\u00e1 y poder haber tenido m\u00e1s plazas\u00bb.<br><br>Afirm\u00f3 que el impacto de las remodelaciones de las obras para esos Juegos ya es ganar como provincia y las disciplinas como tal que se queden con ese compromiso \u00abde seguir creciendo en el deporte y nosotros como provincia aspirar a que en el alg\u00fan momento vuelvan a Santiago esos Juegos Centroamericanos, como ya lo vivimos en 1986\u00bb.<\/p>\n\n\n\n<p><\/p>\n","protected":false},"excerpt":{"rendered":"<p>Presidenta de Udesa Margarita J\u00e1quez afirma que no habr\u00e1 \u00abdesperdicio\u00bb y pide a poblaci\u00f3n cibae\u00f1a integrarse como voluntaria a la cita deportiva internacional. SANTO DOMINGO.- La provincia de Santiago respira \u00absatisfacci\u00f3n y orgullo\u00bb con la realizaci\u00f3n, en calidad de subsede, de los Juegos Centroamericanos y del Caribe Santo Domingo 2026, adem\u00e1s de garantizar que no [&hellip;]<\/p>\n","protected":false},"author":2,"featured_media":649025,"comment_status":"closed","ping_status":"closed","sticky":true,"template":"","format":"standard","meta":{"footnotes":""},"categories":[17],"tags":[],"class_list":["post-649024","post","type-post","status-publish","format-standard","has-post-thumbnail","hentry","category-deportes"],"_links":{"self":[{"href":"https:\/\/diariodominicano.com\/index.php?rest_route=\/wp\/v2\/posts\/649024","targetHints":{"allow":["GET"]}}],"collection":[{"href":"https:\/\/diariodominicano.com\/index.php?rest_route=\/wp\/v2\/posts"}],"about":[{"href":"https:\/\/diariodominicano.com\/index.php?rest_route=\/wp\/v2\/types\/post"}],"author":[{"embeddable":true,"href":"https:\/\/diariodominicano.com\/index.php?rest_route=\/wp\/v2\/users\/2"}],"replies":[{"embeddable":true,"href":"https:\/\/diariodominicano.com\/index.php?rest_route=%2Fwp%2Fv2%2Fcomments&post=649024"}],"version-history":[{"count":2,"href":"https:\/\/diariodominicano.com\/index.php?rest_route=\/wp\/v2\/posts\/649024\/revisions"}],"predecessor-version":[{"id":649028,"href":"https:\/\/diariodominicano.com\/index.php?rest_route=\/wp\/v2\/posts\/649024\/revisions\/649028"}],"wp:featuredmedia":[{"embeddable":true,"href":"https:\/\/diariodominicano.com\/index.php?rest_route=\/wp\/v2\/media\/649025"}],"wp:attachment":[{"href":"https:\/\/diariodominicano.com\/index.php?rest_route=%2Fwp%2Fv2%2Fmedia&parent=649024"}],"wp:term":[{"taxonomy":"category","embeddable":true,"href":"https:\/\/diariodominicano.com\/index.php?rest_route=%2Fwp%2Fv2%2Fcategories&post=649024"},{"taxonomy":"post_tag","embeddable":true,"href":"https:\/\/diariodominicano.com\/index.php?rest_route=%2Fwp%2Fv2%2Ftags&post=649024"}],"curies":[{"name":"wp","href":"https:\/\/api.w.org\/{rel}","templated":true}]}}