{"id":648979,"date":"2025-11-14T01:13:40","date_gmt":"2025-11-14T05:13:40","guid":{"rendered":"https:\/\/diariodominicano.com\/?p=648979"},"modified":"2025-11-14T01:22:45","modified_gmt":"2025-11-14T05:22:45","slug":"campeonato-nacional-de-boxeo-elite-2025-inicia-con-demostracion-de-alta-calidad-de-los-pugiles-y-compromiso-de-las-autoridades-deportivas","status":"publish","type":"post","link":"https:\/\/diariodominicano.com\/?p=648979","title":{"rendered":"Campeonato Nacional de Boxeo \u00c9lite 2025 inicia con demostraci\u00f3n de alta calidad de los p\u00fagiles y compromiso de las autoridades deportivas"},"content":{"rendered":"\n<p> Los  atletas Joan Guzman, F\u00e9lix D\u00edaz y Luis Pie dan el campanazo de honor.<\/p>\n\n\n\n<p>Sabana Grande de Boy\u00e1, RD.- Con la presencia de autoridades deportivas y funcionarios de la provincia Monte Plata, fue inaugurado este jueves el cuadrag\u00e9simo Campeonato Nacional de Boxeo \u00c9lite, en el polideportivo Dr. Fidel Mej\u00eda de Sabana Grande de Boy\u00e1.<\/p>\n\n\n\n<figure class=\"wp-block-image size-large\"><img loading=\"lazy\" decoding=\"async\" width=\"1024\" height=\"683\" src=\"https:\/\/diariodominicano.com\/wp-content\/uploads\/2025\/11\/DE-LA-MOTA-1024x683.jpeg\" alt=\"\" class=\"wp-image-648983\" srcset=\"https:\/\/diariodominicano.com\/wp-content\/uploads\/2025\/11\/DE-LA-MOTA-1024x683.jpeg 1024w, https:\/\/diariodominicano.com\/wp-content\/uploads\/2025\/11\/DE-LA-MOTA-300x200.jpeg 300w, https:\/\/diariodominicano.com\/wp-content\/uploads\/2025\/11\/DE-LA-MOTA-768x512.jpeg 768w, https:\/\/diariodominicano.com\/wp-content\/uploads\/2025\/11\/DE-LA-MOTA-816x544.jpeg 816w, https:\/\/diariodominicano.com\/wp-content\/uploads\/2025\/11\/DE-LA-MOTA.jpeg 1280w\" sizes=\"auto, (max-width: 1024px) 100vw, 1024px\" \/><\/figure>\n\n\n\n<p>Franklin De la Mota, presidente del Comit\u00e9 Organizador, habla en la ceremonia de apertura.<\/p>\n\n\n\n<p>El primer combate en la categor\u00eda de los 60 kgs fue ganado por Donny Garc\u00eda, del Distrito Nacional, quien derrot\u00f3 en el mismo primer round por la v\u00eda RSC a Graibel Paulino Pe\u00f1a de la provincia Santo Domingo, equipo que busca prolongar su hegemon\u00eda, despu\u00e9s de haber ganado las \u00faltimas cuatro ediciones del evento, incluida la del a\u00f1o pasado en Ver\u00f3n, Punta Cana.<\/p>\n\n\n\n<p>En tanto que, en el segundo combate, tambi\u00e9n en los 60 kgs, Randy Lexi Gioven, de la Regi\u00f3n Este (La Romana) gan\u00f3 en una cerrada votaci\u00f3n 3-2 a Ezequiel Mart\u00ednez &nbsp;de la Regi\u00f3n Norte &nbsp;(Santiago), quien de inmediato manifest\u00f3 su disgusto por la decisi\u00f3n y tuvo que ser sacado del cuadril\u00e1tero por sus entrenadores.<\/p>\n\n\n\n<figure class=\"wp-block-image size-large\"><img loading=\"lazy\" decoding=\"async\" width=\"1024\" height=\"683\" src=\"https:\/\/diariodominicano.com\/wp-content\/uploads\/2025\/11\/MESA-DE-HONOR-1-1024x683.jpeg\" alt=\"\" class=\"wp-image-648986\" srcset=\"https:\/\/diariodominicano.com\/wp-content\/uploads\/2025\/11\/MESA-DE-HONOR-1-1024x683.jpeg 1024w, https:\/\/diariodominicano.com\/wp-content\/uploads\/2025\/11\/MESA-DE-HONOR-1-300x200.jpeg 300w, https:\/\/diariodominicano.com\/wp-content\/uploads\/2025\/11\/MESA-DE-HONOR-1-768x512.jpeg 768w, https:\/\/diariodominicano.com\/wp-content\/uploads\/2025\/11\/MESA-DE-HONOR-1-816x544.jpeg 816w, https:\/\/diariodominicano.com\/wp-content\/uploads\/2025\/11\/MESA-DE-HONOR-1.jpeg 1044w\" sizes=\"auto, (max-width: 1024px) 100vw, 1024px\" \/><\/figure>\n\n\n\n<p>Parte de las personalidades que conformaron \u00a0la mesa de honor.<\/p>\n\n\n\n<p>En la categor\u00eda de los 80 kgs, Noel Pacheco, de la Provincia Santo Domingo derrot\u00f3 a Yeremy Puello de la Regi\u00f3n Este (La Romana) tambi\u00e9n en cerrada y discutida decisi\u00f3n (3-2).<\/p>\n\n\n\n<p>En los 55 kgs, Eri Deyvid Jimenez, de la.Regi\u00f3n Este (San Pedro de Macor\u00eds) gan\u00f3 por voto un\u00e1nime de los jueces (5-0) a Osiris Moreta de &nbsp;Monte Plata, la provincia anfitri\u00f3n.<\/p>\n\n\n\n<figure class=\"wp-block-image size-large\"><img loading=\"lazy\" decoding=\"async\" width=\"1024\" height=\"683\" src=\"https:\/\/diariodominicano.com\/wp-content\/uploads\/2025\/11\/COMBATE-1024x683.jpeg\" alt=\"\" class=\"wp-image-648989\" srcset=\"https:\/\/diariodominicano.com\/wp-content\/uploads\/2025\/11\/COMBATE-1024x683.jpeg 1024w, https:\/\/diariodominicano.com\/wp-content\/uploads\/2025\/11\/COMBATE-300x200.jpeg 300w, https:\/\/diariodominicano.com\/wp-content\/uploads\/2025\/11\/COMBATE-768x512.jpeg 768w, https:\/\/diariodominicano.com\/wp-content\/uploads\/2025\/11\/COMBATE-816x544.jpeg 816w, https:\/\/diariodominicano.com\/wp-content\/uploads\/2025\/11\/COMBATE.jpeg 1044w\" sizes=\"auto, (max-width: 1024px) 100vw, 1024px\" \/><\/figure>\n\n\n\n<p>Momento de acci\u00f3n en el torneo.<\/p>\n\n\n\n<p>Los equipos de las regiones Norte, Sur, Este, el Distrito Nacional, la provincia Santo Domingo y los anfitriones de Monte Plata batallan durante tres d\u00edas por la supremac\u00eda del boxeo \u00e9lite de Rep\u00fablica Dominicana.<\/p>\n\n\n\n<p><strong>La Ceremonia<br><\/strong><br>El vistoso acto inaugural inici\u00f3 con el desfile de las delegaciones, encabezadas por sus respectivas madrinas, escenario en el que el alcalde de Sabana Grande de Boy\u00e1, Marcos Tavarez, se comprometi\u00f3 a continuar trabajando para que este tipo de eventos se sigan realizando en el municipio.<\/p>\n\n\n\n<p>Asimismo, el viceministro de Deportes y presidente del Comit\u00e9 Organizador, Franklin de la Mota,&nbsp;destac\u00f3 la labor realizada por los miembros del Comit\u00e9 Organizador y agradeci\u00f3 el apoyo recibido para el montaje del torneo.<br>Felicit\u00f3 tambi\u00e9n a la Federaci\u00f3n por los 40 a\u00f1os del torneo.<\/p>\n\n\n\n<p>De su lado, Garibaldy Bautista, presidente del Comit\u00e9 Ol\u00edmpico Dominicano (COD), expres\u00f3 que se sent\u00eda halagado por la invitaci\u00f3n al evento y destac\u00f3 la importancia de mantenerlo por 40 a\u00f1os, en un deporte que aporta tanto al reconocimiento internacional del pa\u00eds.<\/p>\n\n\n\n<p>El presidente de la Federaci\u00f3n Dominicana de Boxeo, Rub\u00e9n Garc\u00eda, afirm\u00f3 que este torneo es el evento m\u00e1s importante de la Fedoboxa y manifest\u00f3 su satisfacci\u00f3n por la excelente organizaci\u00f3n.<\/p>\n\n\n\n<p>Miguel Encarnaci\u00f3n, de la selecci\u00f3n nacional tom\u00f3 el juramento de los atletas. Mientras que, Juan Reyna tom\u00f3 el juramento de los jueces.<\/p>\n\n\n\n<p>En tanto que, Luisito Pie, Joan Guzm\u00e1n, Felix D\u00edaz y Juan Jos\u00e9 Ubaldo Cabrera dieron unidos el campanazo de honor.<\/p>\n\n\n\n<p>De este evento saldr\u00e1n, adem\u00e1s, los campeones nacionales en 10 categor\u00edas, seg\u00fan resalt\u00f3 Rub\u00e9n Garc\u00eda, presidente de la Federaci\u00f3n Dominicana de Boxeo.<\/p>\n\n\n\n<p>El presidente de la Asociaci\u00f3n de Boxeo de Monte Plata, periodista Primitivo Cadete, dijo que para este viernes est\u00e1n programadas las peleas semifinales y que la gran final est\u00e1 prevista para el s\u00e1bado, a partir de las seis de la tarde.<\/p>\n\n\n\n<p><strong>Transmisi\u00f3n TV<\/strong><\/p>\n\n\n\n<p>Las peleas son transmitidas por CDN Sports y Colimdo TV.<\/p>\n\n\n\n<p>La justa cuenta con el apoyo de empresas del sector p\u00fablico y privado.<\/p>\n\n\n\n<p>Primitivo Cadete<\/p>\n\n\n\n<p><a target=\"_blank\" href=\"mailto:primitivo.cadete@gmail.com\" rel=\"noreferrer noopener\">primitivo.cadete@gmail.com<\/a><\/p>\n","protected":false},"excerpt":{"rendered":"<p>Los atletas Joan Guzman, F\u00e9lix D\u00edaz y Luis Pie dan el campanazo de honor. Sabana Grande de Boy\u00e1, RD.- Con la presencia de autoridades deportivas y funcionarios de la provincia Monte Plata, fue inaugurado este jueves el cuadrag\u00e9simo Campeonato Nacional de Boxeo \u00c9lite, en el polideportivo Dr. Fidel Mej\u00eda de Sabana Grande de Boy\u00e1. Franklin [&hellip;]<\/p>\n","protected":false},"author":2,"featured_media":648980,"comment_status":"closed","ping_status":"closed","sticky":true,"template":"","format":"standard","meta":{"footnotes":""},"categories":[17],"tags":[],"class_list":["post-648979","post","type-post","status-publish","format-standard","has-post-thumbnail","hentry","category-deportes"],"_links":{"self":[{"href":"https:\/\/diariodominicano.com\/index.php?rest_route=\/wp\/v2\/posts\/648979","targetHints":{"allow":["GET"]}}],"collection":[{"href":"https:\/\/diariodominicano.com\/index.php?rest_route=\/wp\/v2\/posts"}],"about":[{"href":"https:\/\/diariodominicano.com\/index.php?rest_route=\/wp\/v2\/types\/post"}],"author":[{"embeddable":true,"href":"https:\/\/diariodominicano.com\/index.php?rest_route=\/wp\/v2\/users\/2"}],"replies":[{"embeddable":true,"href":"https:\/\/diariodominicano.com\/index.php?rest_route=%2Fwp%2Fv2%2Fcomments&post=648979"}],"version-history":[{"count":6,"href":"https:\/\/diariodominicano.com\/index.php?rest_route=\/wp\/v2\/posts\/648979\/revisions"}],"predecessor-version":[{"id":648993,"href":"https:\/\/diariodominicano.com\/index.php?rest_route=\/wp\/v2\/posts\/648979\/revisions\/648993"}],"wp:featuredmedia":[{"embeddable":true,"href":"https:\/\/diariodominicano.com\/index.php?rest_route=\/wp\/v2\/media\/648980"}],"wp:attachment":[{"href":"https:\/\/diariodominicano.com\/index.php?rest_route=%2Fwp%2Fv2%2Fmedia&parent=648979"}],"wp:term":[{"taxonomy":"category","embeddable":true,"href":"https:\/\/diariodominicano.com\/index.php?rest_route=%2Fwp%2Fv2%2Fcategories&post=648979"},{"taxonomy":"post_tag","embeddable":true,"href":"https:\/\/diariodominicano.com\/index.php?rest_route=%2Fwp%2Fv2%2Ftags&post=648979"}],"curies":[{"name":"wp","href":"https:\/\/api.w.org\/{rel}","templated":true}]}}