{"id":648958,"date":"2025-11-14T00:35:15","date_gmt":"2025-11-14T04:35:15","guid":{"rendered":"https:\/\/diariodominicano.com\/?p=648958"},"modified":"2025-11-14T00:35:19","modified_gmt":"2025-11-14T04:35:19","slug":"pld-dice-apagon-general-del-martes-se-produjo-por-falta-de-mantenimiento-preventivo-incapacidad-tecnica-y-ausencia-de-planificacion","status":"publish","type":"post","link":"https:\/\/diariodominicano.com\/?p=648958","title":{"rendered":"PLD dice apag\u00f3n general del martes se produjo por falta de mantenimiento preventivo, incapacidad t\u00e9cnica y \u00a0ausencia de planificaci\u00f3n"},"content":{"rendered":"\n<p><em>Falta de mantenimiento preventivo, incapacidad t\u00e9cnica y &nbsp;ausencia de planificaci\u00f3n, causantes del &nbsp;apag\u00f3n general del pasado martes, explica el PLD. &nbsp;<\/em><\/p>\n\n\n\n<p>El Partido de la Liberaci\u00f3n Dominicana (PLD) atribuye el apag\u00f3n el\u00e9ctrico &nbsp;general &nbsp;que castig\u00f3 el pa\u00eds el &nbsp;pasado martes a la falta de mantenimiento preventivo, la incapacidad t\u00e9cnica y la ausencia de planificaci\u00f3n que caracterizan la actual gesti\u00f3n del sector el\u00e9ctrico.<\/p>\n\n\n\n<p>En un documento de los t\u00e9cnicos del PLD; integrantes de su Secretar\u00eda de Energ\u00eda y Minas, explican que a pesar de las horas transcurridas no se cuenta con &nbsp;una explicaci\u00f3n t\u00e9cnica seria ni responsable por parte del Gobierno del PRM.<\/p>\n\n\n\n<p>\u201cEste apag\u00f3n no es un hecho aislado. Es la consecuencia directa de la falta de mantenimiento preventivo, la incapacidad t\u00e9cnica y la ausencia de planificaci\u00f3n que caracterizan la actual gesti\u00f3n del sector el\u00e9ctrico bajo el Gobierno del Partido Revolucionario Moderno\u201d, destaca.<\/p>\n\n\n\n<p>Explican que &nbsp;las se\u00f1ales de deterioro eran evidentes: subestaciones sin revisi\u00f3n, l\u00edneas de transmisi\u00f3n sobrecargadas y un sistema de protecci\u00f3n cada vez m\u00e1s vulnerable por la negligencia y la improvisaci\u00f3n con que se maneja el sistema energ\u00e9tico nacional.<\/p>\n\n\n\n<p>\u201cMientras el Gobierno del PLD garantiz\u00f3 estabilidad, crecimiento y expansi\u00f3n del Sistema El\u00e9ctrico Nacional Interconectado (SENI) &nbsp;con visi\u00f3n estrat\u00e9gica, el PRM ha llevado al pa\u00eds a un retroceso de m\u00e1s de 15 a\u00f1os, desmontando los programas de mantenimiento, paralizando inversiones claves y sustituyendo t\u00e9cnicos experimentados por personas sin la formaci\u00f3n ni la capacidad requerida\u201d, denuncia el PLD por intermedio de su Secretar\u00eda de Energ\u00eda y Minas.<\/p>\n\n\n\n<p>El resultado de esa situaci\u00f3n desastrosa, afirman, &nbsp;&nbsp;lo vive hoy el pueblo dominicano: millones de hogares pobres y de clase media sin energ\u00eda, sin agua y sin servicios b\u00e1sicos, mientras el Gobierno guarda silencio o busca culpables externos.<\/p>\n\n\n\n<p>\u201cEl apag\u00f3n del pasado martes, no solo apag\u00f3 las luces del pa\u00eds; apag\u00f3 tambi\u00e9n la confianza del pueblo en las autoridades del sector el\u00e9ctrico\u201d, advierten los t\u00e9cnicos y dirigentes peledeistas.<\/p>\n\n\n\n<p>El Partido de la Liberaci\u00f3n Dominicana en la posici\u00f3n de la Secretar\u00eda de Energ\u00eda y Minas concluye &nbsp;reafirmando &nbsp;su compromiso con la verdad, con la transparencia y con el pueblo dominicano, especialmente con las familias trabajadoras y los sectores m\u00e1s vulnerables, que hoy pagan el precio de la incompetencia oficial. \u00a1El pueblo merece respuestas. El pa\u00eds merece energ\u00eda \u00a1<\/p>\n\n\n\n<p><strong>SECRETAR\u00cdA DE COMUNICACIONES<\/strong><\/p>\n\n\n\n<p><strong>13 Noviembre 2025<\/strong><\/p>\n","protected":false},"excerpt":{"rendered":"<p>Falta de mantenimiento preventivo, incapacidad t\u00e9cnica y &nbsp;ausencia de planificaci\u00f3n, causantes del &nbsp;apag\u00f3n general del pasado martes, explica el PLD. &nbsp; El Partido de la Liberaci\u00f3n Dominicana (PLD) atribuye el apag\u00f3n el\u00e9ctrico &nbsp;general &nbsp;que castig\u00f3 el pa\u00eds el &nbsp;pasado martes a la falta de mantenimiento preventivo, la incapacidad t\u00e9cnica y la ausencia de planificaci\u00f3n que [&hellip;]<\/p>\n","protected":false},"author":2,"featured_media":648960,"comment_status":"closed","ping_status":"closed","sticky":true,"template":"","format":"standard","meta":{"footnotes":""},"categories":[20],"tags":[],"class_list":["post-648958","post","type-post","status-publish","format-standard","has-post-thumbnail","hentry","category-dominicana-hoy"],"_links":{"self":[{"href":"https:\/\/diariodominicano.com\/index.php?rest_route=\/wp\/v2\/posts\/648958","targetHints":{"allow":["GET"]}}],"collection":[{"href":"https:\/\/diariodominicano.com\/index.php?rest_route=\/wp\/v2\/posts"}],"about":[{"href":"https:\/\/diariodominicano.com\/index.php?rest_route=\/wp\/v2\/types\/post"}],"author":[{"embeddable":true,"href":"https:\/\/diariodominicano.com\/index.php?rest_route=\/wp\/v2\/users\/2"}],"replies":[{"embeddable":true,"href":"https:\/\/diariodominicano.com\/index.php?rest_route=%2Fwp%2Fv2%2Fcomments&post=648958"}],"version-history":[{"count":1,"href":"https:\/\/diariodominicano.com\/index.php?rest_route=\/wp\/v2\/posts\/648958\/revisions"}],"predecessor-version":[{"id":648961,"href":"https:\/\/diariodominicano.com\/index.php?rest_route=\/wp\/v2\/posts\/648958\/revisions\/648961"}],"wp:featuredmedia":[{"embeddable":true,"href":"https:\/\/diariodominicano.com\/index.php?rest_route=\/wp\/v2\/media\/648960"}],"wp:attachment":[{"href":"https:\/\/diariodominicano.com\/index.php?rest_route=%2Fwp%2Fv2%2Fmedia&parent=648958"}],"wp:term":[{"taxonomy":"category","embeddable":true,"href":"https:\/\/diariodominicano.com\/index.php?rest_route=%2Fwp%2Fv2%2Fcategories&post=648958"},{"taxonomy":"post_tag","embeddable":true,"href":"https:\/\/diariodominicano.com\/index.php?rest_route=%2Fwp%2Fv2%2Ftags&post=648958"}],"curies":[{"name":"wp","href":"https:\/\/api.w.org\/{rel}","templated":true}]}}