{"id":648871,"date":"2025-11-13T19:08:32","date_gmt":"2025-11-13T23:08:32","guid":{"rendered":"https:\/\/diariodominicano.com\/?p=648871"},"modified":"2025-11-13T22:22:53","modified_gmt":"2025-11-14T02:22:53","slug":"anpa-y-el-ministerio-de-medio-ambiente-acuerdan-mesa-de-trabajo-para-resolver-tema-de-categorizacion-antes-de-fin-de-ano","status":"publish","type":"post","link":"https:\/\/diariodominicano.com\/?p=648871","title":{"rendered":"ANPA y  Medio Ambiente acuerdan mesa de trabajo para resolver tema de categorizaci\u00f3n antes de fin de a\u00f1o"},"content":{"rendered":"\n<p>Santo Domingo, R.D. \u2014 13 de noviembre de 2025.<\/p>\n\n\n\n<p>Una comisi\u00f3n del Comit\u00e9 Ejecutivo Nacional (CEN) de la Asociaci\u00f3n Nacional de Profesionales Agropecuarios (ANPA) se reuni\u00f3 este jueves con el ministro de Medio Ambiente y Recursos Naturales, Pa\u00edno Henr\u00edquez, en un encuentro calificado como fruct\u00edfero y de alto nivel de compromiso institucional.<\/p>\n\n\n\n<p>Durante la reuni\u00f3n, ambas partes acordaron la creaci\u00f3n de una mesa de trabajo permanente con el prop\u00f3sito de dejar resuelto el tema de la categorizaci\u00f3n de los profesionales agropecuarios adscritos al Ministerio de Medio Ambiente antes de que finalice el a\u00f1o.<\/p>\n\n\n\n<p>El ministro Henr\u00edquez manifest\u00f3 su disposici\u00f3n abierta y colaborativa para abordar y solucionar todos los temas pendientes con la ANPA, incluyendo la ocupaci\u00f3n de las vacantes por t\u00e9cnicos agropecuarios, la reposici\u00f3n de los cancelados y la regularizaci\u00f3n de los interinatos.<\/p>\n\n\n\n<p>Por la ANPA participaron su presidente nacional, Tito Hern\u00e1ndez, junto a los miembros del CEN Julio C\u00e9sar F\u00e9liz, Juan Alejo y Br\u00edgido Hierro. Tambi\u00e9n formaron parte de la delegaci\u00f3n Basilio de la Rosa, presidente del Distrito Nacional, y Luz del Carmen, presidenta de la subdelegaci\u00f3n de Medio Ambiente.<\/p>\n\n\n\n<p>En representaci\u00f3n del Ministerio de Medio Ambiente estuvo presente el viceministro Jos\u00e9 El\u00edas Gonz\u00e1lez.<\/p>\n\n\n\n<p>El presidente de la ANPA, Tito Hern\u00e1ndez, valor\u00f3 la actitud positiva y receptiva del ministro Pa\u00edno Henr\u00edquez, destacando que \u201cesta apertura fortalece el di\u00e1logo institucional y contribuye al avance de las leg\u00edtimas reivindicaciones de los profesionales agropecuarios del pa\u00eds\u201d.<\/p>\n\n\n\n<p>La ANPA reiter\u00f3 su compromiso de mantener una relaci\u00f3n constructiva con las autoridades, en defensa de los derechos laborales y el fortalecimiento t\u00e9cnico del sector agropecuario nacional<\/p>\n","protected":false},"excerpt":{"rendered":"<p>Santo Domingo, R.D. \u2014 13 de noviembre de 2025. Una comisi\u00f3n del Comit\u00e9 Ejecutivo Nacional (CEN) de la Asociaci\u00f3n Nacional de Profesionales Agropecuarios (ANPA) se reuni\u00f3 este jueves con el ministro de Medio Ambiente y Recursos Naturales, Pa\u00edno Henr\u00edquez, en un encuentro calificado como fruct\u00edfero y de alto nivel de compromiso institucional. Durante la reuni\u00f3n, [&hellip;]<\/p>\n","protected":false},"author":7,"featured_media":648892,"comment_status":"closed","ping_status":"open","sticky":false,"template":"","format":"standard","meta":{"footnotes":""},"categories":[20,22],"tags":[2659,2923],"class_list":["post-648871","post","type-post","status-publish","format-standard","has-post-thumbnail","hentry","category-dominicana-hoy","category-politica","tag-anpa","tag-ministerio-de-medio-ambiente"],"_links":{"self":[{"href":"https:\/\/diariodominicano.com\/index.php?rest_route=\/wp\/v2\/posts\/648871","targetHints":{"allow":["GET"]}}],"collection":[{"href":"https:\/\/diariodominicano.com\/index.php?rest_route=\/wp\/v2\/posts"}],"about":[{"href":"https:\/\/diariodominicano.com\/index.php?rest_route=\/wp\/v2\/types\/post"}],"author":[{"embeddable":true,"href":"https:\/\/diariodominicano.com\/index.php?rest_route=\/wp\/v2\/users\/7"}],"replies":[{"embeddable":true,"href":"https:\/\/diariodominicano.com\/index.php?rest_route=%2Fwp%2Fv2%2Fcomments&post=648871"}],"version-history":[{"count":2,"href":"https:\/\/diariodominicano.com\/index.php?rest_route=\/wp\/v2\/posts\/648871\/revisions"}],"predecessor-version":[{"id":648897,"href":"https:\/\/diariodominicano.com\/index.php?rest_route=\/wp\/v2\/posts\/648871\/revisions\/648897"}],"wp:featuredmedia":[{"embeddable":true,"href":"https:\/\/diariodominicano.com\/index.php?rest_route=\/wp\/v2\/media\/648892"}],"wp:attachment":[{"href":"https:\/\/diariodominicano.com\/index.php?rest_route=%2Fwp%2Fv2%2Fmedia&parent=648871"}],"wp:term":[{"taxonomy":"category","embeddable":true,"href":"https:\/\/diariodominicano.com\/index.php?rest_route=%2Fwp%2Fv2%2Fcategories&post=648871"},{"taxonomy":"post_tag","embeddable":true,"href":"https:\/\/diariodominicano.com\/index.php?rest_route=%2Fwp%2Fv2%2Ftags&post=648871"}],"curies":[{"name":"wp","href":"https:\/\/api.w.org\/{rel}","templated":true}]}}