{"id":648815,"date":"2025-11-13T02:06:45","date_gmt":"2025-11-13T06:06:45","guid":{"rendered":"https:\/\/diariodominicano.com\/?p=648815"},"modified":"2025-11-13T02:07:26","modified_gmt":"2025-11-13T06:07:26","slug":"el-presidente-abinader-afirma-gobierno-garantiza-el-abastecimiento-y-la-estabilidad-de-precios-para-diciembre-y-las-proximas-navidades","status":"publish","type":"post","link":"https:\/\/diariodominicano.com\/?p=648815","title":{"rendered":"El presidente Abinader asegura Gobierno garantiza el abastecimiento y la estabilidad de precios para diciembre y las pr\u00f3ximas navidades"},"content":{"rendered":"\n<h3 class=\"wp-block-heading\">Representantes del sector productivo valoran las medidas adoptadas por el Gobierno para asegurar el abastecimiento y la estabilidad del mercado en la temporada navide\u00f1a.<\/h3>\n\n\n\n<p>12 de Noviembre 2025 <\/p>\n\n\n\n<p>Santo Domingo, RD.-\u00a0<strong>El presidente Luis Abinader\u00a0<\/strong>encabez\u00f3 este mi\u00e9rcoles una reuni\u00f3n de la\u00a0<strong>Mesa de Precios y Abastecimiento\u00a0<\/strong>en la que participaron representantes de los sectores\u00a0<strong>industrial, agr\u00edcola y comercial,<\/strong>\u00a0con el objetivo de evaluar la producci\u00f3n nacional y coordinar acciones que garanticen el\u00a0<strong>abastecimiento y la estabilidad de precios<\/strong> durante la temporada navide\u00f1a.<\/p>\n\n\n\n<p>Durante el encuentro, celebrado en el&nbsp;<strong>Sal\u00f3n Verde del Palacio Nacional<\/strong>&nbsp;y coordinado por el ministro de Industria, Comercio y Mipymes (MICM),&nbsp;<strong>V\u00edctor \u201cIto\u201d Bison\u00f3<\/strong>, el mandatario explic\u00f3 que este tipo de encuentros se realiza&nbsp;<strong>de manera recurrente<\/strong>&nbsp;para revisar el desempe\u00f1o de los principales sectores productivos y fortalecer la coordinaci\u00f3n entre el&nbsp;<strong>Gobierno y el sector privado.<\/strong><\/p>\n\n\n\n<p><em>\u201cEn esta ocasi\u00f3n, quisimos hacerlo para garantizar el abastecimiento y la estabilidad de precios para el pr\u00f3ximo diciembre y las pr\u00f3ximas navidades. Hemos coordinado y estamos de acuerdo en que no habr\u00e1 problemas de desabastecimiento ni en diciembre ni en enero\u201d,&nbsp;<\/em>expres\u00f3 el presidente Abinader.<\/p>\n\n\n\n<p>Durante la reuni\u00f3n tambi\u00e9n se analizaron los&nbsp;<strong>mercados internacionales<\/strong>&nbsp;y se discutieron medidas conjuntas para impulsar la&nbsp;<strong>producci\u00f3n, el comercio y la competitividad<\/strong>&nbsp;tanto en el \u00e1mbito agr\u00edcola como en el industrial.<\/p>\n\n\n\n<p><strong>Sector productivo valora medidas<\/strong><\/p>\n\n\n\n<figure class=\"wp-block-image\"><img decoding=\"async\" src=\"https:\/\/www.presidencia.gob.do\/sites\/default\/files\/inline-images\/WhatsApp%20Image%202025-11-12%20at%2016.30.43.jpeg\" alt=\"\"\/><\/figure>\n\n\n\n<p>Representantes del sector productivo valoraron positivamente las medidas adoptadas por el Gobierno para garantizar el&nbsp;<strong>abastecimiento y la estabilidad<\/strong>&nbsp;del mercado durante la temporada navide\u00f1a. Destacaron que las acciones de&nbsp;<strong>planificaci\u00f3n y coordinaci\u00f3n<\/strong>&nbsp;implementadas por las autoridades han contribuido a fortalecer la confianza entre productores, comerciantes e importadores.<\/p>\n\n\n\n<p>Asimismo, resaltaron la disposici\u00f3n del presidente Luis Abinader de mantener un&nbsp;<strong>di\u00e1logo constante<\/strong>&nbsp;con los distintos actores econ\u00f3micos, lo que ha permitido anticipar posibles desaf\u00edos log\u00edsticos y adoptar decisiones conjuntas orientadas a la&nbsp;<strong>estabilidad del mercado interno.<\/strong><\/p>\n\n\n\n<p>El jefe de Estado destac\u00f3 que este tipo de encuentros forma parte de la&nbsp;<strong>pol\u00edtica de di\u00e1logo permanente<\/strong>&nbsp;que mantiene su gobierno con los sectores productivos, especialmente en momentos clave del a\u00f1o como las festividades navide\u00f1as.<\/p>\n\n\n\n<p>Asimismo, el mandatario instruy\u00f3 a los ministerios y entidades competentes a mantener una&nbsp;<strong>comunicaci\u00f3n permanente<\/strong>&nbsp;con los sectores agropecuario, industrial y comercial, con el objetivo de garantizar la&nbsp;<strong>disponibilidad de los principales productos<\/strong>&nbsp;de consumo masivo y acompa\u00f1ar a los productores afectados por los efectos de la&nbsp;<strong>tormenta Melissa.<\/strong><\/p>\n\n\n\n<p>El presidente Abinader reiter\u00f3 que la coordinaci\u00f3n interinstitucional y la&nbsp;<strong>colaboraci\u00f3n p\u00fablico-privada<\/strong>&nbsp;son pilares fundamentales para sostener la&nbsp;<strong>confianza y la estabilidad econ\u00f3mica<\/strong>&nbsp;del pa\u00eds.<\/p>\n\n\n\n<figure class=\"wp-block-image\"><img decoding=\"async\" src=\"https:\/\/www.presidencia.gob.do\/sites\/default\/files\/inline-images\/WhatsApp%20Image%202025-11-12%20at%2016.30.42%20%281%29.jpeg\" alt=\"\"\/><\/figure>\n\n\n\n<p><strong>Monitoreo permanente de los precios y la cadena de suministro<\/strong><\/p>\n\n\n\n<p>El ministro Bison\u00f3 destac\u00f3 que el&nbsp;<strong>MICM<\/strong>&nbsp;mantiene un monitoreo permanente de los precios y la cadena de suministro, en coordinaci\u00f3n con los distintos sectores productivos, con el prop\u00f3sito de tomar&nbsp;<strong>decisiones oportunas<\/strong>&nbsp;y garantizar la estabilidad del mercado.<\/p>\n\n\n\n<p><em>\u201cDesde el Ministerio, acompa\u00f1amos de cerca al sector productivo y a la industria nacional, con el objetivo de anticipar cualquier eventualidad y asegurar que los dominicanos cuenten con productos suficientes y a precios justos<\/em>\u201d, indic\u00f3 Bison\u00f3.<\/p>\n\n\n\n<p><strong>Apoyo a los productores y recuperaci\u00f3n agr\u00edcola<\/strong><\/p>\n\n\n\n<p>Se inform\u00f3 que el Gobierno, a trav\u00e9s del&nbsp;<strong>Ministerio de Agricultura<\/strong>, el Fondo Especial para el Desarrollo Agropecuario&nbsp;<strong>(FEDA)<\/strong>&nbsp;y&nbsp;<strong>Pro Consumidor<\/strong>, trabaja de forma conjunta para respaldar a los productores de las zonas agr\u00edcolas impactadas por las lluvias.<\/p>\n\n\n\n<p>Las acciones se orientan a la recuperaci\u00f3n de cultivos, la normalizaci\u00f3n de la cadena de suministro y la estabilidad de los precios en alimentos b\u00e1sicos como&nbsp;<strong>pl\u00e1tano, arroz, yuca y pollo,<\/strong>&nbsp;garantizando su disponibilidad en todo el pa\u00eds.<\/p>\n\n\n\n<p><strong>Garant\u00eda de abastecimiento para la temporada navide\u00f1a<\/strong><\/p>\n\n\n\n<p>Con la llegada de diciembre, el Gobierno ha dispuesto mantener una estrecha coordinaci\u00f3n con&nbsp;<strong>distribuidores, comerciantes e importadores,<\/strong>&nbsp;con el objetivo de asegurar el flujo continuo de productos en los mercados del pa\u00eds.<\/p>\n\n\n\n<p>Esta medida busca garantizar que los consumidores encuentren la oferta necesaria durante la temporada navide\u00f1a, cuando aumenta la demanda de&nbsp;<strong>alimentos, bebidas y otros bienes<\/strong>&nbsp;esenciales.<\/p>\n\n\n\n<p>Del mismo modo, se procura respaldar la planificaci\u00f3n del sector productivo, brind\u00e1ndole las condiciones necesarias para&nbsp;<strong>responder con eficiencia<\/strong>&nbsp;a las necesidades del mercado interno.<\/p>\n\n\n\n<p>Asimismo, se reforzar\u00e1 el seguimiento t\u00e9cnico de\u00a0<strong>precios e inventarios<\/strong>\u00a0a nivel nacional, mediante reportes peri\u00f3dicos que permitan mantener informada a la ciudadan\u00eda y actuar\u00a0<strong>de manera preventiva<\/strong>\u00a0ante cualquier eventualidad.<\/p>\n\n\n\n<p>Con informaci\u00f3n de la Presidencia de la Rep\u00fablica Dominicana.<\/p>\n","protected":false},"excerpt":{"rendered":"<p>Representantes del sector productivo valoran las medidas adoptadas por el Gobierno para asegurar el abastecimiento y la estabilidad del mercado en la temporada navide\u00f1a. 12 de Noviembre 2025 Santo Domingo, RD.-\u00a0El presidente Luis Abinader\u00a0encabez\u00f3 este mi\u00e9rcoles una reuni\u00f3n de la\u00a0Mesa de Precios y Abastecimiento\u00a0en la que participaron representantes de los sectores\u00a0industrial, agr\u00edcola y comercial,\u00a0con el [&hellip;]<\/p>\n","protected":false},"author":2,"featured_media":648823,"comment_status":"closed","ping_status":"closed","sticky":true,"template":"","format":"standard","meta":{"footnotes":""},"categories":[20,18,27],"tags":[],"class_list":["post-648815","post","type-post","status-publish","format-standard","has-post-thumbnail","hentry","category-dominicana-hoy","category-economia","category-portada"],"_links":{"self":[{"href":"https:\/\/diariodominicano.com\/index.php?rest_route=\/wp\/v2\/posts\/648815","targetHints":{"allow":["GET"]}}],"collection":[{"href":"https:\/\/diariodominicano.com\/index.php?rest_route=\/wp\/v2\/posts"}],"about":[{"href":"https:\/\/diariodominicano.com\/index.php?rest_route=\/wp\/v2\/types\/post"}],"author":[{"embeddable":true,"href":"https:\/\/diariodominicano.com\/index.php?rest_route=\/wp\/v2\/users\/2"}],"replies":[{"embeddable":true,"href":"https:\/\/diariodominicano.com\/index.php?rest_route=%2Fwp%2Fv2%2Fcomments&post=648815"}],"version-history":[{"count":2,"href":"https:\/\/diariodominicano.com\/index.php?rest_route=\/wp\/v2\/posts\/648815\/revisions"}],"predecessor-version":[{"id":648825,"href":"https:\/\/diariodominicano.com\/index.php?rest_route=\/wp\/v2\/posts\/648815\/revisions\/648825"}],"wp:featuredmedia":[{"embeddable":true,"href":"https:\/\/diariodominicano.com\/index.php?rest_route=\/wp\/v2\/media\/648823"}],"wp:attachment":[{"href":"https:\/\/diariodominicano.com\/index.php?rest_route=%2Fwp%2Fv2%2Fmedia&parent=648815"}],"wp:term":[{"taxonomy":"category","embeddable":true,"href":"https:\/\/diariodominicano.com\/index.php?rest_route=%2Fwp%2Fv2%2Fcategories&post=648815"},{"taxonomy":"post_tag","embeddable":true,"href":"https:\/\/diariodominicano.com\/index.php?rest_route=%2Fwp%2Fv2%2Ftags&post=648815"}],"curies":[{"name":"wp","href":"https:\/\/api.w.org\/{rel}","templated":true}]}}