{"id":648802,"date":"2025-11-13T01:44:08","date_gmt":"2025-11-13T05:44:08","guid":{"rendered":"https:\/\/diariodominicano.com\/?p=648802"},"modified":"2025-11-13T01:44:12","modified_gmt":"2025-11-13T05:44:12","slug":"gobierno-entrega-rd-27-millones-para-casa-de-acogida-de-sacerdotes-en-la-diocesis-de-mao-montecristi","status":"publish","type":"post","link":"https:\/\/diariodominicano.com\/?p=648802","title":{"rendered":"Gobierno entrega RD 27 millones para casa de acogida de sacerdotes en la Di\u00f3cesis de Mao-Montecristi"},"content":{"rendered":"\n<h3 class=\"wp-block-heading\"><\/h3>\n\n\n\n<p>12 de Noviembre 2025 | 15:53<\/p>\n\n\n\n<p>Mao, Valverde., RD\u2013 Por disposici\u00f3n del\u00a0<strong>presidente Luis Abinader<\/strong>, el ministro Administrativo de la Presidencia,\u00a0<strong>Andr\u00e9s Bautista Garc\u00eda,<\/strong>\u00a0entreg\u00f3 a la\u00a0<strong>Di\u00f3cesis de Mao-Montecristi<\/strong>\u00a0un aporte de\u00a0<strong>RD 27 millones<\/strong>\u00a0destinado a la adquisici\u00f3n de una casa de acogida para\u00a0<strong>sacerdotes ancianos y enfermos<\/strong>\u00a0que han dedicado su vida al servicio pastoral en la regi\u00f3n.\u00a0<\/p>\n\n\n\n<p>El cheque fue recibido por el obispo&nbsp;<strong>monse\u00f1or Di\u00f3medes Espinal de Le\u00f3n,<\/strong>&nbsp;quien expres\u00f3 su profundo agradecimiento por la sensibilidad del Gobierno hacia esta causa.<\/p>\n\n\n\n<p>El ministro Bautista destac\u00f3 que la iniciativa busca garantizar una&nbsp;<strong>vejez digna<\/strong>&nbsp;a los sacerdotes que han cumplido fielmente su misi\u00f3n espiritual. \u201c<em>El presidente Abinader ha dispuesto estos fondos para apoyar a quienes han servido con entrega a la Iglesia y a la sociedad dominicana<\/em>\u201d, afirm\u00f3, subrayando que esta acci\u00f3n refleja el compromiso del Gobierno con los&nbsp;<strong>valores humanos y la labor pastoral.<\/strong><\/p>\n\n\n\n<figure class=\"wp-block-image\"><img decoding=\"async\" src=\"https:\/\/www.presidencia.gob.do\/sites\/default\/files\/inline-images\/WhatsApp%20Image%202025-11-12%20at%203.41.54%20PM.jpeg\" alt=\"\"\/><\/figure>\n\n\n\n<p>Por su parte, monse\u00f1or Espinal calific\u00f3 la contribuci\u00f3n como&nbsp;<em>\u201cun acto de generosidad y caridad cristiana\u201d,<\/em>&nbsp;resaltando que la obra beneficiar\u00e1 a los religiosos que durante d\u00e9cadas han sido&nbsp;<strong>gu\u00eda y apoyo de miles de familias<\/strong>&nbsp;en las comunidades del Noroeste.&nbsp;<\/p>\n\n\n\n<p>Tambi\u00e9n estuvieron presentes la gobernadora&nbsp;<strong>Marta Collado<\/strong>, el alcalde&nbsp;<strong>Yohendy Jim\u00e9nez Bonilla<\/strong>&nbsp;y representantes del clero local.<\/p>\n\n\n\n<p>La Di\u00f3cesis de Mao-Montecristi agrupa a cat\u00f3licos en las provincias\u00a0<strong>Valverde, Monte Cristi, Santiago Rodr\u00edguez y Dajab\u00f3n,<\/strong>\u00a0y constituye una de las comunidades religiosas\u00a0<strong>m\u00e1s extensas y activas<\/strong>\u00a0del pa\u00eds. Con este respaldo, el Gobierno reafirma su apoyo a las instituciones que promueven la\u00a0<strong>fe, la solidaridad y el bienestar espiritual<\/strong>\u00a0del pueblo dominicano.<\/p>\n\n\n\n<p>Con informaci\u00f3n de la Presidencia de la Rep\u00fablica.<\/p>\n","protected":false},"excerpt":{"rendered":"<p>12 de Noviembre 2025 | 15:53 Mao, Valverde., RD\u2013 Por disposici\u00f3n del\u00a0presidente Luis Abinader, el ministro Administrativo de la Presidencia,\u00a0Andr\u00e9s Bautista Garc\u00eda,\u00a0entreg\u00f3 a la\u00a0Di\u00f3cesis de Mao-Montecristi\u00a0un aporte de\u00a0RD 27 millones\u00a0destinado a la adquisici\u00f3n de una casa de acogida para\u00a0sacerdotes ancianos y enfermos\u00a0que han dedicado su vida al servicio pastoral en la regi\u00f3n.\u00a0 El cheque fue [&hellip;]<\/p>\n","protected":false},"author":2,"featured_media":648805,"comment_status":"closed","ping_status":"closed","sticky":true,"template":"","format":"standard","meta":{"footnotes":""},"categories":[20],"tags":[],"class_list":["post-648802","post","type-post","status-publish","format-standard","has-post-thumbnail","hentry","category-dominicana-hoy"],"_links":{"self":[{"href":"https:\/\/diariodominicano.com\/index.php?rest_route=\/wp\/v2\/posts\/648802","targetHints":{"allow":["GET"]}}],"collection":[{"href":"https:\/\/diariodominicano.com\/index.php?rest_route=\/wp\/v2\/posts"}],"about":[{"href":"https:\/\/diariodominicano.com\/index.php?rest_route=\/wp\/v2\/types\/post"}],"author":[{"embeddable":true,"href":"https:\/\/diariodominicano.com\/index.php?rest_route=\/wp\/v2\/users\/2"}],"replies":[{"embeddable":true,"href":"https:\/\/diariodominicano.com\/index.php?rest_route=%2Fwp%2Fv2%2Fcomments&post=648802"}],"version-history":[{"count":1,"href":"https:\/\/diariodominicano.com\/index.php?rest_route=\/wp\/v2\/posts\/648802\/revisions"}],"predecessor-version":[{"id":648806,"href":"https:\/\/diariodominicano.com\/index.php?rest_route=\/wp\/v2\/posts\/648802\/revisions\/648806"}],"wp:featuredmedia":[{"embeddable":true,"href":"https:\/\/diariodominicano.com\/index.php?rest_route=\/wp\/v2\/media\/648805"}],"wp:attachment":[{"href":"https:\/\/diariodominicano.com\/index.php?rest_route=%2Fwp%2Fv2%2Fmedia&parent=648802"}],"wp:term":[{"taxonomy":"category","embeddable":true,"href":"https:\/\/diariodominicano.com\/index.php?rest_route=%2Fwp%2Fv2%2Fcategories&post=648802"},{"taxonomy":"post_tag","embeddable":true,"href":"https:\/\/diariodominicano.com\/index.php?rest_route=%2Fwp%2Fv2%2Ftags&post=648802"}],"curies":[{"name":"wp","href":"https:\/\/api.w.org\/{rel}","templated":true}]}}