{"id":648754,"date":"2025-11-12T17:52:34","date_gmt":"2025-11-12T21:52:34","guid":{"rendered":"https:\/\/diariodominicano.com\/?p=648754"},"modified":"2025-11-12T17:53:18","modified_gmt":"2025-11-12T21:53:18","slug":"reunion-del-secretario-rubio-con-el-ministro-de-asuntos-exteriores-canadiense-anand","status":"publish","type":"post","link":"https:\/\/diariodominicano.com\/?p=648754","title":{"rendered":"Reuni\u00f3n del secretario Rubio con el ministro de Asuntos Exteriores canadiense, Anand"},"content":{"rendered":"\n<p>Reconoci\u00f3 la participaci\u00f3n de Canad\u00e1 en Hait\u00ed y convers\u00f3 sobre el avance de la Fuerza de Supresi\u00f3n de pandillas en Hait\u00ed.<\/p>\n\n\n\n<p>12 de noviembre de 2025<\/p>\n\n\n\n<p>El secretario de Estado Marco Rubio se reuni\u00f3 con la ministra de Asuntos Exteriores de Canad\u00e1, Anita Anand, en el marco de la cumbre de ministros de Asuntos Exteriores del G7 en Ontario, para dialogar sobre la colaboraci\u00f3n continua en materia de seguridad transatl\u00e1ntica, la regi\u00f3n del Indo-Pac\u00edfico y el fortalecimiento de las cadenas de suministro, inform\u00f3 el mi\u00e9rcoles el subportavoz principal del Departamento de Estado, Tommy Pigott.<\/p>\n\n\n\n<p><\/p>\n\n\n\n<p>  El secretario Rubio tambi\u00e9n reconoci\u00f3 la participaci\u00f3n de Canad\u00e1 en Hait\u00ed y convers\u00f3 sobre el avance de la Fuerza de Supresi\u00f3n de Pandillas en Hait\u00ed.<\/p>\n\n\n\n<p>U.S. Department of State<\/p>\n\n\n\n<p><a target=\"_blank\" href=\"mailto:usstatebpa@public.govdelivery.com\" rel=\"noreferrer noopener\">usstatebpa@public.govdelivery.<\/a><\/p>\n","protected":false},"excerpt":{"rendered":"<p>Reconoci\u00f3 la participaci\u00f3n de Canad\u00e1 en Hait\u00ed y convers\u00f3 sobre el avance de la Fuerza de Supresi\u00f3n de pandillas en Hait\u00ed. 12 de noviembre de 2025 El secretario de Estado Marco Rubio se reuni\u00f3 con la ministra de Asuntos Exteriores de Canad\u00e1, Anita Anand, en el marco de la cumbre de ministros de Asuntos Exteriores [&hellip;]<\/p>\n","protected":false},"author":2,"featured_media":648462,"comment_status":"closed","ping_status":"closed","sticky":true,"template":"","format":"standard","meta":{"footnotes":""},"categories":[112,23],"tags":[],"class_list":["post-648754","post","type-post","status-publish","format-standard","has-post-thumbnail","hentry","category-haiti","category-internacional"],"_links":{"self":[{"href":"https:\/\/diariodominicano.com\/index.php?rest_route=\/wp\/v2\/posts\/648754","targetHints":{"allow":["GET"]}}],"collection":[{"href":"https:\/\/diariodominicano.com\/index.php?rest_route=\/wp\/v2\/posts"}],"about":[{"href":"https:\/\/diariodominicano.com\/index.php?rest_route=\/wp\/v2\/types\/post"}],"author":[{"embeddable":true,"href":"https:\/\/diariodominicano.com\/index.php?rest_route=\/wp\/v2\/users\/2"}],"replies":[{"embeddable":true,"href":"https:\/\/diariodominicano.com\/index.php?rest_route=%2Fwp%2Fv2%2Fcomments&post=648754"}],"version-history":[{"count":2,"href":"https:\/\/diariodominicano.com\/index.php?rest_route=\/wp\/v2\/posts\/648754\/revisions"}],"predecessor-version":[{"id":648756,"href":"https:\/\/diariodominicano.com\/index.php?rest_route=\/wp\/v2\/posts\/648754\/revisions\/648756"}],"wp:featuredmedia":[{"embeddable":true,"href":"https:\/\/diariodominicano.com\/index.php?rest_route=\/wp\/v2\/media\/648462"}],"wp:attachment":[{"href":"https:\/\/diariodominicano.com\/index.php?rest_route=%2Fwp%2Fv2%2Fmedia&parent=648754"}],"wp:term":[{"taxonomy":"category","embeddable":true,"href":"https:\/\/diariodominicano.com\/index.php?rest_route=%2Fwp%2Fv2%2Fcategories&post=648754"},{"taxonomy":"post_tag","embeddable":true,"href":"https:\/\/diariodominicano.com\/index.php?rest_route=%2Fwp%2Fv2%2Ftags&post=648754"}],"curies":[{"name":"wp","href":"https:\/\/api.w.org\/{rel}","templated":true}]}}